{"id":32124,"date":"2019-08-22T07:00:46","date_gmt":"2019-08-22T03:00:46","guid":{"rendered":"http:\/\/edebiyyat-az.com\/?p=32124"},"modified":"2019-08-22T09:05:53","modified_gmt":"2019-08-22T05:05:53","slug":"%c9%99ziz-musa-c%c9%99brayil","status":"publish","type":"post","link":"https:\/\/edebiyyat-az.com\/?p=32124","title":{"rendered":"\u018fziz MUSA.&#8221;C\u0259bray\u0131l&#8221;"},"content":{"rendered":"<p><a href=\"http:\/\/edebiyyat-az.com\/wp-content\/uploads\/2015\/07\/em.jpg\"><img loading=\"lazy\" decoding=\"async\" src=\"http:\/\/edebiyyat-az.com\/wp-content\/uploads\/2015\/07\/em.jpg\" alt=\"em\" width=\"220\" height=\"257\" class=\"alignnone size-full wp-image-13434\" \/><\/a><\/p>\n<p><strong>Az\u0259rbaycan Yaz\u0131\u00e7\u0131lar v\u0259 Jurnalistl\u0259r Birlikl\u0259rinin \u00fczv\u00fc,<br \/>\n\u201c\u0130lham \u00e7e\u015fm\u0259si\u201d q\u0259zetinin t\u0259sis\u00e7isi v\u0259 ba\u015f redaktoru,<br \/>\nAz\u0259rbaycan Respublikas\u0131 Prezidentinin T\u0259qa\u00fcd Fondunun t\u0259qa\u00fcd\u00e7\u00fcs\u00fc<\/strong><\/p>\n<p>S\u0259ni t\u0259k-t\u0259nha qoyduq,<br \/>\nYa\u011f\u0131lar\u0131n \u0259lind\u0259,<br \/>\nG\u00f6r kiml\u0259r at oynad\u0131r,<br \/>\n\u0130gidl\u0259rin elind\u0259,<br \/>\n\u0130ndi ah-nal\u0259 bitib,<br \/>\nK\u00f6\u00e7k\u00fcnl\u0259rin dilind\u0259,<br \/>\nS\u0259nd\u0259n ayr\u0131 neyl\u0259y\u0259k,<br \/>\nH\u0259sr\u0259t\u0259 d\u00f6zm\u00fcr \u00fcr\u0259k,<br \/>\nC\u0259bray\u0131l, ay C\u0259bray\u0131l.<\/p>\n<p>Neyl\u0259yir Xan \u00e7inar\u0131m,<br \/>\nGur bulaqlar ax\u0131rm\u0131?<br \/>\nYen\u0259 A\u011fo\u011flan da\u011f\u0131<br \/>\nM\u0259\u011frur-m\u0259\u011frur bax\u0131rm\u0131?<br \/>\nTey da\u011f\u0131nda, Qalada,<br \/>\n\u0130ld\u0131r\u0131mlar \u00e7ax\u0131rm\u0131?<br \/>\nYazda \u0259lvan don gey\u0259n,<br \/>\nNec\u0259dir g\u00f6z\u0259l G\u0259y\u0259n?<br \/>\nC\u0259bray\u0131l, ay C\u0259bray\u0131l.<\/p>\n<p>Diri da\u011fda b\u0259n\u00f6v\u015f\u0259,<br \/>\nSaral\u0131bm\u0131, solubmu7<br \/>\nTopca\u011fda ba\u011f\u00e7a-ba\u011f\u0131m,<br \/>\nG\u00f6r\u0259n talan olubmu?<br \/>\n\u015ei\u015fqayan\u0131n h\u0259sr\u0259td\u0259n,<br \/>\nG\u00f6z\u00fc ya\u015fla dolubmu?<br \/>\nS\u00f6n\u00fcbd\u00fcm\u00fc od-ocaq,<br \/>\nSusubdumu Da\u015f bulaq?<br \/>\nC\u0259bray\u0131l, ay C\u0259bray\u0131l.<\/p>\n<p>Xan Araz\u0131m a\u011flay\u0131r,<br \/>\nXudaf\u0259rin g\u00fclm\u0259yir,<br \/>\nZiyaratdan \u0259s\u0259n meh,<br \/>\nMil, Mu\u011fana g\u0259lm\u0259yir,<br \/>\n\u018fziz Musa n\u0259 \u00e7\u0259kir,<br \/>\nHe\u00e7 f\u0259l\u0259k d\u0259 bilm\u0259yir,<br \/>\nHan\u0131 do\u011fma yurd yuva,<br \/>\nHan\u0131 o su, o hava7<br \/>\nC\u0259bray\u0131l, ay C\u0259bray\u0131l,<\/p>\n","protected":false},"excerpt":{"rendered":"<p>Az\u0259rbaycan Yaz\u0131\u00e7\u0131lar v\u0259 Jurnalistl\u0259r Birlikl\u0259rinin \u00fczv\u00fc, \u201c\u0130lham \u00e7e\u015fm\u0259si\u201d q\u0259zetinin t\u0259sis\u00e7isi v\u0259 ba\u015f redaktoru, Az\u0259rbaycan Respublikas\u0131 Prezidentinin T\u0259qa\u00fcd Fondunun t\u0259qa\u00fcd\u00e7\u00fcs\u00fc S\u0259ni t\u0259k-t\u0259nha qoyduq, Ya\u011f\u0131lar\u0131n \u0259lind\u0259, G\u00f6r kiml\u0259r at oynad\u0131r, \u0130gidl\u0259rin elind\u0259, \u0130ndi ah-nal\u0259 bitib, K\u00f6\u00e7k\u00fcnl\u0259rin dilind\u0259, S\u0259nd\u0259n ayr\u0131 neyl\u0259y\u0259k, H\u0259sr\u0259t\u0259 d\u00f6zm\u00fcr \u00fcr\u0259k, C\u0259bray\u0131l, ay C\u0259bray\u0131l. Neyl\u0259yir Xan \u00e7inar\u0131m, Gur bulaqlar ax\u0131rm\u0131? Yen\u0259 A\u011fo\u011flan da\u011f\u0131 M\u0259\u011frur-m\u0259\u011frur bax\u0131rm\u0131? [&hellip;]<\/p>\n","protected":false},"author":2,"featured_media":0,"comment_status":"open","ping_status":"open","sticky":false,"template":"","format":"standard","meta":{"footnotes":""},"categories":[4],"tags":[],"class_list":["post-32124","post","type-post","status-publish","format-standard","hentry","category-edeb"],"_links":{"self":[{"href":"https:\/\/edebiyyat-az.com\/index.php?rest_route=\/wp\/v2\/posts\/32124","targetHints":{"allow":["GET"]}}],"collection":[{"href":"https:\/\/edebiyyat-az.com\/index.php?rest_route=\/wp\/v2\/posts"}],"about":[{"href":"https:\/\/edebiyyat-az.com\/index.php?rest_route=\/wp\/v2\/types\/post"}],"author":[{"embeddable":true,"href":"https:\/\/edebiyyat-az.com\/index.php?rest_route=\/wp\/v2\/users\/2"}],"replies":[{"embeddable":true,"href":"https:\/\/edebiyyat-az.com\/index.php?rest_route=%2Fwp%2Fv2%2Fcomments&post=32124"}],"version-history":[{"count":1,"href":"https:\/\/edebiyyat-az.com\/index.php?rest_route=\/wp\/v2\/posts\/32124\/revisions"}],"predecessor-version":[{"id":32125,"href":"https:\/\/edebiyyat-az.com\/index.php?rest_route=\/wp\/v2\/posts\/32124\/revisions\/32125"}],"wp:attachment":[{"href":"https:\/\/edebiyyat-az.com\/index.php?rest_route=%2Fwp%2Fv2%2Fmedia&parent=32124"}],"wp:term":[{"taxonomy":"category","embeddable":true,"href":"https:\/\/edebiyyat-az.com\/index.php?rest_route=%2Fwp%2Fv2%2Fcategories&post=32124"},{"taxonomy":"post_tag","embeddable":true,"href":"https:\/\/edebiyyat-az.com\/index.php?rest_route=%2Fwp%2Fv2%2Ftags&post=32124"}],"curies":[{"name":"wp","href":"https:\/\/api.w.org\/{rel}","templated":true}]}}