{"id":32160,"date":"2019-08-28T08:00:10","date_gmt":"2019-08-28T04:00:10","guid":{"rendered":"http:\/\/edebiyyat-az.com\/?p=32160"},"modified":"2019-08-28T08:24:57","modified_gmt":"2019-08-28T04:24:57","slug":"yazar-munevver-hanim-duverin-dogum-gununu-kutluyoruz-agustos","status":"publish","type":"post","link":"https:\/\/edebiyyat-az.com\/?p=32160","title":{"rendered":"Yazar M\u00fcnevver han\u0131m D\u00fcverin do\u011fum g\u00fcn\u00fcn\u00fc kutluyoruz! (A\u011fustos)"},"content":{"rendered":"<p><a href=\"http:\/\/edebiyyat-az.com\/wp-content\/uploads\/2019\/08\/32671981_2178858202130078_5477943164973088768_n.jpg\"><img loading=\"lazy\" decoding=\"async\" src=\"http:\/\/edebiyyat-az.com\/wp-content\/uploads\/2019\/08\/32671981_2178858202130078_5477943164973088768_n-300x214.jpg\" alt=\"\" width=\"300\" height=\"214\" class=\"alignnone size-medium wp-image-32161\" \/><\/a><\/p>\n<p>M\u00fcnevver D\u00fcver K\u0131sa \u00d6z Ge\u00e7mi\u015f<br \/>\nOrta Asya T\u00fcrk\u00fc olan Bozoklar, 24 o\u011fuz boylar\u0131ndan, Y\u0131ld\u0131zhan\u0432\u0402\u2122\u0131n Av\u015far boyundan olup Orta Asya\u0432\u0402\u2122n\u0131n hazar denizi k\u0131y\u0131s\u0131ndan Horasan yolu ile Anadolu ya gelmi\u015flerdir. Bu b\u00fcy\u00fck g\u00f6\u00e7te aile Kadirli, Kozan, Adana, \u00c7ukurova ya yerle\u015fmi\u015ftir. Kalabal\u0131k bir n\u00fcfusa sahip olan ailedeki bir\u00e7ok ki\u015fide sanat\u00e7\u0131 ruhu vard\u0131r. \u0415\u045bair olan anneanne ve anne buna bir \u00f6rnektir.<br \/>\nM\u00fcnevver D\u00fcver Adana\u0432\u0402\u2122da do\u011fdu. \u0130lk \u015fiirini be\u015f ya\u015f\u0131nda yazd\u0131. Azerbaycan Gazete\u00e7iler Birli\u011fi Sumqay\u0131t \u015fehir te\u015fkilat\u0131n\u0131n G\u00fcnl\u00fck Analitik Haber Ajans\u0131 T\u00fcrkiye temsilcisi Azerbaycan\u0131n K\u00fclt\u00fcr ve Edebiyat Portal\u0131n\u0131n T\u00fcrkiye temsilcisidir.<\/p>\n<p>T\u00fcrkiye\u0432\u0402\u2122m 2<\/p>\n<p>G\u00f6n\u00fclden g\u00f6n\u00fcle ge\u00e7en yol vard\u0131r<br \/>\nAy y\u0131ld\u0131z a\u015fk\u0131yla birsin T\u00fcrkiye\u0432\u0402\u2122m<br \/>\nD\u00fcnyada her \u0131rkla dost ile yard\u0131r<br \/>\nKahraman ordunla ersin T\u00fcrkiye\u0432\u0402\u2122m<\/p>\n<p>Asya, Avrupa\u0432\u0402\u2122y\u0131 b\u00f6len c\u0131vans\u0131n<br \/>\nOsmanl\u0131\u0432\u0402\u2122dan kalan yadig\u0413\u045er hans\u0131n<br \/>\nAvrupa Birli\u011fi senden utans\u0131n<br \/>\nDenizlerle co\u015fan yersin T\u00fcrkiye\u0432\u0402\u2122m<\/p>\n<p>K\u00fclt\u00fcr\u00fcn, Tarihin \u00f6z\u00fcn bellidir<br \/>\nDa\u011f\u0131n, g\u00f6l\u00fcn, ovan, d\u00fcz\u00fcn bellidir<br \/>\nAyda d\u00f6rt mevsimin, g\u00fcz\u00fcn bellidir<br \/>\nB\u00fct\u00fcn d\u00fcnyaya de\u011fersin T\u00fcrkiye\u0432\u0402\u2122m<\/p>\n<p>Yedi b\u00f6lgen turistlerin yata\u011f\u0131<br \/>\nSeksen bir ilin farkl\u0131 s\u0131ca\u011f\u0131<br \/>\n\u0130nsanlar\u0131n kalbi sevgi ota\u011f\u0131<br \/>\nG\u00f6n\u00fcl taht\u0131na binersin T\u00fcrkiye\u0432\u0402\u2122m<\/p>\n<p>Atat\u00fcrk kurdu bu cumhuriyeti<br \/>\nBa\u015f\u0131na getirdi asil milleti<br \/>\nDemokrasi verdi ve h\u00fcrriyeti<br \/>\nG\u00f6zlerimde hep se\u011fersin T\u00fcrkiye\u0432\u0402\u2122m<\/p>\n<p>21.12.2010-Adana<\/p>\n<p>Topra\u011f\u0131m Azerbaycan<\/p>\n<p>Hasretinle doluyum ben<br \/>\nAzerbaycan Azerbaycan.<br \/>\n\u00d6zlemlerin yoluyum ben<br \/>\nAzerbaycan Azerbaycan.<\/p>\n<p>Her zaman seni anar\u0131m<br \/>\nHasretin ile yanar\u0131m<br \/>\nBudur benim son karar\u0131m<br \/>\nAzerbaycan Azerbaycan.<\/p>\n<p>T\u00fcrk\u0432\u0402\u2122\u00fcn \u00fclk\u00fcs\u00fc sen oldun<br \/>\nCan oldun g\u00f6nl\u00fcme doldun<br \/>\n\u00d6zg\u00fcrl\u00fc\u011f\u00fc sonra buldun<br \/>\nAzerbaycan Azerbaycan.<\/p>\n<p>Yol oldun g\u00f6n\u00fcl \u00e7ar\u015f\u0131ma<br \/>\nNur oldun ulu mar\u015f\u0131ma<br \/>\nSevgisin y\u00fcce ar\u015f\u0131ma<br \/>\nAzerbaycan Azerbaycan.<\/p>\n<p>Sen yak\u0131nda, ben uzakta<br \/>\nSensiz y\u00fcre\u011fim tuzakta<br \/>\nBayra\u011f\u0131n her an kucakta<br \/>\nAzerbaycan Azerbaycan.<\/p>\n<p>Her zaman seni d\u00fc\u015flerim<br \/>\nSeni g\u00f6nl\u00fcmde s\u00fcslerim<br \/>\nKalbimde seni beslerim<br \/>\nAzerbaycan Azerbaycan.<\/p>\n<p>Topra\u011f\u0131n kokusu gelir<br \/>\nKokusu ba\u011fr\u0131m\u0131 deler<br \/>\nG\u00f6zya\u015f\u0131m\u0131 sele eler<br \/>\nAzerbaycan Azerbaycan.<\/p>\n<p>M\u00fcnevver, G\u00fcneyin K\u0131z\u0131<br \/>\nDinmez ba\u011fr\u0131mdaki s\u0131z\u0131<br \/>\nMevl\u0413\u045e\u0432\u0402\u2122m ay\u0131rmas\u0131n bizi<br \/>\nAzerbaycan Azerbaycan.<\/p>\n<p>Yedi Devlet Bir Millet\u0432\u0402\u2122in Sultanlar\u0131<\/p>\n<p>Bu cihanda T\u00fcrkl\u00fck \u015fan\u0131n\u0131 g\u00f6rd\u00fc<br \/>\nYedi devlet bir millet\u0432\u0402\u2122in sultanlar\u0131.<br \/>\nD\u00fcnyada insanl\u0131k h\u00fckm\u00fcn\u00fc s\u00fcrd\u00fc<br \/>\nYedi devlet bir millet\u0432\u0402\u2122in sultanlar\u0131.<\/p>\n<p>Mahtumgul\u0131 Fira\u011fi T\u00fcrkmen \u015fair<br \/>\nMutasavv\u0131f ilmi insana dair<br \/>\nBahtiyar Vahapzade yazd\u0131 \u015fiir<br \/>\nYedi devlet bir millet\u0432\u0402\u2122in sultanlar\u0131.<\/p>\n<p>Ahmet Yesevi evrende nam sald\u0131<br \/>\nPir-i T\u00fcrkistan\u0432\u0402\u2122\u0131n \u015fairi oldu<br \/>\nHac\u0131 Bekta\u015f, Yunus feyziyle doldu<br \/>\nYedi devlet bir millet\u0432\u0402\u2122in sultanlar\u0131.<\/p>\n<p>Ali \u0415\u045bir Nevai \u00d6zbek\u0432\u0402\u2122in piri<br \/>\nCengi Aytmatov g\u00f6n\u00fcllerde diri<br \/>\nDenkta\u015f, Nihat Asya bizlerden biri<br \/>\nYedi devlet bir millet\u0432\u0402\u2122in sultanlar\u0131.<\/p>\n<p>27.12.2010-Adana<\/p>\n<p>Ahmet Yesevi<\/p>\n<p>Yesi \u00fclkesine bir g\u00fcne\u015f do\u011fdu<br \/>\nT\u00fcrkistan\u0432\u0402\u2122n\u0131n piri Ahmet Yesevi<br \/>\nYalan\u0131, yanl\u0131\u015f\u0131 ilmiyle bo\u011fdu<br \/>\nT\u00fcrkistan\u0432\u0402\u2122\u0131n miri Ahmet Yesevi<\/p>\n<p>Buhara\u0432\u0402\u2122yd\u0131 ilim, irfan merkezi<br \/>\nS\u0131cak y\u00fcre\u011fiyle sard\u0131 herkesi<br \/>\nD\u00fcnyaya duyurdu T\u00fcrkistan sesi<br \/>\nKainatta iri Ahmet Yesevi<\/p>\n<p>Hac\u0131 Bekta\u015f, Yunus Emre, Mevl\u0413\u045ena<br \/>\nFeyz al\u0131p da\u011f\u0131tt\u0131 kalpten her yana<br \/>\n\u0130ki bin y\u0131l \u00f6nceden ta bu yana<br \/>\nG\u00f6n\u00fcllerde biri Ahmet Yesevi<\/p>\n<p>Pir-i T\u00fcrkistan\u0432\u0402\u2122\u0131n \u015fairi, veli<br \/>\nD\u00f6rt kap\u0131, k\u0131rk makama de\u011fmi\u015f eli<br \/>\nY\u00fcz yirmi ya\u015f sonra seherin yeli<br \/>\nYaratan\u0131n eri Ahmet Yesevi<\/p>\n<p>16.12.2010-Adana<\/p>\n<p>Ali \u0415\u045bir Nevai<\/p>\n<p>\u00d6zbekistan d\u00fcnyas\u0131n\u0131n \u015fairi<br \/>\nAltun y\u00fcrekli Ali \u0415\u045bir Nevai<br \/>\nBe\u015f y\u00fcz y\u0131ldan beri olmu\u015f ahiri<br \/>\nG\u00fc\u00e7l\u00fc bilekli Ali \u0415\u045bir Nevai<\/p>\n<p>Rus, Uygur, Ermeni\u0432\u0402\u2122ler seni anar<br \/>\nAzeri, Tatar\u0432\u0402\u2122lar \u00f6z\u00fcne yanar<br \/>\nT\u00fcrkmenler, \u00d6zbekler s\u00f6z\u00fcne kanar<br \/>\nEli kalemli Ali \u0415\u045bir Nevai<\/p>\n<p>T\u00fcrk dilinde \u00f6nc\u00fc, yoluyla yoldu<br \/>\n\u0130nsan sevgisiyle a\u015f\u0131n\u0131 b\u00f6ld\u00fc<br \/>\nAfganistan, Herat oradan geldi<br \/>\nHorasan \u0413\u045elimi Ali \u0415\u045bir Nevai<\/p>\n<p>Babas\u0131 Vezir, Timur\u0432\u0402\u2122un meliki<br \/>\nO bir m\u00fch\u00fcrdar, Vezir, Vali idi<br \/>\nBin bey y\u00fcz bir y\u0131l\u0131nda vefat etti<br \/>\nFani mahlasl\u0131 Ali \u0415\u045bir Nevai<\/p>\n<p>22.12.2010-Adana<\/p>\n","protected":false},"excerpt":{"rendered":"<p>M\u00fcnevver D\u00fcver K\u0131sa \u00d6z Ge\u00e7mi\u015f Orta Asya T\u00fcrk\u00fc olan Bozoklar, 24 o\u011fuz boylar\u0131ndan, Y\u0131ld\u0131zhan\u0432\u0402\u2122\u0131n Av\u015far boyundan olup Orta Asya\u0432\u0402\u2122n\u0131n hazar denizi k\u0131y\u0131s\u0131ndan Horasan yolu ile Anadolu ya gelmi\u015flerdir. Bu b\u00fcy\u00fck g\u00f6\u00e7te aile Kadirli, Kozan, Adana, \u00c7ukurova ya yerle\u015fmi\u015ftir. Kalabal\u0131k bir n\u00fcfusa sahip olan ailedeki bir\u00e7ok ki\u015fide sanat\u00e7\u0131 ruhu vard\u0131r. \u0415\u045bair olan anneanne ve anne buna [&hellip;]<\/p>\n","protected":false},"author":2,"featured_media":0,"comment_status":"open","ping_status":"open","sticky":false,"template":"","format":"standard","meta":{"footnotes":""},"categories":[40],"tags":[],"class_list":["post-32160","post","type-post","status-publish","format-standard","hentry","category-ajbsumqayit"],"_links":{"self":[{"href":"https:\/\/edebiyyat-az.com\/index.php?rest_route=\/wp\/v2\/posts\/32160","targetHints":{"allow":["GET"]}}],"collection":[{"href":"https:\/\/edebiyyat-az.com\/index.php?rest_route=\/wp\/v2\/posts"}],"about":[{"href":"https:\/\/edebiyyat-az.com\/index.php?rest_route=\/wp\/v2\/types\/post"}],"author":[{"embeddable":true,"href":"https:\/\/edebiyyat-az.com\/index.php?rest_route=\/wp\/v2\/users\/2"}],"replies":[{"embeddable":true,"href":"https:\/\/edebiyyat-az.com\/index.php?rest_route=%2Fwp%2Fv2%2Fcomments&post=32160"}],"version-history":[{"count":1,"href":"https:\/\/edebiyyat-az.com\/index.php?rest_route=\/wp\/v2\/posts\/32160\/revisions"}],"predecessor-version":[{"id":32162,"href":"https:\/\/edebiyyat-az.com\/index.php?rest_route=\/wp\/v2\/posts\/32160\/revisions\/32162"}],"wp:attachment":[{"href":"https:\/\/edebiyyat-az.com\/index.php?rest_route=%2Fwp%2Fv2%2Fmedia&parent=32160"}],"wp:term":[{"taxonomy":"category","embeddable":true,"href":"https:\/\/edebiyyat-az.com\/index.php?rest_route=%2Fwp%2Fv2%2Fcategories&post=32160"},{"taxonomy":"post_tag","embeddable":true,"href":"https:\/\/edebiyyat-az.com\/index.php?rest_route=%2Fwp%2Fv2%2Ftags&post=32160"}],"curies":[{"name":"wp","href":"https:\/\/api.w.org\/{rel}","templated":true}]}}