{"id":32168,"date":"2019-08-28T05:00:06","date_gmt":"2019-08-28T01:00:06","guid":{"rendered":"http:\/\/edebiyyat-az.com\/?p=32168"},"modified":"2019-08-28T14:07:31","modified_gmt":"2019-08-28T10:07:31","slug":"%c9%99ziz-musa-sevgid%c9%99n-o-yana","status":"publish","type":"post","link":"https:\/\/edebiyyat-az.com\/?p=32168","title":{"rendered":"\u018fziz MUSA.&#8221;Sevgid\u0259n o yana&#8221;"},"content":{"rendered":"<p><a href=\"http:\/\/edebiyyat-az.com\/wp-content\/uploads\/2015\/07\/em.jpg\"><img loading=\"lazy\" decoding=\"async\" src=\"http:\/\/edebiyyat-az.com\/wp-content\/uploads\/2015\/07\/em.jpg\" alt=\"em\" width=\"220\" height=\"257\" class=\"alignnone size-full wp-image-13434\" \/><\/a><\/p>\n<p><strong>Az\u0259rbaycan Yaz\u0131\u00e7\u0131lar v\u0259 Jurnalistl\u0259r Birlikl\u0259rinin \u00fczv\u00fc,<br \/>\n\u201c\u0130lham \u00e7e\u015fm\u0259si\u201d q\u0259zetinin t\u0259sis\u00e7isi v\u0259 ba\u015f redaktoru,<br \/>\nAz\u0259rbaycan Respublikas\u0131 Prezidentinin T\u0259qa\u00fcd Fondunun t\u0259qa\u00fcd\u00e7\u00fcs\u00fc<\/strong><\/p>\n<p>\u00dcr\u0259kl\u0259r al\u0131\u015f\u0131b yans\u0131n odlara,<br \/>\nM\u0259h\u0259bb\u0259t deyilmir h\u0259r sevdalara,<br \/>\nN\u0259qm\u0259 qo\u015fulacaq t\u0259z\u0259 adlara,<br \/>\nSevgid\u0259n o yana, yaland\u0131 d\u00fcnya.<\/p>\n<p>Ax\u0131 h\u0259r yanana K\u0259r\u0259m demril\u0259r,<br \/>\nSevgiy\u0259 ba\u011fl\u0131d\u0131 b\u00fct\u00fcn \u00f6m\u00fcrl\u0259r,<br \/>\n\u00dcr\u0259y\u0259, sevgiy\u0259 olmur \u0259mrl\u0259r,<br \/>\nSevgid\u0259n o yana, yaland\u0131 d\u00fcnya.<\/p>\n<p>D\u00fcnyan\u0131n h\u0259r \u00fcz\u00fc sevgidi el\u0259,<br \/>\nM\u0259cnunlar, leylil\u0259r d\u00fc\u015f\u00fcbd\u00fc dil\u0259,<br \/>\nSevgi dastanlar\u0131 bitm\u0259yib h\u0259l\u0259,<br \/>\nSevgid\u0259n o yana, yaland\u0131 d\u00fcnya.<\/p>\n<p>Sevgiyl\u0259 yaran\u0131b d\u00fcnya \u00f6z\u00fc d\u0259,<br \/>\nSevgiyl\u0259 s\u0131nay\u0131r Tanr\u0131 bizi d\u0259,<br \/>\nE\u015fq olub g\u00f6yl\u0259in \u0259z\u0259l s\u00f6z\u00fc d\u0259,<br \/>\nSevgid\u0259n o yana, yaland\u0131 d\u00fcnya.<\/p>\n<p>N\u0259ni q\u0131namay\u0131n e\u015fq \u00fc\u00e7\u00fcn bar\u0131,<br \/>\n\u00dcr\u0259kd\u0259n ist\u0259y\u0259 g\u0259r\u0259k yar yar\u0131,<br \/>\nM\u0259h\u0259bb\u0259t yox is\u0259 neynir\u0259m var\u0131,<br \/>\nSevgid\u0259n o yana, yaland\u0131 d\u00fcnya.<\/p>\n","protected":false},"excerpt":{"rendered":"<p>Az\u0259rbaycan Yaz\u0131\u00e7\u0131lar v\u0259 Jurnalistl\u0259r Birlikl\u0259rinin \u00fczv\u00fc, \u201c\u0130lham \u00e7e\u015fm\u0259si\u201d q\u0259zetinin t\u0259sis\u00e7isi v\u0259 ba\u015f redaktoru, Az\u0259rbaycan Respublikas\u0131 Prezidentinin T\u0259qa\u00fcd Fondunun t\u0259qa\u00fcd\u00e7\u00fcs\u00fc \u00dcr\u0259kl\u0259r al\u0131\u015f\u0131b yans\u0131n odlara, M\u0259h\u0259bb\u0259t deyilmir h\u0259r sevdalara, N\u0259qm\u0259 qo\u015fulacaq t\u0259z\u0259 adlara, Sevgid\u0259n o yana, yaland\u0131 d\u00fcnya. Ax\u0131 h\u0259r yanana K\u0259r\u0259m demril\u0259r, Sevgiy\u0259 ba\u011fl\u0131d\u0131 b\u00fct\u00fcn \u00f6m\u00fcrl\u0259r, \u00dcr\u0259y\u0259, sevgiy\u0259 olmur \u0259mrl\u0259r, Sevgid\u0259n o yana, yaland\u0131 d\u00fcnya. D\u00fcnyan\u0131n [&hellip;]<\/p>\n","protected":false},"author":2,"featured_media":0,"comment_status":"open","ping_status":"open","sticky":false,"template":"","format":"standard","meta":{"footnotes":""},"categories":[4],"tags":[],"class_list":["post-32168","post","type-post","status-publish","format-standard","hentry","category-edeb"],"_links":{"self":[{"href":"https:\/\/edebiyyat-az.com\/index.php?rest_route=\/wp\/v2\/posts\/32168","targetHints":{"allow":["GET"]}}],"collection":[{"href":"https:\/\/edebiyyat-az.com\/index.php?rest_route=\/wp\/v2\/posts"}],"about":[{"href":"https:\/\/edebiyyat-az.com\/index.php?rest_route=\/wp\/v2\/types\/post"}],"author":[{"embeddable":true,"href":"https:\/\/edebiyyat-az.com\/index.php?rest_route=\/wp\/v2\/users\/2"}],"replies":[{"embeddable":true,"href":"https:\/\/edebiyyat-az.com\/index.php?rest_route=%2Fwp%2Fv2%2Fcomments&post=32168"}],"version-history":[{"count":1,"href":"https:\/\/edebiyyat-az.com\/index.php?rest_route=\/wp\/v2\/posts\/32168\/revisions"}],"predecessor-version":[{"id":32172,"href":"https:\/\/edebiyyat-az.com\/index.php?rest_route=\/wp\/v2\/posts\/32168\/revisions\/32172"}],"wp:attachment":[{"href":"https:\/\/edebiyyat-az.com\/index.php?rest_route=%2Fwp%2Fv2%2Fmedia&parent=32168"}],"wp:term":[{"taxonomy":"category","embeddable":true,"href":"https:\/\/edebiyyat-az.com\/index.php?rest_route=%2Fwp%2Fv2%2Fcategories&post=32168"},{"taxonomy":"post_tag","embeddable":true,"href":"https:\/\/edebiyyat-az.com\/index.php?rest_route=%2Fwp%2Fv2%2Ftags&post=32168"}],"curies":[{"name":"wp","href":"https:\/\/api.w.org\/{rel}","templated":true}]}}