{"id":32170,"date":"2019-08-28T06:00:48","date_gmt":"2019-08-28T02:00:48","guid":{"rendered":"http:\/\/edebiyyat-az.com\/?p=32170"},"modified":"2019-08-28T14:08:02","modified_gmt":"2019-08-28T10:08:02","slug":"%c9%99ziz-musa-g%c9%99ldin","status":"publish","type":"post","link":"https:\/\/edebiyyat-az.com\/?p=32170","title":{"rendered":"\u018fziz MUSA.&#8221;G\u0259ldin&#8221;"},"content":{"rendered":"<p><a href=\"http:\/\/edebiyyat-az.com\/wp-content\/uploads\/2015\/07\/em.jpg\"><img loading=\"lazy\" decoding=\"async\" src=\"http:\/\/edebiyyat-az.com\/wp-content\/uploads\/2015\/07\/em.jpg\" alt=\"em\" width=\"220\" height=\"257\" class=\"alignnone size-full wp-image-13434\" \/><\/a><\/p>\n<p><strong>Az\u0259rbaycan Yaz\u0131\u00e7\u0131lar v\u0259 Jurnalistl\u0259r Birlikl\u0259rinin \u00fczv\u00fc,<br \/>\n\u201c\u0130lham \u00e7e\u015fm\u0259si\u201d q\u0259zetinin t\u0259sis\u00e7isi v\u0259 ba\u015f redaktoru,<br \/>\nAz\u0259rbaycan Respublikas\u0131 Prezidentinin T\u0259qa\u00fcd Fondunun t\u0259qa\u00fcd\u00e7\u00fcs\u00fc<\/strong><\/p>\n<p>El\u0259 ki, \u00f6mr\u00fcm\u0259, g\u00fcn\u00fcm\u0259 g\u0259ldin,<br \/>\nE\u015fqinin oduna ruhum al\u0131\u015fd\u0131,<br \/>\nQ\u0259lbim\u0259, k\u00f6nl\u00fcm\u0259 hakim k\u0259sildin,<br \/>\nSevincim , ist\u0259yim ba\u015f\u0131mdan a\u015fd\u0131.<\/p>\n<p>M\u0259n s\u0259ni g\u00f6r\u0259nd\u0259n ey nazl\u0131 p\u0259ri,<br \/>\nS\u0259n oldun dilimd\u0259 \u0259n \u015firin s\u00f6z\u00fcm,<br \/>\nA\u00e7\u0131ld\u0131 \u00f6mr\u00fcm\u00fcn t\u0259z\u0259 s\u0259h\u0259ri,<br \/>\n\u00c7\u0259m\u0259nd\u0259n, \u00e7i\u00e7\u0259kd\u0259n \u00e7\u0259kildi g\u00f6z\u00fcm.<\/p>\n<p>G\u00f6z\u00fcnd\u0259n g\u00f6z\u00fcm\u00fc \u00e7\u0259k\u0259 bilmir\u0259m,<br \/>\nB\u0259xtimin g\u00fcn\u0259\u015fi nur sa\u00e7\u0131r indi,<br \/>\nS\u0259n varsan q\u0259lbimd\u0259n \u00e7\u0259kilib d\u0259rd, q\u0259m,<br \/>\nTay el\u0259 bilir\u0259m yer, g\u00f6y m\u0259nimdi,<\/p>\n","protected":false},"excerpt":{"rendered":"<p>Az\u0259rbaycan Yaz\u0131\u00e7\u0131lar v\u0259 Jurnalistl\u0259r Birlikl\u0259rinin \u00fczv\u00fc, \u201c\u0130lham \u00e7e\u015fm\u0259si\u201d q\u0259zetinin t\u0259sis\u00e7isi v\u0259 ba\u015f redaktoru, Az\u0259rbaycan Respublikas\u0131 Prezidentinin T\u0259qa\u00fcd Fondunun t\u0259qa\u00fcd\u00e7\u00fcs\u00fc El\u0259 ki, \u00f6mr\u00fcm\u0259, g\u00fcn\u00fcm\u0259 g\u0259ldin, E\u015fqinin oduna ruhum al\u0131\u015fd\u0131, Q\u0259lbim\u0259, k\u00f6nl\u00fcm\u0259 hakim k\u0259sildin, Sevincim , ist\u0259yim ba\u015f\u0131mdan a\u015fd\u0131. M\u0259n s\u0259ni g\u00f6r\u0259nd\u0259n ey nazl\u0131 p\u0259ri, S\u0259n oldun dilimd\u0259 \u0259n \u015firin s\u00f6z\u00fcm, A\u00e7\u0131ld\u0131 \u00f6mr\u00fcm\u00fcn t\u0259z\u0259 s\u0259h\u0259ri, \u00c7\u0259m\u0259nd\u0259n, \u00e7i\u00e7\u0259kd\u0259n [&hellip;]<\/p>\n","protected":false},"author":2,"featured_media":0,"comment_status":"open","ping_status":"open","sticky":false,"template":"","format":"standard","meta":{"footnotes":""},"categories":[4],"tags":[],"class_list":["post-32170","post","type-post","status-publish","format-standard","hentry","category-edeb"],"_links":{"self":[{"href":"https:\/\/edebiyyat-az.com\/index.php?rest_route=\/wp\/v2\/posts\/32170","targetHints":{"allow":["GET"]}}],"collection":[{"href":"https:\/\/edebiyyat-az.com\/index.php?rest_route=\/wp\/v2\/posts"}],"about":[{"href":"https:\/\/edebiyyat-az.com\/index.php?rest_route=\/wp\/v2\/types\/post"}],"author":[{"embeddable":true,"href":"https:\/\/edebiyyat-az.com\/index.php?rest_route=\/wp\/v2\/users\/2"}],"replies":[{"embeddable":true,"href":"https:\/\/edebiyyat-az.com\/index.php?rest_route=%2Fwp%2Fv2%2Fcomments&post=32170"}],"version-history":[{"count":1,"href":"https:\/\/edebiyyat-az.com\/index.php?rest_route=\/wp\/v2\/posts\/32170\/revisions"}],"predecessor-version":[{"id":32173,"href":"https:\/\/edebiyyat-az.com\/index.php?rest_route=\/wp\/v2\/posts\/32170\/revisions\/32173"}],"wp:attachment":[{"href":"https:\/\/edebiyyat-az.com\/index.php?rest_route=%2Fwp%2Fv2%2Fmedia&parent=32170"}],"wp:term":[{"taxonomy":"category","embeddable":true,"href":"https:\/\/edebiyyat-az.com\/index.php?rest_route=%2Fwp%2Fv2%2Fcategories&post=32170"},{"taxonomy":"post_tag","embeddable":true,"href":"https:\/\/edebiyyat-az.com\/index.php?rest_route=%2Fwp%2Fv2%2Ftags&post=32170"}],"curies":[{"name":"wp","href":"https:\/\/api.w.org\/{rel}","templated":true}]}}