{"id":32197,"date":"2019-08-29T02:00:02","date_gmt":"2019-08-28T22:00:02","guid":{"rendered":"http:\/\/edebiyyat-az.com\/?p=32197"},"modified":"2019-08-29T14:58:49","modified_gmt":"2019-08-29T10:58:49","slug":"sair-publisist-%c9%99li-rza-x%c9%99l%c9%99flinin-yeni-kitabi-isiq-uzu-gorub","status":"publish","type":"post","link":"https:\/\/edebiyyat-az.com\/?p=32197","title":{"rendered":"\u015eair-publisist \u018fli Rza X\u0259l\u0259flinin yeni kitab\u0131 i\u015f\u0131q \u00fcz\u00fc g\u00f6r\u00fcb"},"content":{"rendered":"<p><img decoding=\"async\" src=\"https:\/\/c.radikal.ru\/c03\/1908\/cc\/8d424cae95a6.jpg\" alt=\"https:\/\/c.radikal.ru\/c03\/1908\/cc\/8d424cae95a6.jpg\" \/><\/p>\n<p>\u00c7a\u011fda\u015f Az\u0259rbaycan \u0259d\u0259biyyat\u0131n\u0131n g\u00f6rk\u0259mli n\u00fcmay\u0259nd\u0259si, Az\u0259rbaycan Yaz\u0131\u00e7\u0131lar v\u0259 Jurnalistl\u0259r Birlikl\u0259rinin \u00fczv\u00fc, Az\u0259rbaycan Respublikas\u0131 Prezidenti T\u0259qa\u00fcd Fondunun t\u0259qa\u00fcd\u00e7\u00fcs\u00fc, \u015eahmar \u018fkb\u0259rzad\u0259 ad\u0131na Beyn\u0259lxalq \u018fd\u0259biyyat m\u00fckafat\u0131 laureat\u0131, &#8220;Kredo&#8221; q\u0259zetinin Ba\u015f redaktoru, \u015fair-publisist \u018fli Rza X\u0259l\u0259flinin yeni \u2013 \u201cRuhun da\u015fq\u0131n\u0131\u201d adl\u0131 kitab\u0131 i\u015f\u0131q \u00fcz\u00fc g\u00f6r\u00fcb.<\/p>\n<p>AZ\u018fRTAC x\u0259b\u0259r verir ki, kitab\u0131n r\u0259y\u00e7isi, filologiya elml\u0259ri doktoru El\u00e7in Mehr\u0259liyev, redaktor v\u0259 \u201c\u00d6n s\u00f6z\u201d m\u00fc\u0259llifi, Az\u0259rbaycan Yaz\u0131\u00e7\u0131lar v\u0259 Jurnalistl\u0259r Birlikl\u0259rinin \u00fczv\u00fc, filologiya \u00fczr\u0259 f\u0259ls\u0259f\u0259 doktoru, &#8220;Respublika&#8221; g\u00fcnd\u0259lik ictimai-siyasi, sosial-iqtisadi q\u0259zetinin \u0259m\u0259kda\u015f\u0131 \u015e\u0259f\u0259q Nasirdir.<\/p>\n<p>Kitabda \u018fm\u0259kdar jurnalist Avd\u0131 Qo\u015fqar\u0131n poetik yarad\u0131c\u0131l\u0131\u011f\u0131ndan b\u0259hs ed\u0259n \u0259d\u0259bi qeydl\u0259r, publisist d\u00fc\u015f\u00fcnc\u0259l\u0259r, m\u0259qal\u0259l\u0259r toplan\u0131b. Kitaba toplanan m\u0259qal\u0259l\u0259r ayr\u0131-ayr\u0131 vaxtlarda yaz\u0131lsa da, Avd\u0131 Qo\u015fqar\u0131n poetik yarad\u0131c\u0131l\u0131\u011f\u0131 haqq\u0131nda dol\u011fun t\u0259s\u0259vv\u00fcr yarad\u0131r.<br \/>\nQeyd ed\u0259k ki, \u201cRuhun da\u015fq\u0131n\u0131\u201d yax\u0131n g\u00fcnl\u0259rd\u0259 geni\u015f ictimaiyy\u0259t\u0259 t\u0259qdim edil\u0259c\u0259k.<\/p>\n<p>M\u0259nb\u0259:https:\/\/azertag.az<\/p>\n","protected":false},"excerpt":{"rendered":"<p>\u00c7a\u011fda\u015f Az\u0259rbaycan \u0259d\u0259biyyat\u0131n\u0131n g\u00f6rk\u0259mli n\u00fcmay\u0259nd\u0259si, Az\u0259rbaycan Yaz\u0131\u00e7\u0131lar v\u0259 Jurnalistl\u0259r Birlikl\u0259rinin \u00fczv\u00fc, Az\u0259rbaycan Respublikas\u0131 Prezidenti T\u0259qa\u00fcd Fondunun t\u0259qa\u00fcd\u00e7\u00fcs\u00fc, \u015eahmar \u018fkb\u0259rzad\u0259 ad\u0131na Beyn\u0259lxalq \u018fd\u0259biyyat m\u00fckafat\u0131 laureat\u0131, &#8220;Kredo&#8221; q\u0259zetinin Ba\u015f redaktoru, \u015fair-publisist \u018fli Rza X\u0259l\u0259flinin yeni \u2013 \u201cRuhun da\u015fq\u0131n\u0131\u201d adl\u0131 kitab\u0131 i\u015f\u0131q \u00fcz\u00fc g\u00f6r\u00fcb. AZ\u018fRTAC x\u0259b\u0259r verir ki, kitab\u0131n r\u0259y\u00e7isi, filologiya elml\u0259ri doktoru El\u00e7in Mehr\u0259liyev, redaktor v\u0259 \u201c\u00d6n [&hellip;]<\/p>\n","protected":false},"author":2,"featured_media":0,"comment_status":"open","ping_status":"open","sticky":false,"template":"","format":"standard","meta":{"footnotes":""},"categories":[35],"tags":[],"class_list":["post-32197","post","type-post","status-publish","format-standard","hentry","category-yeni-nsrlr"],"_links":{"self":[{"href":"https:\/\/edebiyyat-az.com\/index.php?rest_route=\/wp\/v2\/posts\/32197","targetHints":{"allow":["GET"]}}],"collection":[{"href":"https:\/\/edebiyyat-az.com\/index.php?rest_route=\/wp\/v2\/posts"}],"about":[{"href":"https:\/\/edebiyyat-az.com\/index.php?rest_route=\/wp\/v2\/types\/post"}],"author":[{"embeddable":true,"href":"https:\/\/edebiyyat-az.com\/index.php?rest_route=\/wp\/v2\/users\/2"}],"replies":[{"embeddable":true,"href":"https:\/\/edebiyyat-az.com\/index.php?rest_route=%2Fwp%2Fv2%2Fcomments&post=32197"}],"version-history":[{"count":1,"href":"https:\/\/edebiyyat-az.com\/index.php?rest_route=\/wp\/v2\/posts\/32197\/revisions"}],"predecessor-version":[{"id":32198,"href":"https:\/\/edebiyyat-az.com\/index.php?rest_route=\/wp\/v2\/posts\/32197\/revisions\/32198"}],"wp:attachment":[{"href":"https:\/\/edebiyyat-az.com\/index.php?rest_route=%2Fwp%2Fv2%2Fmedia&parent=32197"}],"wp:term":[{"taxonomy":"category","embeddable":true,"href":"https:\/\/edebiyyat-az.com\/index.php?rest_route=%2Fwp%2Fv2%2Fcategories&post=32197"},{"taxonomy":"post_tag","embeddable":true,"href":"https:\/\/edebiyyat-az.com\/index.php?rest_route=%2Fwp%2Fv2%2Ftags&post=32197"}],"curies":[{"name":"wp","href":"https:\/\/api.w.org\/{rel}","templated":true}]}}