{"id":3226,"date":"2013-07-02T05:31:46","date_gmt":"2013-07-02T05:31:46","guid":{"rendered":"http:\/\/edebiyyat-az.com\/?p=3226"},"modified":"2013-12-12T08:01:42","modified_gmt":"2013-12-12T08:01:42","slug":"3226","status":"publish","type":"post","link":"https:\/\/edebiyyat-az.com\/?p=3226","title":{"rendered":"Deb\u00fct: Orxan ZAMAN (F\u00fczuli).\u015eeirl\u0259r"},"content":{"rendered":"<p><a href=\"http:\/\/edebiyyat-az.com\/wp-content\/uploads\/2013\/07\/images.jpg\"><img loading=\"lazy\" decoding=\"async\" src=\"http:\/\/edebiyyat-az.com\/wp-content\/uploads\/2013\/07\/images.jpg\" alt=\"images\" width=\"82\" height=\"80\" class=\"aligncenter size-full wp-image-3227\" \/><\/a><\/p>\n<p>&nbsp;<\/p>\n<p>T\u018fRC\u00dcMEY\u0130-HAL<\/p>\n<p>Orxan Zaman (\u018flib\u0259yov Orxan S\u0259f\u0259r o\u011flu) 1992-ci il may ay\u0131n\u0131n 23-d\u0259 F\u00fczuli rayonunda anadan olub.\u0130lk t\u0259hsilini Bak\u0131 \u015f\u0259h\u0259rind\u0259ki 260 sayl\u0131 orta m\u0259kt\u0259bd\u0259 al\u0131b.2009-cu ild\u0259 h\u0259min m\u0259kt\u0259bi bitirib.2009-2013-c\u00fc ill\u0259rd\u0259 Sumqay\u0131t D\u00f6vl\u0259t Universitetinin Filologiya fak\u00fclt\u0259sind\u0259 ali t\u0259hsil al\u0131b.<br \/>\n\u018fd\u0259biyyata, poeziyaya erk\u0259n ya\u015flar\u0131ndan maraq g\u00f6st\u0259rir.\u0130lk q\u0259l\u0259m t\u0259cr\u00fcb\u0259l\u0259ri olan poeziya \u00f6rn\u0259kl\u0259rini h\u0259l\u0259 yeddinci sinifd\u0259 ik\u0259n yazm\u0131\u015fd\u0131r.G\u0259nc \u0259dibin ilk \u015feirl\u0259ri \u201c\u018fd\u0259biyyat namin\u0259\u201d, \u201c525-ci q\u0259zet\u201d, \u201cBizim s\u00f6z\u201d, &#8220;Sumqay\u0131t Universiteti&#8221;, &#8220;S\u00f6z\u00fcn Sehri&#8221; q\u0259zetl\u0259rind\u0259, \u201cDavam\u00e7\u0131lar\u201d adl\u0131 u\u015faq antologiyas\u0131nda, m\u00fcxt\u0259lif \u0259d\u0259biyyat portallar\u0131nda i\u015f\u0131q \u00fcz\u00fc g\u00f6r\u00fcb.<br \/>\n2010-cu ill\u0259rind\u0259 Bak\u0131 Slavyan Universitetinin n\u0259zdind\u0259 f\u0259aliyy\u0259t g\u00f6st\u0259r\u0259n \u201cKitab al\u0259mi\u201d N\u015f\u0259riyyat Poliqrafiya M\u0259rk\u0259zi t\u0259r\u0259find\u0259n \u201cSevgi sonatas\u0131\u201d adl\u0131 ilk \u015feirl\u0259r kitab\u0131 i\u015f\u0131q \u00fcz\u00fc g\u00f6rd\u00fc.M\u00fc\u0259llifin ilk kitab\u0131 oxucular t\u0259r\u0259find\u0259n y\u00fcks\u0259k qar\u015f\u0131land\u0131.Hal-haz\u0131rda \u201cG\u0259nc \u018fdibl\u0259r M\u0259kt\u0259bi\u201dnin \u00fczv\u00fcd\u00fcr.2012-ci il oktyabr ay\u0131n\u0131n 6-da \u201cZiyal\u0131 Oca\u011f\u0131\u201d ctimai Birliyinin elektron orqan\u0131 Az\u0259rbaycan\u0131n M\u0259d\u0259niyy\u0259t v\u0259 \u018fd\u0259biyyat Portal\u0131n\u0131n Birinci Qurultay\u0131nda Az\u0259rbaycan\u0131n M\u0259d\u0259niyy\u0259t v\u0259 \u018fd\u0259biyyat Portal\u0131n\u0131n Redaksiya, Yarad\u0131c\u0131, N\u00fcmay\u0259nd\u0259 Hey\u0259tl\u0259rinin \u00fczv\u00fc, &#8220;Az\u0259rbaycan \u0259d\u0259biyyat\u0131&#8221;, &#8220;T\u00fcrkiy\u0259 \u0259d\u0259biyyat\u0131&#8221;, &#8220;Publisistika&#8221;, &#8220;Elektron kitablar&#8221; b\u00f6lm\u0259l\u0259rinin \u0259m\u0259kda\u015f\u0131 \u00a0se\u00e7ilmi\u015fdir.<\/p>\n<p>2012-ci ild\u0259 Az\u0259rbaycan Respublikas\u0131n\u0131n Prezidenti yan\u0131nda Qeyri-H\u00f6k\u00fcm\u0259t T\u0259\u015fkilatlar\u0131na D\u00f6vl\u0259t D\u0259st\u0259yi \u015euras\u0131 t\u0259r\u0259find\u0259n maliyy\u0259l\u0259\u015fdirlil\u0259n v\u0259 D\u00fcnya G\u0259nc T\u00fcrk Yazarlar Birliyi t\u0259r\u0259find\u0259n h\u0259yata ke\u00e7iril\u0259n \u201dB\u00f6lg\u0259 yazarlar\u0131na d\u0259st\u0259k\u201d layih\u0259si \u00e7\u0259r\u00e7iv\u0259sind\u0259 \u201cB\u00f6lg\u0259l\u0259rd\u0259n s\u0259sl\u0259r\u201d kitab\u0131nda \u015feirl\u0259ri d\u0259rc olunaraq ilk d\u0259f\u0259 olaraq Respublika s\u0259viyy\u0259sind\u0259 ictiamiyy\u0259tin n\u0259z\u0259rin\u0259 \u00e7atd\u0131r\u0131ld\u0131.<\/p>\n<p>Yeriyir\u0259m,<br \/>\nBom-bo\u015f k\u00fc\u00e7\u0259l\u0259rin qaranl\u0131\u011f\u0131nda\u2026<br \/>\nAram-aram,<br \/>\nYa\u011f\u0131r buz ya\u011f\u0131\u015f\u0131.<br \/>\nH\u0259m d\u0259 nec\u0259<br \/>\nEl\u0259 bil bu damlalar m\u0259n\u0259 p\u0131\u00e7\u0131lday\u0131r:<br \/>\n\u201cO, d\u00f6n\u0259c\u0259k, o g\u0259l\u0259c\u0259k\u201d.<br \/>\nK\u00fc\u00e7\u0259nin bo\u015f qalm\u0131\u015f s\u0259kil\u0259rind\u0259<br \/>\n\u00d6z\u00fcm\u00fc d\u0259nizd\u0259n uzaqda qalm\u0131\u015f<br \/>\nbal\u0131q\u00e7\u0131 san\u0131ram.<br \/>\nQorxuram,<br \/>\nS\u0259ni t\u0259kliyimd\u0259 itirib tapmaqdan.<br \/>\nS\u0259kinin i\u015f\u0131q dir\u0259kl\u0259rind\u0259n s\u00fcz\u00fcl\u0259n<br \/>\nsar\u0131 r\u0259ngli i\u015f\u0131\u011f\u0131n par\u0131lt\u0131s\u0131nda,<br \/>\nS\u0259nin qay\u011f\u0131l\u0131 \u00fcz\u00fcn\u00fc g\u00f6r\u00fcr\u0259m.<br \/>\n\u018fll\u0259rimi i\u015f\u0131\u011fa uzad\u0131ram,<br \/>\nS\u0259n\u0259 toxuna bilmir\u0259m.<br \/>\nB\u0259lk\u0259 s\u0259ns\u0259n dey\u0259 bax\u0131ram<br \/>\nBaxd\u0131qca uzanan bu bo\u015fluqlara\u2026<br \/>\nAmma s\u0259n deyils\u0259n.<br \/>\nH\u0259r k\u00fc\u00e7\u0259d\u0259, h\u0259r tind\u0259 s\u0259ni g\u00f6r\u00fcr\u0259m,<br \/>\nAmma bilir\u0259m ki, bu k\u00fc\u00e7\u0259l\u0259r kimi<br \/>\nm\u0259nim d\u0259 \u00fcr\u0259yim bo\u015fdur.<br \/>\nV\u0259 bilir\u0259m n\u0259 yaz\u0131q ki,<br \/>\nBu kims\u0259siz k\u00fc\u00e7\u0259l\u0259ri, n\u0259 d\u0259<br \/>\nm\u0259nim i\u00e7imd\u0259ki bo\u015flu\u011fu dolduracaq<br \/>\nbir kims\u0259 yoxdu\u2026<\/p>\n<p>***<br \/>\nQaranl\u0131q gec\u0259\u2026<br \/>\n\u00dc\u00e7 \u015fey:<br \/>\nAy, s\u0259n, x\u0259yyallar,<br \/>\n\u015eirin-\u015firin duy\u011fular.<br \/>\nQap\u0131da q\u0131\u015f\u0131n qar\u0131,<br \/>\n\u00dcr\u0259kd\u0259 h\u0259rar\u0259tin,<br \/>\nN\u0259l\u0259r s\u00f6yl\u0259yir m\u0259n\u0259,<br \/>\nS\u0259nsiz ya\u015famaq \u00e7\u0259tin.<\/p>\n","protected":false},"excerpt":{"rendered":"<p>&nbsp; T\u018fRC\u00dcMEY\u0130-HAL Orxan Zaman (\u018flib\u0259yov Orxan S\u0259f\u0259r o\u011flu) 1992-ci il may ay\u0131n\u0131n 23-d\u0259 F\u00fczuli rayonunda anadan olub.\u0130lk t\u0259hsilini Bak\u0131 \u015f\u0259h\u0259rind\u0259ki 260 sayl\u0131 orta m\u0259kt\u0259bd\u0259 al\u0131b.2009-cu ild\u0259 h\u0259min m\u0259kt\u0259bi bitirib.2009-2013-c\u00fc ill\u0259rd\u0259 Sumqay\u0131t D\u00f6vl\u0259t Universitetinin Filologiya fak\u00fclt\u0259sind\u0259 ali t\u0259hsil al\u0131b. \u018fd\u0259biyyata, poeziyaya erk\u0259n ya\u015flar\u0131ndan maraq g\u00f6st\u0259rir.\u0130lk q\u0259l\u0259m t\u0259cr\u00fcb\u0259l\u0259ri olan poeziya \u00f6rn\u0259kl\u0259rini h\u0259l\u0259 yeddinci sinifd\u0259 ik\u0259n yazm\u0131\u015fd\u0131r.G\u0259nc \u0259dibin [&hellip;]<\/p>\n","protected":false},"author":2,"featured_media":0,"comment_status":"open","ping_status":"open","sticky":false,"template":"","format":"standard","meta":{"footnotes":""},"categories":[4],"tags":[],"class_list":["post-3226","post","type-post","status-publish","format-standard","hentry","category-edeb"],"_links":{"self":[{"href":"https:\/\/edebiyyat-az.com\/index.php?rest_route=\/wp\/v2\/posts\/3226","targetHints":{"allow":["GET"]}}],"collection":[{"href":"https:\/\/edebiyyat-az.com\/index.php?rest_route=\/wp\/v2\/posts"}],"about":[{"href":"https:\/\/edebiyyat-az.com\/index.php?rest_route=\/wp\/v2\/types\/post"}],"author":[{"embeddable":true,"href":"https:\/\/edebiyyat-az.com\/index.php?rest_route=\/wp\/v2\/users\/2"}],"replies":[{"embeddable":true,"href":"https:\/\/edebiyyat-az.com\/index.php?rest_route=%2Fwp%2Fv2%2Fcomments&post=3226"}],"version-history":[{"count":5,"href":"https:\/\/edebiyyat-az.com\/index.php?rest_route=\/wp\/v2\/posts\/3226\/revisions"}],"predecessor-version":[{"id":6924,"href":"https:\/\/edebiyyat-az.com\/index.php?rest_route=\/wp\/v2\/posts\/3226\/revisions\/6924"}],"wp:attachment":[{"href":"https:\/\/edebiyyat-az.com\/index.php?rest_route=%2Fwp%2Fv2%2Fmedia&parent=3226"}],"wp:term":[{"taxonomy":"category","embeddable":true,"href":"https:\/\/edebiyyat-az.com\/index.php?rest_route=%2Fwp%2Fv2%2Fcategories&post=3226"},{"taxonomy":"post_tag","embeddable":true,"href":"https:\/\/edebiyyat-az.com\/index.php?rest_route=%2Fwp%2Fv2%2Ftags&post=3226"}],"curies":[{"name":"wp","href":"https:\/\/api.w.org\/{rel}","templated":true}]}}