{"id":32263,"date":"2019-09-05T05:00:18","date_gmt":"2019-09-05T01:00:18","guid":{"rendered":"http:\/\/edebiyyat-az.com\/?p=32263"},"modified":"2019-09-05T10:31:10","modified_gmt":"2019-09-05T06:31:10","slug":"xalq-sairi-mirvarid-dilbazi-secm%c9%99-seirl%c9%99r-3","status":"publish","type":"post","link":"https:\/\/edebiyyat-az.com\/?p=32263","title":{"rendered":"Xalq \u015fairi Bala\u015f AZ\u018fRO\u011eLU.&#8221;Karvan&#8221;"},"content":{"rendered":"<p><a href=\"http:\/\/edebiyyat-az.com\/wp-content\/uploads\/2018\/06\/Poet_from_azerbaijan.jpg\"><img loading=\"lazy\" decoding=\"async\" src=\"http:\/\/edebiyyat-az.com\/wp-content\/uploads\/2018\/06\/Poet_from_azerbaijan-218x300.jpg\" alt=\"\" width=\"218\" height=\"300\" class=\"aligncenter size-medium wp-image-27357\" srcset=\"https:\/\/edebiyyat-az.com\/wp-content\/uploads\/2018\/06\/Poet_from_azerbaijan-218x300.jpg 218w, https:\/\/edebiyyat-az.com\/wp-content\/uploads\/2018\/06\/Poet_from_azerbaijan.jpg 240w\" sizes=\"auto, (max-width: 218px) 100vw, 218px\" \/><\/a><\/p>\n<p>KARVAN<\/p>\n<p>Gec\u0259nin qula\u011f\u0131ndan k\u0259d\u0259rli z\u0259ng s\u0259sl\u0259ri,<br \/>\nA\u011f\u0131r-a\u011f\u0131r yol gedir karvan \u015f\u0131mala sar\u0131.<br \/>\nX\u0259yal m\u0259ni apar\u0131r, g\u00f6r\u0259n n\u0259 vaxtdan b\u0259ri<br \/>\nD\u00fcnyan\u0131 add\u0131mlay\u0131r z\u0259ngli d\u0259v\u0259 qatar\u0131.<\/p>\n<p>Karvan \u015fimala gedir, karvan c\u0259nuba gedir,<br \/>\nKarvan b\u0259z\u0259n v\u0259t\u0259nd\u0259n uzaqlara yol al\u0131r.<br \/>\nKarvan b\u00fct\u00fcn d\u00fcnyan\u0131 zaman-zaman q\u0259t edir,<br \/>\nKarvan k\u0259d\u0259r g\u0259tirir, karvan sevinc apar\u0131r.<\/p>\n<p>Karvan gedir&#8230; Bir zaman \u018fb\u00fcl\u00fcla M\u00fc\u0259rri<br \/>\nB\u0259lk\u0259d\u0259 bu karvanla b\u00fct\u00fcn \u015f\u0259rqi doland\u0131.<br \/>\nKim bilir o dahinin \u0259n g\u00f6z\u0259l \u0259s\u0259rl\u0259ri<br \/>\n\u0130sti qumlar \u00fcst\u00fcnd\u0259, x\u0259yal\u0131nda yarand\u0131&#8230;<\/p>\n<p>Karvan gedir arams\u0131z, gec\u0259 qara, yol uzaq,<br \/>\nArxamda mavi d\u0259niz, \u00f6nd\u0259 qarl\u0131 Savalan.<br \/>\nD\u0259v\u0259l\u0259r bir ah\u0259ngl\u0259 yen\u0259 add\u0131mlayaraq<br \/>\n\u00d6t\u00fcrl\u0259r babalar\u0131n ke\u00e7diyi tozlu yoldan.<\/p>\n<p>Sarvan\u0131n g\u00f6zl\u0259rind\u0259 yuxusuzluq q\u0259mi var,<br \/>\nNe\u00e7\u0259 gec\u0259 yatmam\u0131\u015f, hey yeriyir, yeriyir.<br \/>\nSarvan\u0131n \u00f6z\u00fcn\u00fcn d\u0259 q\u0259rib\u0259 al\u0259mi var,<br \/>\nZ\u0259ng s\u0259sl\u0259ri alt\u0131nda h\u0259r g\u00fcn bayat\u0131 deyir:<\/p>\n<p>A\u011f d\u0259v\u0259 d\u00fczd\u0259 qald\u0131,<br \/>\nY\u00fck\u00fc T\u0259brizd\u0259 qald\u0131.<br \/>\nO\u011flan\u0131 qan apard\u0131<br \/>\nD\u0259rman\u0131 q\u0131zda qald\u0131.<\/p>\n<p>Gec\u0259 sakit, uzaqlar \u0259ks etdirir bu n\u0259\u011fm\u0259ni,<br \/>\nD\u0259v\u0259l\u0259r aram-aram add\u0131mlay\u0131rlar yen\u0259.<br \/>\nO, X\u0259z\u0259r sahilind\u0259n al\u0131b apar\u0131r m\u0259ni,<br \/>\nQ\u0259dim Bab\u0259k yurduna- Savalan \u0259t\u0259yin\u0259&#8230;<\/p>\n<p>1938<\/p>\n","protected":false},"excerpt":{"rendered":"<p>KARVAN Gec\u0259nin qula\u011f\u0131ndan k\u0259d\u0259rli z\u0259ng s\u0259sl\u0259ri, A\u011f\u0131r-a\u011f\u0131r yol gedir karvan \u015f\u0131mala sar\u0131. X\u0259yal m\u0259ni apar\u0131r, g\u00f6r\u0259n n\u0259 vaxtdan b\u0259ri D\u00fcnyan\u0131 add\u0131mlay\u0131r z\u0259ngli d\u0259v\u0259 qatar\u0131. Karvan \u015fimala gedir, karvan c\u0259nuba gedir, Karvan b\u0259z\u0259n v\u0259t\u0259nd\u0259n uzaqlara yol al\u0131r. Karvan b\u00fct\u00fcn d\u00fcnyan\u0131 zaman-zaman q\u0259t edir, Karvan k\u0259d\u0259r g\u0259tirir, karvan sevinc apar\u0131r. Karvan gedir&#8230; Bir zaman \u018fb\u00fcl\u00fcla M\u00fc\u0259rri B\u0259lk\u0259d\u0259 [&hellip;]<\/p>\n","protected":false},"author":2,"featured_media":0,"comment_status":"open","ping_status":"open","sticky":false,"template":"","format":"standard","meta":{"footnotes":""},"categories":[46],"tags":[],"class_list":["post-32263","post","type-post","status-publish","format-standard","hentry","category-azerbaycanprezidenti"],"_links":{"self":[{"href":"https:\/\/edebiyyat-az.com\/index.php?rest_route=\/wp\/v2\/posts\/32263","targetHints":{"allow":["GET"]}}],"collection":[{"href":"https:\/\/edebiyyat-az.com\/index.php?rest_route=\/wp\/v2\/posts"}],"about":[{"href":"https:\/\/edebiyyat-az.com\/index.php?rest_route=\/wp\/v2\/types\/post"}],"author":[{"embeddable":true,"href":"https:\/\/edebiyyat-az.com\/index.php?rest_route=\/wp\/v2\/users\/2"}],"replies":[{"embeddable":true,"href":"https:\/\/edebiyyat-az.com\/index.php?rest_route=%2Fwp%2Fv2%2Fcomments&post=32263"}],"version-history":[{"count":2,"href":"https:\/\/edebiyyat-az.com\/index.php?rest_route=\/wp\/v2\/posts\/32263\/revisions"}],"predecessor-version":[{"id":32273,"href":"https:\/\/edebiyyat-az.com\/index.php?rest_route=\/wp\/v2\/posts\/32263\/revisions\/32273"}],"wp:attachment":[{"href":"https:\/\/edebiyyat-az.com\/index.php?rest_route=%2Fwp%2Fv2%2Fmedia&parent=32263"}],"wp:term":[{"taxonomy":"category","embeddable":true,"href":"https:\/\/edebiyyat-az.com\/index.php?rest_route=%2Fwp%2Fv2%2Fcategories&post=32263"},{"taxonomy":"post_tag","embeddable":true,"href":"https:\/\/edebiyyat-az.com\/index.php?rest_route=%2Fwp%2Fv2%2Ftags&post=32263"}],"curies":[{"name":"wp","href":"https:\/\/api.w.org\/{rel}","templated":true}]}}