{"id":33611,"date":"2019-11-26T10:30:02","date_gmt":"2019-11-26T06:30:02","guid":{"rendered":"http:\/\/edebiyyat-az.com\/?p=33611"},"modified":"2019-11-26T12:49:16","modified_gmt":"2019-11-26T08:49:16","slug":"g%c9%99nc-yazar-nem%c9%99t-tahirin-seiri-kardelen-d%c9%99rgisind%c9%99-cap-olunub","status":"publish","type":"post","link":"https:\/\/edebiyyat-az.com\/?p=33611","title":{"rendered":"G\u0259nc yazar Nem\u0259t Tahirin \u015feiri &#8220;Kardelen&#8221; d\u0259rgisind\u0259 \u00e7ap olunub"},"content":{"rendered":"<p><a href=\"http:\/\/edebiyyat-az.com\/wp-content\/uploads\/2019\/11\/kerdelen-102.jpg\"><img loading=\"lazy\" decoding=\"async\" src=\"http:\/\/edebiyyat-az.com\/wp-content\/uploads\/2019\/11\/kerdelen-102-214x300.jpg\" alt=\"\" width=\"214\" height=\"300\" class=\"alignnone size-medium wp-image-33595\" \/><\/a><\/p>\n<p><a href=\"http:\/\/edebiyyat-az.com\/wp-content\/uploads\/2019\/11\/kardelen-102-icerik.jpg\"><img loading=\"lazy\" decoding=\"async\" src=\"http:\/\/edebiyyat-az.com\/wp-content\/uploads\/2019\/11\/kardelen-102-icerik-214x300.jpg\" alt=\"\" width=\"214\" height=\"300\" class=\"alignnone size-medium wp-image-33593\" \/><\/a><\/p>\n<p>Az\u0259rbaycan Jurnalistl\u0259r Birliyi Sumqay\u0131t \u015f\u0259h\u0259r t\u0259\u015fkilat\u0131 t\u0259r\u0259find\u0259n ger\u00e7\u0259kl\u0259\u015fdiril\u0259n \u201c\u00c7a\u011fda\u015f Az\u0259rbaycan \u0259d\u0259biyyat\u0131n\u0131n g\u00f6rk\u0259mli n\u00fcmay\u0259nd\u0259l\u0259rinin \u0259s\u0259rl\u0259rinin t\u0259bli\u011fi\u201d layih\u0259si \u00e7\u0259r\u00e7iv\u0259sind\u0259 \u00e7\u0259r\u00e7iv\u0259sind\u0259 yeni n\u0259sil Az\u0259rbaycan g\u0259ncliyinin istedadl\u0131 n\u00fcmay\u0259nd\u0259sini, Az\u0259rbaycan Jurnalistl\u0259r Birliyi Sumqay\u0131t \u015f\u0259h\u0259r t\u0259\u015fkilat\u0131n\u0131n G\u00fcnd\u0259lik Analitik \u0130nformasiya Agentliyinin v\u0259 Az\u0259rbaycan\u0131n M\u0259d\u0259niyy\u0259t v\u0259 \u018fd\u0259biyyat Portal\u0131n\u0131n Qaraba\u011f b\u00fcrosunun r\u0259hb\u0259ri, \u201cG\u0259nc Yazarlar\u201d \u018fd\u0259bi Birliyinin \u00fczv\u00fc, Sumqay\u0131t D\u00f6vl\u0259t Universitetinin Filologiya fak\u00fclt\u0259sinin m\u0259zunu (2006-2010), \u201cKardelen\u201d \u00fc\u00e7ayl\u0131q m\u0259d\u0259niyy\u0259t, \u0259d\u0259biyyat v\u0259 s\u0259n\u0259t d\u0259rgisi yazar\u0131, g\u0259nc yazar Nem\u0259t Tahirin &#8220;Yaz ya\u011f\u0131\u015f\u0131&#8221; adl\u0131 \u015feiri qarda\u015f T\u00fcrkiy\u0259 C\u00fcmhuriyy\u0259tinin Bilecik \u015f\u0259h\u0259rind\u0259 f\u0259aliyy\u0259t g\u00f6st\u0259r\u0259n \u201cKardelen\u201d ayl\u0131q \u015feir d\u0259rgisinin 102-ci say\u0131nda \u00e7ap olunub.<\/p>\n<p>\u201c\u00c7a\u011fda\u015f Az\u0259rbaycan \u0259d\u0259biyyat\u0131n\u0131n g\u00f6rk\u0259mli n\u00fcmay\u0259nd\u0259l\u0259rinin \u0259s\u0259rl\u0259rinin t\u0259bli\u011fi\u201d layih\u0259sinin layih\u0259sinin r\u0259hb\u0259ri v\u0259 m\u00fc\u0259llifi Az\u0259rbaycan Jurnalistl\u0259r Birliyinin Sumqay\u0131t \u015f\u0259h\u0259r t\u0259\u015fkilat\u0131n\u0131n s\u0259dri, respublikan\u0131n \u018fm\u0259kdar jurnalisti, AJB Sumqay\u0131t \u015f\u0259h\u0259r t\u0259\u015fkilat\u0131n\u0131n s\u0259dri, G\u00fcnd\u0259lik Analitik \u0130nformasiya Agentliyinin v\u0259 Az\u0259rbaycan\u0131n M\u0259d\u0259niyy\u0259t v\u0259 \u018fd\u0259biyyat Portal\u0131n\u0131n t\u0259sis\u00e7isi v\u0259 direktoru, \u201cK\u00fcmbet\u201d v\u0259 \u201cUsare\u201d d\u0259rgil\u0259rinin Az\u0259rbaycan t\u0259msilciliyinin r\u0259hb\u0259ri Rafiq Oday, koordinatoru  \u201cK\u00fcmbet\u201d (Tokat \u015f\u0259h\u0259ri) v\u0259 \u201cUsare\u201d (Kahramanmara\u015f \u015f\u0259h\u0259ri) d\u0259rgil\u0259rinin Az\u0259rbaycan t\u0259msilcisinin \u0259m\u0259kda\u015f\u0131, Az\u0259rbaycan Jurnalistl\u0259r Birliyi Sumqay\u0131t \u015f\u0259h\u0259r t\u0259\u015fkilat\u0131n\u0131n G\u00fcnd\u0259lik Analitik \u0130nformasiya Agentliyinin Ba\u015f redaktoru, Az\u0259rbaycan\u0131n M\u0259d\u0259niyy\u0259t v\u0259 Portal\u0131n\u0131n M\u0259tbuat xidm\u0259tinin r\u0259hb\u0259ri, Az\u0259rbaycan Jurnalistl\u0259r Birliyinin \u00fczv\u00fc, \u015fair-publisist, t\u0259rc\u00fcm\u0259\u00e7i-jurnalist, g\u0259nc yazar Kamran Murquzov, m\u0259sl\u0259h\u0259\u00e7il\u0259r is\u0259 m\u0259sl\u0259h\u0259t\u00e7il\u0259ri is\u0259 Az\u0259rbaycan Yaz\u0131\u00e7\u0131lar Birliyinin \u00fczv\u00fc, Prezident t\u0259qa\u00fcd\u00e7\u00fcs\u00fc, \u018fli K\u0259rim ad\u0131na Sumqay\u0131t \u015f\u0259h\u0259r Poeziya Klubunun direktoru, \u015fair-publisist \u0130brahim \u0130lyasl\u0131, Az\u0259rbaycan Yaz\u0131\u00e7\u0131lar Birliyi G\u0259ncl\u0259r \u015euras\u0131n\u0131n \u00fczv\u00fc, Prezident t\u0259qa\u00fcd\u00e7\u00fcs\u00fc,  G\u0259ncl\u0259r m\u00fckafat\u00e7\u0131s\u0131, g\u0259nc \u015fair\u0259-publisist, yaz\u0131\u00e7\u0131, t\u0259rc\u00fcm\u0259\u00e7i, \u015e\u0259fa V\u0259liyeva, T\u0259hsil Probleml\u0259ri \u0130nstitutunun Kurikulum M\u0259rk\u0259zinin b\u00f6y\u00fck elmi i\u015f\u00e7isi, Az\u0259rbaycan D\u00f6vl\u0259t Pedaqoji Universitetinin m\u00fc\u0259llimi, G\u00fcnd\u0259lik Analitik \u0130nformasiya Agentliyinin v\u0259 Az\u0259rbaycan\u0131n M\u0259d\u0259niyy\u0259t v\u0259 \u018fd\u0259biyyat Portal\u0131n\u0131n M\u0259sul katibi, \u015fair\u0259-publisist \u015e\u0259fa Eyvaz, G\u00fcnd\u0259lik Analitik \u0130nformasiya Agentliyinin M\u0259tbuat xidm\u0259tinin r\u0259hb\u0259ri v\u0259 \u0130ctimaiyy\u0259tl\u0259 \u0259laq\u0259l\u0259r \u015f\u00f6b\u0259sinin m\u00fcdiri, Az\u0259rbaycan Yaz\u0131\u00e7\u0131lar v\u0259 Jurnalistl\u0259r Birlikl\u0259rinin \u00fczv\u00fc K\u0259nan Ayd\u0131no\u011fludur.<\/p>\n<p>Az\u0259rbaycan Jurnalistl\u0259r Birliyi Sumqay\u0131t \u015f\u0259h\u0259r t\u0259\u015fkilat\u0131 t\u0259\u015fkilat\u00e7\u0131l\u0131\u011f\u0131 h\u0259yata il\u0259 ke\u00e7iril\u0259n \u201cYeni n\u0259sil Az\u0259rbaycan g\u0259ncliyinin inki\u015faf\u0131na d\u0259st\u0259k\u201d layih\u0259si \u00e7\u0259r\u00e7iv\u0259sind\u0259 g\u0259nc yazar Nem\u0259t Tahirin &#8220;Y\u0131x\u0131la&#8221; adl\u0131 \u015feiri Osmanl\u0131 t\u00fcrkc\u0259sind\u0259 Qarda\u015f T\u00fcrkiy\u0259 C\u00fcmhuriyy\u0259tinin Kahramanmara\u015f \u015f\u0259h\u0259rind\u0259 f\u0259aliyy\u0259t g\u00f6st\u0259r\u0259n Ebrar Vakf\u0131 K\u00fclt\u00fcr yay\u0131n organ\u0131 \u201cUsare\u201d iki ayl\u0131k k\u00fclt\u00fcr, sanat ve edebiyat dergisinin yeni 19-cu say\u0131nda d\u0259rc olunaraq, ictimaiyy\u0259t n\u00fcmay\u0259nd\u0259l\u0259rinin n\u0259z\u0259rin\u0259 \u00e7atd\u0131r\u0131lm\u0131\u015fd\u0131.<\/p>\n<p><strong>Az\u0259rbaycan\u0131n M\u0259d\u0259niyy\u0259t v\u0259 \u018fd\u0259biyyat Portal\u0131n\u0131n M\u0259tbuat xidm\u0259ti v\u0259 \u0130ctimaiyy\u0259tl\u0259 \u018flaq\u0259l\u0259r \u015f\u00f6b\u0259si<\/strong><\/p>\n","protected":false},"excerpt":{"rendered":"<p>Az\u0259rbaycan Jurnalistl\u0259r Birliyi Sumqay\u0131t \u015f\u0259h\u0259r t\u0259\u015fkilat\u0131 t\u0259r\u0259find\u0259n ger\u00e7\u0259kl\u0259\u015fdiril\u0259n \u201c\u00c7a\u011fda\u015f Az\u0259rbaycan \u0259d\u0259biyyat\u0131n\u0131n g\u00f6rk\u0259mli n\u00fcmay\u0259nd\u0259l\u0259rinin \u0259s\u0259rl\u0259rinin t\u0259bli\u011fi\u201d layih\u0259si \u00e7\u0259r\u00e7iv\u0259sind\u0259 \u00e7\u0259r\u00e7iv\u0259sind\u0259 yeni n\u0259sil Az\u0259rbaycan g\u0259ncliyinin istedadl\u0131 n\u00fcmay\u0259nd\u0259sini, Az\u0259rbaycan Jurnalistl\u0259r Birliyi Sumqay\u0131t \u015f\u0259h\u0259r t\u0259\u015fkilat\u0131n\u0131n G\u00fcnd\u0259lik Analitik \u0130nformasiya Agentliyinin v\u0259 Az\u0259rbaycan\u0131n M\u0259d\u0259niyy\u0259t v\u0259 \u018fd\u0259biyyat Portal\u0131n\u0131n Qaraba\u011f b\u00fcrosunun r\u0259hb\u0259ri, \u201cG\u0259nc Yazarlar\u201d \u018fd\u0259bi Birliyinin \u00fczv\u00fc, Sumqay\u0131t D\u00f6vl\u0259t Universitetinin Filologiya fak\u00fclt\u0259sinin m\u0259zunu (2006-2010), [&hellip;]<\/p>\n","protected":false},"author":2,"featured_media":0,"comment_status":"open","ping_status":"open","sticky":false,"template":"","format":"standard","meta":{"footnotes":""},"categories":[42],"tags":[],"class_list":["post-33611","post","type-post","status-publish","format-standard","hentry","category-kardelendergisi"],"_links":{"self":[{"href":"https:\/\/edebiyyat-az.com\/index.php?rest_route=\/wp\/v2\/posts\/33611","targetHints":{"allow":["GET"]}}],"collection":[{"href":"https:\/\/edebiyyat-az.com\/index.php?rest_route=\/wp\/v2\/posts"}],"about":[{"href":"https:\/\/edebiyyat-az.com\/index.php?rest_route=\/wp\/v2\/types\/post"}],"author":[{"embeddable":true,"href":"https:\/\/edebiyyat-az.com\/index.php?rest_route=\/wp\/v2\/users\/2"}],"replies":[{"embeddable":true,"href":"https:\/\/edebiyyat-az.com\/index.php?rest_route=%2Fwp%2Fv2%2Fcomments&post=33611"}],"version-history":[{"count":2,"href":"https:\/\/edebiyyat-az.com\/index.php?rest_route=\/wp\/v2\/posts\/33611\/revisions"}],"predecessor-version":[{"id":33631,"href":"https:\/\/edebiyyat-az.com\/index.php?rest_route=\/wp\/v2\/posts\/33611\/revisions\/33631"}],"wp:attachment":[{"href":"https:\/\/edebiyyat-az.com\/index.php?rest_route=%2Fwp%2Fv2%2Fmedia&parent=33611"}],"wp:term":[{"taxonomy":"category","embeddable":true,"href":"https:\/\/edebiyyat-az.com\/index.php?rest_route=%2Fwp%2Fv2%2Fcategories&post=33611"},{"taxonomy":"post_tag","embeddable":true,"href":"https:\/\/edebiyyat-az.com\/index.php?rest_route=%2Fwp%2Fv2%2Ftags&post=33611"}],"curies":[{"name":"wp","href":"https:\/\/api.w.org\/{rel}","templated":true}]}}