{"id":35447,"date":"2020-04-13T11:00:00","date_gmt":"2020-04-13T07:00:00","guid":{"rendered":"http:\/\/edebiyyat-az.com\/?p=35447"},"modified":"2020-04-13T12:42:19","modified_gmt":"2020-04-13T08:42:19","slug":"t%c9%99skilat-s%c9%99dri-taninmis-veteran-jurnalisti-evind%c9%99-ziyar%c9%99t-etdi","status":"publish","type":"post","link":"https:\/\/edebiyyat-az.com\/?p=35447","title":{"rendered":"T\u0259\u015fkilat s\u0259dri tan\u0131nm\u0131\u015f veteran jurnalisti evind\u0259 ziyar\u0259t etdi"},"content":{"rendered":"\n<figure class=\"wp-block-image size-large\"><img decoding=\"async\" src=\"https:\/\/b.radikal.ru\/b40\/2004\/dd\/2b3f3fd2c197.jpg\" alt=\"\"\/><\/figure>\n\n\n\n<p><\/p>\n\n\n\n<p>Bu g\u00fcnl\u0259rd\u0259 &nbsp;veteran jurnalist, Az\u0259rbaycan Jurnalistl\u0259r Birliyinin F\u0259xri \u00fczv\u00fc, &#8220;M\u00fcq\u0259dd\u0259s q\u0259l\u0259m&#8221; media m\u00fckafat\u0131 laureat\u0131, bu g\u00fcn d\u0259 g\u0259nclik e\u015fqi il\u0259 yaz\u0131b yaradan Z\u00fcmr\u00fcd xan\u0131m Balo\u011flanovan\u0131 evind\u0259 ziyar\u0259t etdik (&#8220;M\u00f6ht\u0259\u015f\u0259m Az\u0259rbaycan&#8221; q\u0259zetinin texniki redaktoru \u018fr\u015fad Nihadla birg\u0259).&nbsp;<\/p>\n\n\n\n<p>Bu ziyar\u0259ti d\u0259 Az\u0259rbaycan Jurnalistl\u0259r Birliyi Sumqay\u0131t \u015f\u0259h\u0259r t\u0259\u015fkilat\u0131n\u0131n s\u0259dri kimi \u00f6z\u00fcm\u0259 borc bildim v\u0259 q\u0259l\u0259m dostlar\u0131m\u0131z\u0131n, birlik \u00fczvl\u0259rinin salam\u0131n\u0131 Z\u00fcmr\u00fcd xan\u0131ma \u00e7atd\u0131rd\u0131m.<\/p>\n\n\n\n<p>\u00c7ay s\u00fcfr\u0259si arxas\u0131nda jurnalistikam\u0131z\u0131n d\u00fcn\u0259nind\u0259n, bug\u00fcn\u00fcnd\u0259n dan\u0131\u015fd\u0131q, d\u00fcnyas\u0131n\u0131 d\u0259yi\u015fmi\u015f tan\u0131nm\u0131\u015f jurnalistl\u0259ri xat\u0131rlad\u0131q, h\u0259m\u00e7inin &nbsp;&#8220;D\u0259lida\u011f&#8221; (r\u0259hb\u0259ri tan\u0131nm\u0131\u015f \u015fair-jurnalist Namiq D\u0259lida\u011fl\u0131), &#8220;Dan yeri&#8221; (r\u0259hb\u0259ri \u015fair-publisist Nis\u0259 &nbsp;Heyd\u0259rli) \u018fd\u0259bi Birlikl\u0259ri, &#8220;\u00c7e\u015fm\u0259&#8221; (r\u0259hb\u0259ri \u015fair\u0259 Lilpar C\u0259m\u015fidq\u0131z\u0131) \u018fd\u0259bi M\u0259clisi il\u0259 birg\u0259 Jurnalistl\u0259r Birliyi Sumqay\u0131t \u015f\u0259h\u0259r t\u0259\u015fkilat\u0131n\u0131n v\u0259 &#8220;M\u00f6ht\u0259\u015f\u0259m Az\u0259rbaycan&#8221; q\u0259zetinin ofisind\u0259 ke\u00e7irdiyimiz bir-birind\u0259n maraql\u0131 v\u0259 \u0259h\u0259miyy\u0259tli silsil\u0259 t\u0259dbirl\u0259r \u00fc\u00e7\u00fcn dar\u0131xd\u0131\u011f\u0131m\u0131z\u0131 dil\u0259 g\u0259tirdik.&nbsp;<\/p>\n\n\n\n<p>Sonra koronavirus pandemiyas\u0131 il\u0259 ba\u011fl\u0131 fikir m\u00fcbadil\u0259si apard\u0131q, respublikam\u0131zda h\u0259yata ke\u00e7iril\u0259n \u00f6nl\u0259yici t\u0259dbirl\u0259ri m\u00fczakir\u0259 etdik, karantin rejimi \u015f\u0259raitind\u0259 f\u0259aliyy\u0259t g\u00f6st\u0259r\u0259n jurnalistl\u0259rin \u00fcz\u0259rin\u0259 d\u00fc\u015f\u0259n m\u0259suliyy\u0259tli m\u0259s\u0259l\u0259l\u0259ri \u00f6n\u0259 \u00e7\u0259kdik.<\/p>\n\n\n\n<p>Vur\u011fulad\u0131q ki, in\u015fallah tezlikl\u0259 respublikam\u0131zda h\u0259yat normalla\u015far v\u0259 biz d\u0259 Milli M\u0259tbuat\u0131m\u0131z\u0131n bu il tamam olacaq 145 illik yubileyi il\u0259 ba\u011fl\u0131 m\u00fc\u0259yy\u0259n layih\u0259l\u0259rin icras\u0131na start ver\u0259rik.<\/p>\n\n\n\n<p>Z\u00fcmr\u00fcd xan\u0131m h\u0259m\u00e7inin qeyd etdi ki, dostlar davaml\u0131 olaraq m\u0259niml\u0259 \u0259laq\u0259 saxlay\u0131r, hal-\u0259hval tutur v\u0259 dar\u0131xma\u011fa qoymurlar. Bel\u0259 g\u00fcnl\u0259rd\u0259 Namiq D\u0259lida\u011fl\u0131n\u0131n yaratd\u0131\u011f\u0131 &#8220;Yarad\u0131c\u0131 dostlar qrupu&#8221; \u00e7ox k\u00f6m\u0259yimiz\u0259 \u00e7at\u0131r. Bu qrup vasit\u0259sil\u0259, dem\u0259k olar ki, h\u0259r g\u00fcn Sevinc Q\u0259rib, Namiq D\u0259lida\u011fl\u0131, Firdovsi C\u0259f\u0259rxan, Natiq Ismay\u0131lo\u011flu, Nis\u0259 Heyd\u0259rli, Aygun Hac\u0131yeva, Ruhiyy\u0259 &nbsp;Bahar, \u015e\u0259rb\u0259t\u0259li m\u00fc\u0259llim, Lilpar C\u0259m\u015fidq\u0131z\u0131, M\u0259rcan Sabirq\u0131z\u0131, Q\u0259nir\u0259 Mehdixanl\u0131, Rahile Veyselli v\u0259 dig\u0259rl\u0259ri il\u0259 \u0259laq\u0259 qurur v\u0259 maraql\u0131 payla\u015fmalarla bir-birimiz\u0259 m\u0259n\u0259vi d\u0259st\u0259k oluruq.<\/p>\n\n\n\n<p>G\u00fcman edir\u0259m ki, Z\u00fcmr\u00fcd xan\u0131m Balo\u011flanovan\u0131 Sumqay\u0131tda, o c\u00fcml\u0259d\u0259n respublikam\u0131zda tan\u0131yan yet\u0259rinc\u0259 insan var. Bununla bel\u0259, tan\u0131mayanlar \u00fc\u00e7\u00fcn veteran jurnalistimizin h\u0259yat v\u0259 f\u0259aliyy\u0259ti haqq\u0131nda q\u0131saca da olsa m\u0259lumat verm\u0259k ist\u0259yir\u0259m.<\/p>\n\n\n\n<p><strong>*<\/strong><\/p>\n\n\n\n<p>Z\u00fcmr\u00fcd N\u00f6hbala q\u0131z\u0131 Balo\u011flanova 1946-c\u0131 il avqustun 23-d\u0259 Bak\u0131 \u015f\u0259h\u0259rind\u0259 anadan olub. 1953-c\u00fc ild\u0259 Bak\u0131 \u015f\u0259h\u0259ri Ma\u015fta\u011fa q\u0259s\u0259b\u0259sind\u0259ki 187 sayl\u0131 eksperimental orta m\u0259kt\u0259bin 1-ci sinfin\u0259 daxil olmu\u015f, 1964-c\u00fc ild\u0259 h\u0259min m\u0259kt\u0259bin 11-ci sinfini q\u0131z\u0131l medalla bitirmi\u015fdir. H\u0259l\u0259 orta m\u0259kt\u0259bd\u0259 oxuyark\u0259n \u201cAz\u0259rbaycan pioneri\u201d v\u0259 \u201cAz\u0259rbaycan g\u0259ncl\u0259ri\u201d q\u0259zetl\u0259rind\u0259 m\u00fcxt\u0259lif m\u0259lumat s\u0259ciyy\u0259li x\u0259b\u0259rl\u0259rl\u0259, y\u0131\u011fcam yaz\u0131larla \u00e7\u0131x\u0131\u015f etmi\u015fdir. M\u0259kt\u0259bi bitirdikd\u0259n sonra Sumqay\u0131t \u015f\u0259h\u0259rin\u0259 g\u0259l\u0259r\u0259k \u201cSosialist Sumqay\u0131t\u0131\u201d q\u0259zetind\u0259 korrektor kimi \u0259m\u0259k f\u0259aliyy\u0259tin\u0259 ba\u015flam\u0131\u015f, m\u0259tbuatda m\u00fcnt\u0259z\u0259m olaraq \u00e7\u0131x\u0131\u015f etmi\u015fdir. 1965-ci ild\u0259 Az\u0259rbaycan D\u00f6vl\u0259t Universitetinin jurnalistika fak\u00fclt\u0259sind\u0259 t\u0259hsilini qiyabi davam etdirmi\u015f v\u0259 1972-ci ild\u0259 t\u0259hsilini ba\u015fa vuraraq, jurnalistlik ixtisas\u0131na yiy\u0259l\u0259nmi\u015fdir.&nbsp;<\/p>\n\n\n\n<p>\u201cSosialist \u015f\u0259h\u0259rl\u0259rinin yaranmas\u0131nda m\u0259tbuat\u0131n rolu\u201d m\u00f6vzusundak\u0131 diplom i\u015fi &nbsp;m\u00fcdafi\u0259 vaxt\u0131 D\u00f6vl\u0259t komissiyas\u0131 t\u0259r\u0259find\u0259n y\u00fcks\u0259k qiym\u0259tlndiril\u0259r\u0259k elm\u0131 i\u015f kimi davam etdirilm\u0259si t\u00f6vsiy\u0259 olunmu\u015fdur. Sonradan Z\u00fcmr\u00fcd xan\u0131m bu m\u00f6vzu \u0259traf\u0131nda &nbsp;axtar\u0131\u015flar\u0131n\u0131 geni\u015fl\u0259ndirm\u0259kl\u0259 &nbsp;elmi i\u015f m\u00fcdafi\u0259 ed\u0259r\u0259k alimlik d\u0259r\u0259c\u0259si alm\u0131\u015fd\u0131r.&nbsp;<\/p>\n\n\n\n<p>\u00d6t\u0259n ill\u0259r \u0259rzind\u0259 &nbsp;yerli v\u0259 m\u0259rk\u0259zi m\u0259tbuatda m\u00fcxt\u0259lif s\u0259pkili v\u0259 janrl\u0131 yaz\u0131larla \u00e7\u0131x\u0131\u015f etmi\u015f, y\u00fczl\u0259rl\u0259 operativ yaz\u0131, o\u00e7erk, reportaj, zarisovka, felyetonlar\u0131n m\u00fc\u0259lluifi olmu\u015fdur. &nbsp;H\u0259l\u0259 1972-ci ild\u0259 SSR\u0130 Jurnalistl\u0259r \u0130ttifaq\u0131na &nbsp;q\u0259bul edilmi\u015fdir. &nbsp;<\/p>\n\n\n\n<p>1975-78-ci ill\u0259rd\u0259 \u201cSumqay\u0131tkimyas\u0259naye\u201d \u0130stehsalat Birliyinin \u201cKimya\u00e7i\u201d q\u0259zetind\u0259 m\u0259sul katib i\u015fl\u0259y\u0259n Z\u00fcmr\u00fcd Balo\u011flanova 1978-ci ild\u0259 k\u00f6\u00e7\u00fcrm\u0259 yolu il\u0259 \u201cKirpi\u201d &nbsp;siyasi satira jurnal\u0131na i\u015f\u0259 ke\u00e7\u0259r\u0259k felyeton \u015f\u00f6b\u0259sinin redaktoru kimi jurnalistlik f\u0259aliyy\u0259tini davam etdirmi\u015f, c\u0259miyy\u0259td\u0259ki v\u0259 g\u00fcnd\u0259lik h\u0259yatdak\u0131 n\u00f6qsanlar\u0131 \u00f6z yaz\u0131lar\u0131 il\u0259 ciddi \u015f\u0259kild\u0259 t\u0259nqid etmi\u015fdir. 15 il fasil\u0259siz bu jurnalda i\u015fl\u0259mi\u015fdir.<\/p>\n\n\n\n<p>1993-ild\u0259 \u201cM\u00f6h\u00fcr\u201d ki\u00e7ik m\u00fc\u0259ssis\u0259sini yaradan Z\u00fcmr\u00fcd xan\u0131m Balo\u011flanova, haz\u0131rda \u00f6z\u0259l n\u0259\u015friyyat kimi bu sah\u0259d\u0259 h\u0259m na\u015fir, h\u0259m d\u0259 redaktor kimi f\u0259aliyy\u0259t g\u00f6st\u0259rir, eyni zamanda d\u00f6vri m\u0259tbuatda &#8211; &nbsp;&#8220;Manevr.az&#8221;, &#8220;Sumqayitfakt.az&#8221;, &nbsp;&#8220;Azpress.az&#8221;, &#8220;S\u0130A.az&#8221; v\u0259 dig\u0259r saytlarda, &#8220;Azad Az\u0259rbaycan&#8221; v\u0259 &#8220;M\u00f6ht\u0259\u015f\u0259m Az\u0131rbaycan&#8221; q\u0259zetl\u0259rind\u0259 vaxta\u015f\u0131r\u0131 &nbsp;publisistik &nbsp;yaz\u0131larla &nbsp;jurnalistlik &nbsp;f\u0259aliyy\u0259timi davam etdirir.<\/p>\n\n\n\n<p>D\u0259f\u0259l\u0259rl\u0259 respublika v\u0259 \u015f\u0259h\u0259r s\u0259viyy\u0259sind\u0259 f\u0259xri f\u0259rmanlara, diplomlara layiq g\u00f6r\u00fclm\u00fc\u015f, Respublika Komsomol t\u0259\u015fkilat\u0131n\u0131n v\u0259 \u201cBilik\u201d C\u0259miyy\u0259tinin f\u0259xri f\u0259rmanlar\u0131 il\u0259 t\u0259ltif olunmu\u015fdur.<br>5 \u00e7a\u011f\u0131r\u0131\u015f Sumqay\u0131t \u015f\u0259h\u0259r Xalq M\u0259hk\u0259m\u0259sinin iclas\u00e7\u0131s\u0131 v\u0259 \u201cSumqay\u0131tkimyas\u0259naye\u201d \u0130stehsalat Birliyi Partiya Komit\u0259si Plenumunun \u00fczv\u00fc olmu\u015fdur.<\/p>\n\n\n\n<p>Az\u0259rbaycan Jurnalistl\u0259r Birliyinin \u00fczv\u00fc olan Z\u00fcmr\u00fcd Balo\u011flanova \u201cM\u00fcq\u0259dd\u0259s q\u0259l\u0259m\u201d media m\u00fckafat\u0131 laureat\u0131d\u0131r.&nbsp; <\/p>\n\n\n\n<p> Rafiq Oday,  <\/p>\n\n\n\n<p>Az\u0259rbaycan Junalistl\u0259r Birliyi Sumqay\u0131t \u015f\u0259h\u0259r t\u0259\u015fkilat\u0131n\u0131n s\u0259dri, Respublikan\u0131n \u018fm\u0259kdar jurnalisti. <\/p>\n\n\n\n<p><\/p>\n","protected":false},"excerpt":{"rendered":"<p>Bu g\u00fcnl\u0259rd\u0259 &nbsp;veteran jurnalist, Az\u0259rbaycan Jurnalistl\u0259r Birliyinin F\u0259xri \u00fczv\u00fc, &#8220;M\u00fcq\u0259dd\u0259s q\u0259l\u0259m&#8221; media m\u00fckafat\u0131 laureat\u0131, bu g\u00fcn d\u0259 g\u0259nclik e\u015fqi il\u0259 yaz\u0131b yaradan Z\u00fcmr\u00fcd xan\u0131m Balo\u011flanovan\u0131 evind\u0259 ziyar\u0259t etdik (&#8220;M\u00f6ht\u0259\u015f\u0259m Az\u0259rbaycan&#8221; q\u0259zetinin texniki redaktoru \u018fr\u015fad Nihadla birg\u0259).&nbsp; Bu ziyar\u0259ti d\u0259 Az\u0259rbaycan Jurnalistl\u0259r Birliyi Sumqay\u0131t \u015f\u0259h\u0259r t\u0259\u015fkilat\u0131n\u0131n s\u0259dri kimi \u00f6z\u00fcm\u0259 borc bildim v\u0259 q\u0259l\u0259m dostlar\u0131m\u0131z\u0131n, birlik \u00fczvl\u0259rinin [&hellip;]<\/p>\n","protected":false},"author":2,"featured_media":0,"comment_status":"open","ping_status":"open","sticky":false,"template":"","format":"standard","meta":{"footnotes":""},"categories":[40],"tags":[],"class_list":["post-35447","post","type-post","status-publish","format-standard","hentry","category-ajbsumqayit"],"_links":{"self":[{"href":"https:\/\/edebiyyat-az.com\/index.php?rest_route=\/wp\/v2\/posts\/35447","targetHints":{"allow":["GET"]}}],"collection":[{"href":"https:\/\/edebiyyat-az.com\/index.php?rest_route=\/wp\/v2\/posts"}],"about":[{"href":"https:\/\/edebiyyat-az.com\/index.php?rest_route=\/wp\/v2\/types\/post"}],"author":[{"embeddable":true,"href":"https:\/\/edebiyyat-az.com\/index.php?rest_route=\/wp\/v2\/users\/2"}],"replies":[{"embeddable":true,"href":"https:\/\/edebiyyat-az.com\/index.php?rest_route=%2Fwp%2Fv2%2Fcomments&post=35447"}],"version-history":[{"count":3,"href":"https:\/\/edebiyyat-az.com\/index.php?rest_route=\/wp\/v2\/posts\/35447\/revisions"}],"predecessor-version":[{"id":35459,"href":"https:\/\/edebiyyat-az.com\/index.php?rest_route=\/wp\/v2\/posts\/35447\/revisions\/35459"}],"wp:attachment":[{"href":"https:\/\/edebiyyat-az.com\/index.php?rest_route=%2Fwp%2Fv2%2Fmedia&parent=35447"}],"wp:term":[{"taxonomy":"category","embeddable":true,"href":"https:\/\/edebiyyat-az.com\/index.php?rest_route=%2Fwp%2Fv2%2Fcategories&post=35447"},{"taxonomy":"post_tag","embeddable":true,"href":"https:\/\/edebiyyat-az.com\/index.php?rest_route=%2Fwp%2Fv2%2Ftags&post=35447"}],"curies":[{"name":"wp","href":"https:\/\/api.w.org\/{rel}","templated":true}]}}