{"id":35451,"date":"2020-04-13T11:00:00","date_gmt":"2020-04-13T07:00:00","guid":{"rendered":"http:\/\/edebiyyat-az.com\/?p=35451"},"modified":"2020-04-13T12:17:03","modified_gmt":"2020-04-13T08:17:03","slug":"yazici-v%c9%99-sair%c9%99-gular%c9%99-munis-n%c9%99n%c9%99-nagil-de-m%c9%99n%c9%99-nagili-il%c9%99-kitabxana-koronavirusa-yox-deyir-layih%c9%99sind","status":"publish","type":"post","link":"https:\/\/edebiyyat-az.com\/?p=35451","title":{"rendered":"Yaz\u0131\u00e7\u0131 v\u0259 \u015fair\u0259 G\u00fclar\u0259 Munis \u201cN\u0259n\u0259, na\u011f\u0131l de m\u0259n\u0259&#8230;\u201d na\u011f\u0131l\u0131 il\u0259  \u201cKitabxana\u2013koronavirusa YOX deyir!\u201d layih\u0259sind\u0259 i\u015ftirak\u0131 davam edir"},"content":{"rendered":"\n<figure class=\"wp-block-image size-large\"><img decoding=\"async\" src=\"https:\/\/b.radikal.ru\/b03\/2004\/7f\/66f360bcb9cf.jpg\" alt=\"\"\/><\/figure>\n\n\n\n<p><strong>Yaz\u0131\u00e7\u0131 v\u0259 \u015fair\u0259 G\u00fclar\u0259 Munis \u201cN\u0259n\u0259, na\u011f\u0131l de m\u0259n\u0259&#8230;\u201d na\u011f\u0131l\u0131 il\u0259 <\/strong><\/p>\n\n\n\n<p><strong>\u201cKitabxana \u2013 koronavirusa YOX deyir!\u201d<\/strong><\/p>\n\n\n\n<p><strong>layih\u0259sind\u0259 i\u015ftirak\u0131 davam edir<\/strong><\/p>\n\n\n\n<p>Bak\u0131 \u015f\u0259h\u0259r M\u0259d\u0259niyy\u0259t Ba\u015f \u0130dar\u0259si Yasamal rayon\nM\u0259rk\u0259zl\u0259\u015fdirilmi\u015f Kitabxana Sisteminin (MKS) h\u0259yata ke\u00e7irdiyi \u201cKitabxana \u2013\nkoronavirusa YOX deyir!\u201d lay\u0131h\u0259si \u00e7\u0259r\u00e7iv\u0259sind\u0259 \u201cYaz\u0131\u00e7\u0131 v\u0259 \u015fairl\u0259r koronavirusla\nm\u00fcbariz\u0259 edir\u201d aksiyas\u0131na qo\u015fulan yazarlar \u00f6z \u0259s\u0259rl\u0259rini t\u0259qdim etm\u0259kd\u0259 davam\nedir.<\/p>\n\n\n\n<p>Kitabxana karantin rejimind\u0259 i\u015fini u\u011furla davam\netdir\u0259r\u0259k, oxuculara virtual xidm\u0259t g\u00f6st\u0259rm\u0259kd\u0259dir.<\/p>\n\n\n\n<p>&nbsp;&nbsp;&nbsp;&nbsp;&nbsp;&nbsp;&nbsp;&nbsp; Az\u0259rbaycan Yaz\u0131\u00e7\u0131lar v\u0259\nJurnalistl\u0259r Birlikl\u0259rinin \u00fczv\u00fc istedadl\u0131 yaz\u0131\u00e7\u0131 v\u0259 \u015fair\u0259, M.\u015e.Vazeh ad\u0131na\nYasamal rayon M\u0259rk\u0259zi Kitabxanas\u0131n\u0131n F\u0259xri oxucusu G\u00fclar\u0259 Munis n\u00f6vb\u0259ti \u201cN\u0259n\u0259,\nna\u011f\u0131l de m\u0259n\u0259&#8230;\u201d adl\u0131 na\u011f\u0131l\u0131n\u0131 kitabxanaya virtual formada t\u0259qdim etdi. Na\u011f\u0131l\u0131n\nq\u0259hr\u0259man\u0131 M\u0259sm\u0259 n\u0259n\u0259nin \u2013 <strong>\u201cO\nx\u0259st\u0259likl\u0259r\u0259 insanlar ham\u0131 birlikd\u0259 qalib g\u0259l\u0259c\u0259k, insanlar evd\u0259 qalmaqla ona\n\u00fcst\u00fcn g\u0259l\u0259c\u0259k\u201d<\/strong> \u2013 s\u00f6zl\u0259ri il\u0259 yazar \u201cBiz birlikd\u0259 g\u00fccl\u00fcy\u00fck!\u201d, \u201c#Evd\u0259qal\u201d \u00e7a\u011fr\u0131\u015f\u0131n\u0131 bir daha d\u0259st\u0259kl\u0259di. <\/p>\n\n\n\n<p>\u018fziz u\u015faqlar, \u201c<strong>G\u00f6y\nguruldad\u0131, ild\u0131r\u0131m \u00e7axd\u0131, g\u00fccl\u00fc ya\u011f\u0131\u015f ya\u011fd\u0131. Ya\u011f\u0131\u015f havada olan b\u00fct\u00fcn\nx\u0259st\u0259likl\u0259ri yuyub apard\u0131!\u201d<\/strong> \u2013 dey\u0259n yazar, tezlikl\u0259 b\u0259\u015f\u0259riyy\u0259t\u0259 kabus olan\nbu virusun m\u0259\u011flub olaca\u011f\u0131n\u0131, insanl\u0131\u011f\u0131n q\u0259l\u0259b\u0259 \u00e7alaca\u011f\u0131n\u0131 bildirir.<\/p>\n\n\n\n<p>Na\u011f\u0131l\u0131 r\u0259ngli \u015f\u0259kill\u0259rl\u0259 d\u0259 oxuya bil\u0259rsiniz:<\/p>\n\n\n\n<figure class=\"wp-block-embed\"><div class=\"wp-block-embed__wrapper\">\nhttp:\/\/yasamal.cls.az\/front\/files\/libraries\/81\/documents\/947884706.pdf\n<\/div><\/figure>\n\n\n\n<p><strong>&nbsp;&nbsp;&nbsp;&nbsp;&nbsp;&nbsp;&nbsp;&nbsp;&nbsp;&nbsp;&nbsp;&nbsp;&nbsp;&nbsp;&nbsp;&nbsp;&nbsp;&nbsp;&nbsp;&nbsp;&nbsp;&nbsp;&nbsp;&nbsp;&nbsp;&nbsp;&nbsp;&nbsp;&nbsp;&nbsp;&nbsp;&nbsp;&nbsp;&nbsp;&nbsp;&nbsp;&nbsp;&nbsp;&nbsp;&nbsp;&nbsp;&nbsp;&nbsp;&nbsp;&nbsp;&nbsp;&nbsp;&nbsp;&nbsp;&nbsp;\nG\u00fclar\u0259 Munis<\/strong><\/p>\n\n\n\n<p><strong>&nbsp;&nbsp;&nbsp;&nbsp;&nbsp;&nbsp;&nbsp;&nbsp;&nbsp;&nbsp;&nbsp;&nbsp;&nbsp;&nbsp;&nbsp;&nbsp;&nbsp;&nbsp;&nbsp;&nbsp;&nbsp;&nbsp;&nbsp;&nbsp;&nbsp;&nbsp;&nbsp;&nbsp;&nbsp;&nbsp;&nbsp;&nbsp;&nbsp;&nbsp;&nbsp;&nbsp;&nbsp;&nbsp;&nbsp;&nbsp;&nbsp;&nbsp; AYB-nin\nv\u0259 AJB-nin \u00fczv\u00fc,<\/strong><\/p>\n\n\n\n<p>&nbsp;&nbsp;&nbsp;&nbsp;&nbsp;&nbsp;&nbsp;&nbsp;&nbsp;&nbsp;&nbsp;&nbsp;&nbsp;&nbsp;&nbsp;&nbsp;&nbsp;&nbsp;&nbsp;&nbsp;&nbsp;&nbsp;&nbsp;&nbsp;&nbsp;&nbsp;&nbsp;&nbsp;&nbsp;&nbsp; <strong>M.\u015e.Vazeh ad\u0131na M\u0259rk\u0259zi Kitabxanan\u0131n <\/strong><\/p>\n\n\n\n<p><strong>&nbsp;&nbsp;&nbsp;&nbsp;&nbsp;&nbsp;&nbsp;&nbsp;&nbsp;&nbsp;&nbsp;&nbsp;&nbsp;&nbsp;&nbsp;&nbsp;&nbsp;&nbsp;&nbsp;&nbsp;&nbsp;&nbsp;&nbsp;&nbsp;&nbsp;&nbsp;&nbsp;&nbsp;&nbsp;&nbsp;&nbsp;&nbsp;&nbsp;&nbsp;&nbsp;&nbsp;&nbsp;&nbsp;&nbsp;&nbsp;&nbsp;&nbsp;&nbsp;&nbsp;&nbsp;&nbsp;&nbsp;&nbsp;&nbsp;&nbsp;&nbsp;\nF\u0259xri oxucusu<\/strong><strong><\/strong><\/p>\n\n\n\n<p><strong>&nbsp;&nbsp;&nbsp;&nbsp;&nbsp;&nbsp;&nbsp;&nbsp;&nbsp;&nbsp;&nbsp;&nbsp;&nbsp;&nbsp;&nbsp;&nbsp;&nbsp;&nbsp;&nbsp;&nbsp;&nbsp;&nbsp;&nbsp;&nbsp;&nbsp;&nbsp;&nbsp;&nbsp;&nbsp; N\u0259n\u0259,\nna\u011f\u0131l de m\u0259n\u0259&#8230;<\/strong><\/p>\n\n\n\n<p>Biri var idi, biri\nyox idi.M\u0259sm\u0259 adl\u0131 bir n\u0259n\u0259 var idi.M\u0259sm\u0259 n\u0259n\u0259nin Az\u0259r v\u0259 Turan adl\u0131 iki n\u0259v\u0259si\nvar idi. O, h\u0259r g\u00fcn ax\u015fam n\u0259v\u0259l\u0259rin\u0259 maraql\u0131 na\u011f\u0131llar dan\u0131\u015far, n\u0259v\u0259l\u0259ri da onu\ndinl\u0259y\u0259rdi.<\/p>\n\n\n\n<p>Bir g\u00fcn M\u0259sm\u0259 n\u0259n\u0259\nyen\u0259 na\u011f\u0131l dan\u0131\u015fma\u011fa ba\u015flayanda Turan dedi:<\/p>\n\n\n\n<p>\u2013 Ay n\u0259n\u0259, el\u0259 na\u011f\u0131l\ndan\u0131\u015f ki, orada \u0259jdaha, div olmas\u0131n.<\/p>\n\n\n\n<p>Bunu e\u015fid\u0259n Az\u0259r is\u0259\ndedi:<\/p>\n\n\n\n<p>\u2013 N\u0259 dan\u0131\u015f\u0131rsan?\nOnda na\u011f\u0131l maraql\u0131 olmaz ki&#8230; Qoy \u0259jdaha, div olan na\u011f\u0131l dan\u0131\u015fs\u0131n. S\u0259n q\u0131zsan,\nqorxursan get yat!<\/p>\n\n\n\n<p>Turan incik halda\ncavab verdi:<\/p>\n\n\n\n<p>\u2013 M\u0259n onlardan\nqorxmuram! \u2013&nbsp; Sonra \u0259lav\u0259 etdi. \u2013&nbsp; N\u0259n\u0259, ola bil\u0259r ki, o \u0259jdaha v\u0259 divl\u0259r bizim\nya\u015fad\u0131\u011f\u0131m\u0131z zamana da g\u0259lib \u00e7\u0131xs\u0131nlar?<\/p>\n\n\n\n<p>M\u0259sm\u0259 n\u0259n\u0259 Turan\u0131n\nba\u015f\u0131n\u0131 s\u0131\u011fallay\u0131b dedi:<\/p>\n\n\n\n<p>\u2013 \u018fslind\u0259 h\u0259r\nzaman\u0131n \u00f6z divi, \u0259jdahas\u0131 olur. Bizim d\u0259 zamanda div, \u0259jdaha var, amma biz\nonlar\u0131 g\u00f6rm\u00fcr\u00fck. Onlar \u00f6z pis \u0259m\u0259ll\u0259rini gizlinc\u0259 edir. \u0130nsanlar\u0131 qorxuya,\nvahim\u0259y\u0259 sal\u0131r. Onlara z\u00fclm edir.<\/p>\n\n\n\n<p>Turan maraqla\nsoru\u015fdu:<\/p>\n\n\n\n<p>\u2013 Ay n\u0259n\u0259, d\u00fczd\u00fcr\nki, \u0259jdahan\u0131n ba\u015f\u0131nda tac olur?<\/p>\n\n\n\n<p>M\u0259sm\u0259 n\u0259n\u0259\ng\u00fcl\u00fcms\u0259y\u0259r\u0259k cavab verdi:<\/p>\n\n\n\n<p>\u2013 D\u00fczd\u00fcr. Amma b\u0259z\u0259n\nba\u015f\u0131nda tac olan daha qorxulu \u015feyl\u0259r d\u0259 olur.<\/p>\n\n\n\n<p>Az\u0259r tez q\u0131\u015fq\u0131rd\u0131:<\/p>\n\n\n\n<p>\u2013 M\u0259n bilir\u0259m, bizim\nd\u00f6vrd\u0259 olan \u0259jdahan\u0131n ad\u0131 n\u0259dir, o koronavirusdur. Onun da ba\u015f\u0131nda tac var, o\nda insanlara d\u00fc\u015fm\u0259n\u00e7ilik edir, adamlara \u0259zab-\u0259ziyy\u0259t verir. N\u0259n\u0259, onda dem\u0259k\npis x\u0259st\u0259likl\u0259r divl\u0259r kimidir? Onda da adamlar evd\u0259n \u00e7\u00f6l\u0259 \u00e7\u0131xm\u0131r, ham\u0131 \u00f6z\nevind\u0259 qal\u0131r.Ay n\u0259n\u0259, na\u011f\u0131llarda q\u0259hr\u0259manlar o divl\u0259r\u0259, \u0259jdahalara qalib g\u0259lib,\nonlar\u0131 \u00f6ld\u00fcr\u00fcr, insanlar\u0131 xilas edir, b\u0259s bu x\u0259st\u0259likl\u0259r\u0259 kim qalib g\u0259l\u0259c\u0259k?\nOnlar\u0131 kim m\u0259hv ed\u0259c\u0259k?<\/p>\n\n\n\n<p>M\u0259sm\u0259 n\u0259n\u0259\nmehribanl\u0131qla cavab verdi:<\/p>\n\n\n\n<p>\u2013 O x\u0259st\u0259likl\u0259r\u0259\ninsanlar ham\u0131 birlikd\u0259 qalib g\u0259l\u0259c\u0259k, insanlar evd\u0259 qalmaqla ona \u00fcst\u00fcn g\u0259l\u0259c\u0259k.\nO x\u0259st\u0259lik g\u0259z\u0259c\u0259k, axtaracaq, k\u00fc\u00e7\u0259l\u0259rd\u0259 yoluxma\u011fa adam tapmayacaq. Hirsind\u0259n,\nq\u0259z\u0259bind\u0259n &nbsp;\u00f6z\u00fc m\u0259hv olub ged\u0259c\u0259k. Ax\u0131 insanlar \u0259lbir olanda, b\u00fct\u00fcn\ndivl\u0259r\u0259, \u0259jdahalara qalib g\u0259l\u0259 bilirl\u0259r.<\/p>\n\n\n\n<p>Bel\u0259c\u0259 bu g\u00fcnk\u00fc\nna\u011f\u0131l\u0131m\u0131z da sona \u00e7atd\u0131. G\u00f6y guruldad\u0131, ild\u0131r\u0131m \u00e7axd\u0131, g\u00fccl\u00fc ya\u011f\u0131\u015f ya\u011fd\u0131. Ya\u011f\u0131\u015f\nhavada olan b\u00fct\u00fcn x\u0259st\u0259likl\u0259ri yuyub apard\u0131!<\/p>\n\n\n\n<p><strong><em>&nbsp;&nbsp;&nbsp;&nbsp;&nbsp;&nbsp;&nbsp;&nbsp;&nbsp;&nbsp;&nbsp;&nbsp;&nbsp;&nbsp;&nbsp;&nbsp;&nbsp;&nbsp;&nbsp;&nbsp;&nbsp;\nN\u0259n\u0259, na\u011f\u0131l de m\u0259n\u0259,<\/em><\/strong><strong><em><\/em><\/strong><\/p>\n\n\n\n<p><strong><em>&nbsp;&nbsp;&nbsp;&nbsp;&nbsp;&nbsp;&nbsp;&nbsp;&nbsp;&nbsp;&nbsp;&nbsp;&nbsp;&nbsp;&nbsp;&nbsp;&nbsp;&nbsp;&nbsp;&nbsp;&nbsp;\nM\u0259n qulaq as\u0131m s\u0259n\u0259.<\/em><\/strong><strong><em><\/em><\/strong><\/p>\n\n\n\n<p><strong><em>&nbsp;&nbsp;&nbsp;&nbsp;&nbsp;&nbsp;&nbsp;&nbsp;&nbsp;&nbsp;&nbsp;&nbsp;&nbsp;&nbsp;&nbsp;&nbsp;&nbsp;&nbsp;&nbsp;&nbsp;&nbsp;\nDan\u0131\u015f ya\u011f\u0131\u015fdan, qardan,<\/em><\/strong><strong><em><\/em><\/strong><\/p>\n\n\n\n<p><strong><em>&nbsp;&nbsp;&nbsp;&nbsp;&nbsp;&nbsp;&nbsp;&nbsp;&nbsp;&nbsp;&nbsp;&nbsp;&nbsp;&nbsp;&nbsp;&nbsp;&nbsp;&nbsp;&nbsp;&nbsp;&nbsp;\nAlmalar g\u0259lir hardan?<\/em><\/strong><strong><em><\/em><\/strong><\/p>\n\n\n\n<p><strong><em>&nbsp;&nbsp;&nbsp;&nbsp;&nbsp;&nbsp;&nbsp;&nbsp;&nbsp;&nbsp;&nbsp;&nbsp;&nbsp;&nbsp;&nbsp;&nbsp;&nbsp;&nbsp;&nbsp;&nbsp;&nbsp;\nG\u00f6y\u00fcn donu s\u00f6k\u00fcls\u00fcn,<\/em><\/strong><strong><em><\/em><\/strong><\/p>\n\n\n\n<p><strong><em>&nbsp;&nbsp;&nbsp;&nbsp;&nbsp;&nbsp;&nbsp;&nbsp;&nbsp;&nbsp;&nbsp;&nbsp;&nbsp;&nbsp;&nbsp;&nbsp;&nbsp;&nbsp;&nbsp;&nbsp;&nbsp;\nOrdan alma t\u00f6k\u00fcls\u00fcn!<\/em><\/strong><strong><em><\/em><\/strong><\/p>\n","protected":false},"excerpt":{"rendered":"<p>Yaz\u0131\u00e7\u0131 v\u0259 \u015fair\u0259 G\u00fclar\u0259 Munis \u201cN\u0259n\u0259, na\u011f\u0131l de m\u0259n\u0259&#8230;\u201d na\u011f\u0131l\u0131 il\u0259 \u201cKitabxana \u2013 koronavirusa YOX deyir!\u201d layih\u0259sind\u0259 i\u015ftirak\u0131 davam edir Bak\u0131 \u015f\u0259h\u0259r M\u0259d\u0259niyy\u0259t Ba\u015f \u0130dar\u0259si Yasamal rayon M\u0259rk\u0259zl\u0259\u015fdirilmi\u015f Kitabxana Sisteminin (MKS) h\u0259yata ke\u00e7irdiyi \u201cKitabxana \u2013 koronavirusa YOX deyir!\u201d lay\u0131h\u0259si \u00e7\u0259r\u00e7iv\u0259sind\u0259 \u201cYaz\u0131\u00e7\u0131 v\u0259 \u015fairl\u0259r koronavirusla m\u00fcbariz\u0259 edir\u201d aksiyas\u0131na qo\u015fulan yazarlar \u00f6z \u0259s\u0259rl\u0259rini t\u0259qdim etm\u0259kd\u0259 davam edir. [&hellip;]<\/p>\n","protected":false},"author":2,"featured_media":0,"comment_status":"open","ping_status":"open","sticky":false,"template":"","format":"standard","meta":{"footnotes":""},"categories":[1],"tags":[],"class_list":["post-35451","post","type-post","status-publish","format-standard","hentry","category-home"],"_links":{"self":[{"href":"https:\/\/edebiyyat-az.com\/index.php?rest_route=\/wp\/v2\/posts\/35451","targetHints":{"allow":["GET"]}}],"collection":[{"href":"https:\/\/edebiyyat-az.com\/index.php?rest_route=\/wp\/v2\/posts"}],"about":[{"href":"https:\/\/edebiyyat-az.com\/index.php?rest_route=\/wp\/v2\/types\/post"}],"author":[{"embeddable":true,"href":"https:\/\/edebiyyat-az.com\/index.php?rest_route=\/wp\/v2\/users\/2"}],"replies":[{"embeddable":true,"href":"https:\/\/edebiyyat-az.com\/index.php?rest_route=%2Fwp%2Fv2%2Fcomments&post=35451"}],"version-history":[{"count":1,"href":"https:\/\/edebiyyat-az.com\/index.php?rest_route=\/wp\/v2\/posts\/35451\/revisions"}],"predecessor-version":[{"id":35458,"href":"https:\/\/edebiyyat-az.com\/index.php?rest_route=\/wp\/v2\/posts\/35451\/revisions\/35458"}],"wp:attachment":[{"href":"https:\/\/edebiyyat-az.com\/index.php?rest_route=%2Fwp%2Fv2%2Fmedia&parent=35451"}],"wp:term":[{"taxonomy":"category","embeddable":true,"href":"https:\/\/edebiyyat-az.com\/index.php?rest_route=%2Fwp%2Fv2%2Fcategories&post=35451"},{"taxonomy":"post_tag","embeddable":true,"href":"https:\/\/edebiyyat-az.com\/index.php?rest_route=%2Fwp%2Fv2%2Ftags&post=35451"}],"curies":[{"name":"wp","href":"https:\/\/api.w.org\/{rel}","templated":true}]}}