{"id":36112,"date":"2020-05-11T06:00:00","date_gmt":"2020-05-11T02:00:00","guid":{"rendered":"http:\/\/edebiyyat-az.com\/?p=36112"},"modified":"2020-05-11T13:41:18","modified_gmt":"2020-05-11T09:41:18","slug":"az%c9%99rbaycanli-sair%c9%99-x%c9%99yal%c9%99-sevil","status":"publish","type":"post","link":"https:\/\/edebiyyat-az.com\/?p=36112","title":{"rendered":"Az\u0259rbaycanl\u0131 \u015fair\u0259 X\u0259yal\u0259 SEV\u0130L.&#8221;B\u0259d\u0259nimd\u0259 meyit kimi uzanan&#8221;"},"content":{"rendered":"\n<figure class=\"wp-block-image\"><img decoding=\"async\" src=\"http:\/\/edebiyyat-az.com\/wp-content\/uploads\/2020\/03\/xeyalexanim2.jpg\" alt=\"\"\/><\/figure>\n\n\n\n<p> <strong>\u201cG\u0259nc \u018fdibl\u0259r M\u0259kt\u0259bi\u201dnin m\u00fcdavimi, Az\u0259rbaycan Yaz\u0131\u00e7\u0131lar Birliyinin (AYB) \u00fczv\u00fc, Az\u0259rbaycan Respublikas\u0131 Prezidenti t\u0259qa\u00fcd fondunun t\u0259qa\u00fcd\u00e7\u00fcs\u00fc<\/strong> <\/p>\n\n\n\n<p> B\u0259d\u0259nimd\u0259 meyit kimi uzanan<br>\u00dcr\u0259yimin a\u011fr\u0131s\u0131,<br>Xo\u015f g\u0259ldin.<br>G\u00f6z\u00fcm\u00fcn qa\u00e7an yuxusu,<br>Unudulmaq qorxusu,<br>Yana\u011f\u0131m\u0131n n\u0259m torpaq qoxusu,<br>Xo\u015f g\u0259ldin.<br>M\u0259ni a\u011fr\u0131dan ayr\u0131l\u0131q<br>Onu a\u011fr\u0131tmad\u0131sa,<br>\u018fll\u0259rinin divar\u0131ndan<br>Asmad\u0131sa, \u015f\u0259klimi,<br>N\u0259 s\u00f6z\u00fc, n\u0259 m\u0259h\u0259bb\u0259ti<br>\u00d6z\u00fcn do\u011frultmad\u0131sa,<br>Heyf oldu! <\/p>\n","protected":false},"excerpt":{"rendered":"<p>\u201cG\u0259nc \u018fdibl\u0259r M\u0259kt\u0259bi\u201dnin m\u00fcdavimi, Az\u0259rbaycan Yaz\u0131\u00e7\u0131lar Birliyinin (AYB) \u00fczv\u00fc, Az\u0259rbaycan Respublikas\u0131 Prezidenti t\u0259qa\u00fcd fondunun t\u0259qa\u00fcd\u00e7\u00fcs\u00fc B\u0259d\u0259nimd\u0259 meyit kimi uzanan\u00dcr\u0259yimin a\u011fr\u0131s\u0131,Xo\u015f g\u0259ldin.G\u00f6z\u00fcm\u00fcn qa\u00e7an yuxusu,Unudulmaq qorxusu,Yana\u011f\u0131m\u0131n n\u0259m torpaq qoxusu,Xo\u015f g\u0259ldin.M\u0259ni a\u011fr\u0131dan ayr\u0131l\u0131qOnu a\u011fr\u0131tmad\u0131sa,\u018fll\u0259rinin divar\u0131ndanAsmad\u0131sa, \u015f\u0259klimi,N\u0259 s\u00f6z\u00fc, n\u0259 m\u0259h\u0259bb\u0259ti\u00d6z\u00fcn do\u011frultmad\u0131sa,Heyf oldu!<\/p>\n","protected":false},"author":2,"featured_media":0,"comment_status":"open","ping_status":"open","sticky":false,"template":"","format":"standard","meta":{"footnotes":""},"categories":[4],"tags":[],"class_list":["post-36112","post","type-post","status-publish","format-standard","hentry","category-edeb"],"_links":{"self":[{"href":"https:\/\/edebiyyat-az.com\/index.php?rest_route=\/wp\/v2\/posts\/36112","targetHints":{"allow":["GET"]}}],"collection":[{"href":"https:\/\/edebiyyat-az.com\/index.php?rest_route=\/wp\/v2\/posts"}],"about":[{"href":"https:\/\/edebiyyat-az.com\/index.php?rest_route=\/wp\/v2\/types\/post"}],"author":[{"embeddable":true,"href":"https:\/\/edebiyyat-az.com\/index.php?rest_route=\/wp\/v2\/users\/2"}],"replies":[{"embeddable":true,"href":"https:\/\/edebiyyat-az.com\/index.php?rest_route=%2Fwp%2Fv2%2Fcomments&post=36112"}],"version-history":[{"count":2,"href":"https:\/\/edebiyyat-az.com\/index.php?rest_route=\/wp\/v2\/posts\/36112\/revisions"}],"predecessor-version":[{"id":36123,"href":"https:\/\/edebiyyat-az.com\/index.php?rest_route=\/wp\/v2\/posts\/36112\/revisions\/36123"}],"wp:attachment":[{"href":"https:\/\/edebiyyat-az.com\/index.php?rest_route=%2Fwp%2Fv2%2Fmedia&parent=36112"}],"wp:term":[{"taxonomy":"category","embeddable":true,"href":"https:\/\/edebiyyat-az.com\/index.php?rest_route=%2Fwp%2Fv2%2Fcategories&post=36112"},{"taxonomy":"post_tag","embeddable":true,"href":"https:\/\/edebiyyat-az.com\/index.php?rest_route=%2Fwp%2Fv2%2Ftags&post=36112"}],"curies":[{"name":"wp","href":"https:\/\/api.w.org\/{rel}","templated":true}]}}