{"id":36116,"date":"2020-05-11T10:00:00","date_gmt":"2020-05-11T06:00:00","guid":{"rendered":"http:\/\/edebiyyat-az.com\/?p=36116"},"modified":"2020-05-11T13:54:53","modified_gmt":"2020-05-11T09:54:53","slug":"az%c9%99rbaycanli-sair-%c9%99ziz-musa-ist%c9%99s%c9%99n","status":"publish","type":"post","link":"https:\/\/edebiyyat-az.com\/?p=36116","title":{"rendered":"Az\u0259rbaycanl\u0131 \u015fair \u018fziz MUSA.&#8221;\u0130st\u0259s\u0259n&#8221;"},"content":{"rendered":"\n<figure class=\"wp-block-image size-large\"><img loading=\"lazy\" decoding=\"async\" width=\"300\" height=\"300\" src=\"http:\/\/edebiyyat-az.com\/wp-content\/uploads\/2020\/05\/13254264_124476751303476_6406219800299273279_n.jpg\" alt=\"\" class=\"wp-image-36129\" srcset=\"https:\/\/edebiyyat-az.com\/wp-content\/uploads\/2020\/05\/13254264_124476751303476_6406219800299273279_n.jpg 300w, https:\/\/edebiyyat-az.com\/wp-content\/uploads\/2020\/05\/13254264_124476751303476_6406219800299273279_n-150x150.jpg 150w, https:\/\/edebiyyat-az.com\/wp-content\/uploads\/2020\/05\/13254264_124476751303476_6406219800299273279_n-100x100.jpg 100w\" sizes=\"auto, (max-width: 300px) 100vw, 300px\" \/><\/figure>\n\n\n\n<p> <strong>Az\u0259rbaycan Yaz\u0131\u00e7\u0131lar v\u0259 Jurnalistl\u0259r Birlikl\u0259rinin \u00fczv\u00fc, \u201c\u0130lham \u00e7e\u015fm\u0259si\u201d q\u0259zetinin t\u0259sis\u00e7isi v\u0259 ba\u015f redaktoru,<br>Az\u0259rbaycan Respublikas\u0131 Prezidentinin T\u0259qa\u00fcd Fondunun t\u0259qa\u00fcd\u00e7\u00fcs\u00fc<\/strong> <\/p>\n\n\n\n<p>Bu \u00f6m\u00fcr inan ki, s\u0259nsiz he\u00e7 n\u0259di,<br>S\u0259ns\u0259n h\u0259yat\u0131ma bal, \u015f\u0259k\u0259r qatan.<br>S\u0259nsiz d\u00fcnya \u00f6z\u00fc bir \u0259fsan\u0259di,<br>Varm\u0131 g\u00f6z\u0259llikd\u0259 de s\u0259n\u0259 \u00e7atan.<\/p>\n\n\n\n<p>S\u0259nsiz ya\u015famaram \u00fcr\u0259yim m\u0259nim,<br>S\u0259ns\u0259n yeri, g\u00f6y\u00fc sevdir\u0259n m\u0259n\u0259,<br>Ba\u015f\u0131m\u0131n tac\u0131san, nazl\u0131 m\u0259l\u0259yim,<br>G\u00f6z\u0259l g\u00fcnl\u0259r \u00fc\u00e7\u00fcn borcluyam s\u0259n\u0259.<\/p>\n\n\n\n<p>S\u0259n m\u0259n\u0259 d\u00fcnyan\u0131 vermis\u0259n canan,<br>G\u00fcn\u0259\u015fi, Ay\u0131 da nurladan s\u0259ns\u0259n,<br>Ay g\u00fcl\u00fcm, m\u0259n s\u0259ni g\u00f6rd\u00fcy\u00fcm zaman,<br>El\u0259 bilir\u0259m ki, c\u0259nn\u0259td\u0259y\u0259m m\u0259n.<\/p>\n\n\n\n<p>N\u0259 yax\u015f\u0131 b\u0259xtim\u0259 d\u00fc\u015fm\u00fcs\u0259n m\u0259nim,<br>\u015e\u00fck\u00fcr bu qism\u0259t\u0259, \u015f\u00fck\u00fcr bu paya.<br>S\u0259n varsan tay yoxdu ba\u015fqa ist\u0259yim,<br>D\u0259y\u0259r bir g\u00fcl\u00fc\u015f\u00fcn b\u00fct\u00fcn d\u00fcnyaya.<\/p>\n\n\n\n<p>\u018ftirli g\u00fcl\u00fcms\u0259n, q\u00f6n\u00e7\u0259 \u00e7i\u00e7\u0259yim,<br>\u00d6mr\u00fcm\u00fcn, g\u00fcn\u00fcm\u00fcn m\u0259nas\u0131 s\u0259ns\u0259n.<br>Bir \u015firin can\u0131m var, sev\u0259n \u00fcr\u0259yim,<br>S\u0259n\u0259 qurband\u0131lar, n\u0259 vaxt ist\u0259s\u0259n.<\/p>\n","protected":false},"excerpt":{"rendered":"<p>Az\u0259rbaycan Yaz\u0131\u00e7\u0131lar v\u0259 Jurnalistl\u0259r Birlikl\u0259rinin \u00fczv\u00fc, \u201c\u0130lham \u00e7e\u015fm\u0259si\u201d q\u0259zetinin t\u0259sis\u00e7isi v\u0259 ba\u015f redaktoru,Az\u0259rbaycan Respublikas\u0131 Prezidentinin T\u0259qa\u00fcd Fondunun t\u0259qa\u00fcd\u00e7\u00fcs\u00fc Bu \u00f6m\u00fcr inan ki, s\u0259nsiz he\u00e7 n\u0259di,S\u0259ns\u0259n h\u0259yat\u0131ma bal, \u015f\u0259k\u0259r qatan.S\u0259nsiz d\u00fcnya \u00f6z\u00fc bir \u0259fsan\u0259di,Varm\u0131 g\u00f6z\u0259llikd\u0259 de s\u0259n\u0259 \u00e7atan. S\u0259nsiz ya\u015famaram \u00fcr\u0259yim m\u0259nim,S\u0259ns\u0259n yeri, g\u00f6y\u00fc sevdir\u0259n m\u0259n\u0259,Ba\u015f\u0131m\u0131n tac\u0131san, nazl\u0131 m\u0259l\u0259yim,G\u00f6z\u0259l g\u00fcnl\u0259r \u00fc\u00e7\u00fcn borcluyam s\u0259n\u0259. S\u0259n m\u0259n\u0259 d\u00fcnyan\u0131 [&hellip;]<\/p>\n","protected":false},"author":2,"featured_media":0,"comment_status":"open","ping_status":"open","sticky":false,"template":"","format":"standard","meta":{"footnotes":""},"categories":[4],"tags":[],"class_list":["post-36116","post","type-post","status-publish","format-standard","hentry","category-edeb"],"_links":{"self":[{"href":"https:\/\/edebiyyat-az.com\/index.php?rest_route=\/wp\/v2\/posts\/36116","targetHints":{"allow":["GET"]}}],"collection":[{"href":"https:\/\/edebiyyat-az.com\/index.php?rest_route=\/wp\/v2\/posts"}],"about":[{"href":"https:\/\/edebiyyat-az.com\/index.php?rest_route=\/wp\/v2\/types\/post"}],"author":[{"embeddable":true,"href":"https:\/\/edebiyyat-az.com\/index.php?rest_route=\/wp\/v2\/users\/2"}],"replies":[{"embeddable":true,"href":"https:\/\/edebiyyat-az.com\/index.php?rest_route=%2Fwp%2Fv2%2Fcomments&post=36116"}],"version-history":[{"count":1,"href":"https:\/\/edebiyyat-az.com\/index.php?rest_route=\/wp\/v2\/posts\/36116\/revisions"}],"predecessor-version":[{"id":36131,"href":"https:\/\/edebiyyat-az.com\/index.php?rest_route=\/wp\/v2\/posts\/36116\/revisions\/36131"}],"wp:attachment":[{"href":"https:\/\/edebiyyat-az.com\/index.php?rest_route=%2Fwp%2Fv2%2Fmedia&parent=36116"}],"wp:term":[{"taxonomy":"category","embeddable":true,"href":"https:\/\/edebiyyat-az.com\/index.php?rest_route=%2Fwp%2Fv2%2Fcategories&post=36116"},{"taxonomy":"post_tag","embeddable":true,"href":"https:\/\/edebiyyat-az.com\/index.php?rest_route=%2Fwp%2Fv2%2Ftags&post=36116"}],"curies":[{"name":"wp","href":"https:\/\/api.w.org\/{rel}","templated":true}]}}