{"id":36301,"date":"2020-07-08T14:00:00","date_gmt":"2020-07-08T10:00:00","guid":{"rendered":"http:\/\/edebiyyat-az.com\/?p=36301"},"modified":"2020-07-08T17:25:42","modified_gmt":"2020-07-08T13:25:42","slug":"az%c9%99rbaycanli-sair-%c9%99ziz-musa-bu-qiz","status":"publish","type":"post","link":"https:\/\/edebiyyat-az.com\/?p=36301","title":{"rendered":"Az\u0259rbaycanl\u0131 \u015fair \u018fziz MUSA.&#8221;Bu q\u0131z&#8221;"},"content":{"rendered":"\n<figure class=\"wp-block-image\"><img decoding=\"async\" src=\"http:\/\/edebiyyat-az.com\/wp-content\/uploads\/2020\/05\/13254264_124476751303476_6406219800299273279_n.jpg\" alt=\"\"\/><\/figure>\n\n\n\n<p> <strong>Az\u0259rbaycan Yaz\u0131\u00e7\u0131lar v\u0259 Jurnalistl\u0259r Birlikl\u0259rinin \u00fczv\u00fc, \u201c\u0130lham \u00e7e\u015fm\u0259si\u201d q\u0259zetinin t\u0259sis\u00e7isi v\u0259 ba\u015f redaktoru,<br>Az\u0259rbaycan Respublikas\u0131 Prezidentinin T\u0259qa\u00fcd Fondunun t\u0259qa\u00fcd\u00e7\u00fcs\u00fc<\/strong> <\/p>\n\n\n\n<p>T\u0259p\u0259d\u0259n d\u0131rna\u011fa \u015feirdi bu q\u0131z,<br>G\u00f6r\u00fcb camaln\u0131 mat qalm\u0131\u015fam m\u0259n.<br>Bilmir\u0259m ay deyim, yoxsa ki, ulduz,<br>G\u00f6zl\u0259rim qama\u015f\u0131b, lal olmu\u015fam m\u0259n.<\/p>\n\n\n\n<p>Doda\u011f\u0131 \u015feirdi, g\u00f6z\u00fc \u015feirdi,<br>Q\u0259l\u0259m \u0259ld\u0259n d\u00fc\u015f\u00fcb, susubdu dilim,<br>Bax\u0131\u015f\u0131 \u015feirdi, s\u00f6z\u00fc \u015feirdi,<br>Bax\u0131ram, \u00fcz\u00fcmd\u0259 qal\u0131bd\u0131 \u0259lim.<\/p>\n\n\n\n<p>N\u0259yi var \u015fairin \u00fcr\u0259kd\u0259n \u00f6zg\u0259,<br>\u00dcr\u0259yim asl\u0131b qara telind\u0259n.<br>D\u00f6z\u00fcm\u00fcm qalmay\u0131b, naz\u0131n\u0131 \u00e7\u0259k\u0259,<br>Misralar t\u00f6k\u00fcl\u00fcr \u015firin dilind\u0259n.<\/p>\n\n\n\n<p>Q\u0259z\u0259ldi, qo\u015fmad\u0131 \u00fcz\u00fc, yana\u011f,<br>Bax\u0131\u015f\u0131 sevgidir, g\u00fcl\u00fc\u015f\u00fc mehir,<br>Qoynu bir c\u0259nn\u0259tdi, \u00fcz\u00fc g\u00fcl ba\u011f\u0131,<br>Q bir m\u00f6c\u00fcz\u0259di, o bir sirr, sehir.<\/p>\n\n\n\n<p>K\u00f6yn\u0259yi q\u0131f\u0131lb\u0259nd,d\u00fcym\u0259si t\u0259cnis,<br>Verg\u00fcld\u00fc q\u0259mz\u0259si, n\u00f6qt\u0259di xal\u0131.<br>Quran ay\u0259sidi o k\u0259lm\u0259, o s\u0259s,<br>N\u0259f\u0259si bayat\u0131, dili \u015fan bal\u0131.<\/p>\n\n\n\n<p>\u0130nc\u0259 qafiy\u0259di, o \u0259li, beli,<br>Saitdi, samitdi kipriyi, qa\u015f\u0131,<br>Bel\u0259 yazmay\u0131bd\u0131 Vaqif, F\u00fczuli,<br>M\u0259m\u0259m-m\u0259n\u0259m deyir, h\u0259r k\u0259lm\u0259 ba\u015f\u0131.<\/p>\n\n\n\n<p>\u015eeir yazmaq olub, h\u0259mi\u015f\u0259 pe\u015f\u0259m,<br>Bir g\u00f6z\u0259l mahn\u0131d\u0131, s\u00f6zl\u0259ri haz\u0131r.<br>\u0130ndi anlam\u0131\u015fam, indi bilmi\u015f\u0259m,<br>\u018fn g\u00f6z\u0259l \u015feiri Yaradan yaz\u0131r.<\/p>\n","protected":false},"excerpt":{"rendered":"<p>Az\u0259rbaycan Yaz\u0131\u00e7\u0131lar v\u0259 Jurnalistl\u0259r Birlikl\u0259rinin \u00fczv\u00fc, \u201c\u0130lham \u00e7e\u015fm\u0259si\u201d q\u0259zetinin t\u0259sis\u00e7isi v\u0259 ba\u015f redaktoru,Az\u0259rbaycan Respublikas\u0131 Prezidentinin T\u0259qa\u00fcd Fondunun t\u0259qa\u00fcd\u00e7\u00fcs\u00fc T\u0259p\u0259d\u0259n d\u0131rna\u011fa \u015feirdi bu q\u0131z,G\u00f6r\u00fcb camaln\u0131 mat qalm\u0131\u015fam m\u0259n.Bilmir\u0259m ay deyim, yoxsa ki, ulduz,G\u00f6zl\u0259rim qama\u015f\u0131b, lal olmu\u015fam m\u0259n. Doda\u011f\u0131 \u015feirdi, g\u00f6z\u00fc \u015feirdi,Q\u0259l\u0259m \u0259ld\u0259n d\u00fc\u015f\u00fcb, susubdu dilim,Bax\u0131\u015f\u0131 \u015feirdi, s\u00f6z\u00fc \u015feirdi,Bax\u0131ram, \u00fcz\u00fcmd\u0259 qal\u0131bd\u0131 \u0259lim. N\u0259yi var \u015fairin \u00fcr\u0259kd\u0259n \u00f6zg\u0259,\u00dcr\u0259yim [&hellip;]<\/p>\n","protected":false},"author":2,"featured_media":0,"comment_status":"open","ping_status":"open","sticky":false,"template":"","format":"standard","meta":{"footnotes":""},"categories":[4],"tags":[],"class_list":["post-36301","post","type-post","status-publish","format-standard","hentry","category-edeb"],"_links":{"self":[{"href":"https:\/\/edebiyyat-az.com\/index.php?rest_route=\/wp\/v2\/posts\/36301","targetHints":{"allow":["GET"]}}],"collection":[{"href":"https:\/\/edebiyyat-az.com\/index.php?rest_route=\/wp\/v2\/posts"}],"about":[{"href":"https:\/\/edebiyyat-az.com\/index.php?rest_route=\/wp\/v2\/types\/post"}],"author":[{"embeddable":true,"href":"https:\/\/edebiyyat-az.com\/index.php?rest_route=\/wp\/v2\/users\/2"}],"replies":[{"embeddable":true,"href":"https:\/\/edebiyyat-az.com\/index.php?rest_route=%2Fwp%2Fv2%2Fcomments&post=36301"}],"version-history":[{"count":1,"href":"https:\/\/edebiyyat-az.com\/index.php?rest_route=\/wp\/v2\/posts\/36301\/revisions"}],"predecessor-version":[{"id":36305,"href":"https:\/\/edebiyyat-az.com\/index.php?rest_route=\/wp\/v2\/posts\/36301\/revisions\/36305"}],"wp:attachment":[{"href":"https:\/\/edebiyyat-az.com\/index.php?rest_route=%2Fwp%2Fv2%2Fmedia&parent=36301"}],"wp:term":[{"taxonomy":"category","embeddable":true,"href":"https:\/\/edebiyyat-az.com\/index.php?rest_route=%2Fwp%2Fv2%2Fcategories&post=36301"},{"taxonomy":"post_tag","embeddable":true,"href":"https:\/\/edebiyyat-az.com\/index.php?rest_route=%2Fwp%2Fv2%2Ftags&post=36301"}],"curies":[{"name":"wp","href":"https:\/\/api.w.org\/{rel}","templated":true}]}}