{"id":36686,"date":"2021-02-21T10:00:00","date_gmt":"2021-02-21T06:00:00","guid":{"rendered":"http:\/\/edebiyyat-az.com\/?p=36686"},"modified":"2021-02-24T10:39:37","modified_gmt":"2021-02-24T06:39:37","slug":"az%c9%99rbaycanli-g%c9%99nc-xanim-yazar-s%c9%99fa-eyvazin-seirl%c9%99ri-qardas-turkiy%c9%99nin-%c9%99n-unlu-m%c9%99tbu-orqanlarindan-biri-edebiyatgazetesi-netd%c9%99-d%c9%99rc-olunub","status":"publish","type":"post","link":"https:\/\/edebiyyat-az.com\/?p=36686","title":{"rendered":"Az\u0259rbaycanl\u0131 g\u0259nc xan\u0131m yazar \u015e\u0259fa Eyvaz\u0131n \u015feirl\u0259ri  Qarda\u015f T\u00fcrkiy\u0259nin \u0259n \u00fcnl\u00fc m\u0259tbu orqanlar\u0131ndan biri &#8220;edebiyatgazetesi.net&#8221;d\u0259 d\u0259rc olunub"},"content":{"rendered":"\n<figure class=\"wp-block-image size-large\"><img decoding=\"async\" src=\"http:\/\/edebiyyat-az.com\/wp-content\/uploads\/2021\/02\/sefayevaz.jpg\" alt=\"\" class=\"wp-image-36691\"\/><\/figure>\n\n\n\n<p>Az\u0259rbaycan Jurnalistl\u0259r Birliyi Sumqay\u0131t \u015f\u0259h\u0259r t\u0259\u015fkilat\u0131 t\u0259r\u0259find\u0259n ger\u00e7\u0259kl\u0259\u015fdiril\u0259n\u00a0&#8220;G\u0259nc yazarlar\u0131n \u0259s\u0259rl\u0259rinin Qarda\u015f T\u00fcrkiy\u0259 m\u0259tbuat\u0131nda yay\u0131nlanmas\u0131na d\u0259st\u0259k&#8221; layih\u0259si \u00e7\u0259r\u00e7iv\u0259sind\u0259 yeni n\u0259sil Az\u0259rbaycan g\u0259ncliyinin istedadl\u0131 n\u00fcmay\u0259nd\u0259si, Az\u0259rbaycan Jurnalistl\u0259r Birliyi Sumqay\u0131t \u015f\u0259h\u0259r t\u0259\u015fkilat\u0131n\u0131n s\u0259dri, G\u00fcnd\u0259lik Analitik \u0130nformasiya Agentliyinin (gundelik.info) v\u0259 Az\u0259rbaycan\u0131n M\u0259d\u0259niyy\u0259t v\u0259 \u018fd\u0259biyyat Portal\u0131n\u0131n (edebiyyat-az.com) M\u0259sul katibi, T\u0259hsil Probleml\u0259ri \u0130nstitutunun Kurikulum M\u0259rk\u0259zinin b\u00f6y\u00fck elmi i\u015f\u00e7isi, \u015fair\u0259-publisist, g\u0259nc xan\u0131m yazar \u015e\u0259fa Eyvaz\u0131n\u00a0&#8220;K\u00f6rp\u0259m&#8221;, &#8220;\u00c7oxmu maraql\u0131d\u0131r s\u0259nd\u0259n sonra n\u0259yim var?!&#8221;, &#8220;\u00c7\u0131x\u0131b getm\u0259k var\u2026 bacarsan&#8221;, &#8220;T\u0259nhalar&#8221;, &#8220;<strong>S\u0259n ya\u011f\u0131\u015f deyils\u0259n ki?!<\/strong>!&#8221; \u015feirl\u0259ri Qarda\u015f T\u00fcrkiy\u0259nin \u0259n \u00fcnl\u00fc m\u0259tbu orqanlar\u0131ndan biri &#8220;edebiyatgazetesi.net&#8221;d\u0259 d\u0259rc olunub.<\/p>\n\n\n\n<p><strong>Az\u0259rbaycan\u0131n M\u0259d\u0259niyy\u0259t v\u0259 \u018fd\u0259biyyat Portal\u0131n\u0131n M\u0259tbuat xidm\u0259ti v\u0259 \u0130ctimaiyy\u0259tl\u0259 \u018flaq\u0259l\u0259r \u015f\u00f6b\u0259si<\/strong><\/p>\n","protected":false},"excerpt":{"rendered":"<p>Az\u0259rbaycan Jurnalistl\u0259r Birliyi Sumqay\u0131t \u015f\u0259h\u0259r t\u0259\u015fkilat\u0131 t\u0259r\u0259find\u0259n ger\u00e7\u0259kl\u0259\u015fdiril\u0259n\u00a0&#8220;G\u0259nc yazarlar\u0131n \u0259s\u0259rl\u0259rinin Qarda\u015f T\u00fcrkiy\u0259 m\u0259tbuat\u0131nda yay\u0131nlanmas\u0131na d\u0259st\u0259k&#8221; layih\u0259si \u00e7\u0259r\u00e7iv\u0259sind\u0259 yeni n\u0259sil Az\u0259rbaycan g\u0259ncliyinin istedadl\u0131 n\u00fcmay\u0259nd\u0259si, Az\u0259rbaycan Jurnalistl\u0259r Birliyi Sumqay\u0131t \u015f\u0259h\u0259r t\u0259\u015fkilat\u0131n\u0131n s\u0259dri, G\u00fcnd\u0259lik Analitik \u0130nformasiya Agentliyinin (gundelik.info) v\u0259 Az\u0259rbaycan\u0131n M\u0259d\u0259niyy\u0259t v\u0259 \u018fd\u0259biyyat Portal\u0131n\u0131n (edebiyyat-az.com) M\u0259sul katibi, T\u0259hsil Probleml\u0259ri \u0130nstitutunun Kurikulum M\u0259rk\u0259zinin b\u00f6y\u00fck elmi i\u015f\u00e7isi, \u015fair\u0259-publisist, g\u0259nc xan\u0131m [&hellip;]<\/p>\n","protected":false},"author":2,"featured_media":0,"comment_status":"open","ping_status":"open","sticky":false,"template":"","format":"standard","meta":{"footnotes":""},"categories":[40],"tags":[],"class_list":["post-36686","post","type-post","status-publish","format-standard","hentry","category-ajbsumqayit"],"_links":{"self":[{"href":"https:\/\/edebiyyat-az.com\/index.php?rest_route=\/wp\/v2\/posts\/36686","targetHints":{"allow":["GET"]}}],"collection":[{"href":"https:\/\/edebiyyat-az.com\/index.php?rest_route=\/wp\/v2\/posts"}],"about":[{"href":"https:\/\/edebiyyat-az.com\/index.php?rest_route=\/wp\/v2\/types\/post"}],"author":[{"embeddable":true,"href":"https:\/\/edebiyyat-az.com\/index.php?rest_route=\/wp\/v2\/users\/2"}],"replies":[{"embeddable":true,"href":"https:\/\/edebiyyat-az.com\/index.php?rest_route=%2Fwp%2Fv2%2Fcomments&post=36686"}],"version-history":[{"count":2,"href":"https:\/\/edebiyyat-az.com\/index.php?rest_route=\/wp\/v2\/posts\/36686\/revisions"}],"predecessor-version":[{"id":36698,"href":"https:\/\/edebiyyat-az.com\/index.php?rest_route=\/wp\/v2\/posts\/36686\/revisions\/36698"}],"wp:attachment":[{"href":"https:\/\/edebiyyat-az.com\/index.php?rest_route=%2Fwp%2Fv2%2Fmedia&parent=36686"}],"wp:term":[{"taxonomy":"category","embeddable":true,"href":"https:\/\/edebiyyat-az.com\/index.php?rest_route=%2Fwp%2Fv2%2Fcategories&post=36686"},{"taxonomy":"post_tag","embeddable":true,"href":"https:\/\/edebiyyat-az.com\/index.php?rest_route=%2Fwp%2Fv2%2Ftags&post=36686"}],"curies":[{"name":"wp","href":"https:\/\/api.w.org\/{rel}","templated":true}]}}