{"id":36687,"date":"2021-02-21T11:00:00","date_gmt":"2021-02-21T07:00:00","guid":{"rendered":"http:\/\/edebiyyat-az.com\/?p=36687"},"modified":"2021-02-24T10:42:21","modified_gmt":"2021-02-24T06:42:21","slug":"az%c9%99rbaycanli-g%c9%99nc-xanim-yazar-s%c9%99fa-v%c9%99liyevanin-seirl%c9%99ri-qardas-turkiy%c9%99nin-%c9%99n-unlu-m%c9%99tbu-orqanlarindan-biri-edebiyatgazetesi-netd%c9%99-d%c9%99rc-olunub","status":"publish","type":"post","link":"https:\/\/edebiyyat-az.com\/?p=36687","title":{"rendered":"Az\u0259rbaycanl\u0131 g\u0259nc xan\u0131m yazar \u015e\u0259fa V\u0259liyevan\u0131n \u015feirl\u0259ri  Qarda\u015f T\u00fcrkiy\u0259nin \u0259n \u00fcnl\u00fc m\u0259tbu orqanlar\u0131ndan biri &#8220;edebiyatgazetesi.net&#8221;d\u0259 d\u0259rc olunub"},"content":{"rendered":"\n<figure class=\"wp-block-image size-large\"><img decoding=\"async\" src=\"http:\/\/edebiyyat-az.com\/wp-content\/uploads\/2021\/02\/sefaveliyeva.jpg\" alt=\"\" class=\"wp-image-36692\"\/><\/figure>\n\n\n\n<p>G\u0259nc \u018fdibl\u0259r M\u0259kt\u0259bi\u201dnin m\u00fcdavimi, Az\u0259rbaycan Yaz\u0131\u00e7\u0131lar Birliyi G\u0259ncl\u0259r \u015euras\u0131n\u0131n v\u0259 Az\u0259rbaycan Jurnalistl\u0259r Birliyinin \u00fczv\u00fc, G\u00fcnd\u0259lik Analitik \u0130nformasiya Agentliyinin v\u0259 Az\u0259rbaycan\u0131n M\u0259d\u0259niyy\u0259t v\u0259 \u018fd\u0259biyyat Portal\u0131n\u0131n Ba\u015f m\u0259sl\u0259h\u0259t\u00e7isi, Prezident t\u0259qa\u00fcd\u00e7\u00fcs\u00fc, G\u0259ncl\u0259r m\u00fcfakat\u00e7\u0131s\u0131, g\u0259nc xan\u0131m yazar \u015e\u0259fa V\u0259liyevan\u0131n \u201cPo\u00e7talyona m\u0259ktub\u201d, &#8220;Salam, c\u0259nab dirijor!&#8221; \u015feirl\u0259ri Qarda\u015f T\u00fcrkiy\u0259nin \u0259n \u00fcnl\u00fc m\u0259tbu orqanlar\u0131ndan biri &#8220;edebiyatgazetesi.net&#8221;d\u0259 d\u0259rc olunub.<\/p>\n\n\n\n<p><strong>Az\u0259rbaycan\u0131n M\u0259d\u0259niyy\u0259t v\u0259 \u018fd\u0259biyyat Portal\u0131n\u0131n M\u0259tbuat xidm\u0259ti v\u0259\u0130ctimaiyy\u0259tl\u0259 \u018flaq\u0259l\u0259r \u015f\u00f6b\u0259si<\/strong><\/p>\n","protected":false},"excerpt":{"rendered":"<p>G\u0259nc \u018fdibl\u0259r M\u0259kt\u0259bi\u201dnin m\u00fcdavimi, Az\u0259rbaycan Yaz\u0131\u00e7\u0131lar Birliyi G\u0259ncl\u0259r \u015euras\u0131n\u0131n v\u0259 Az\u0259rbaycan Jurnalistl\u0259r Birliyinin \u00fczv\u00fc, G\u00fcnd\u0259lik Analitik \u0130nformasiya Agentliyinin v\u0259 Az\u0259rbaycan\u0131n M\u0259d\u0259niyy\u0259t v\u0259 \u018fd\u0259biyyat Portal\u0131n\u0131n Ba\u015f m\u0259sl\u0259h\u0259t\u00e7isi, Prezident t\u0259qa\u00fcd\u00e7\u00fcs\u00fc, G\u0259ncl\u0259r m\u00fcfakat\u00e7\u0131s\u0131, g\u0259nc xan\u0131m yazar \u015e\u0259fa V\u0259liyevan\u0131n \u201cPo\u00e7talyona m\u0259ktub\u201d, &#8220;Salam, c\u0259nab dirijor!&#8221; \u015feirl\u0259ri Qarda\u015f T\u00fcrkiy\u0259nin \u0259n \u00fcnl\u00fc m\u0259tbu orqanlar\u0131ndan biri &#8220;edebiyatgazetesi.net&#8221;d\u0259 d\u0259rc olunub. Az\u0259rbaycan\u0131n M\u0259d\u0259niyy\u0259t v\u0259 \u018fd\u0259biyyat [&hellip;]<\/p>\n","protected":false},"author":2,"featured_media":0,"comment_status":"open","ping_status":"open","sticky":false,"template":"","format":"standard","meta":{"footnotes":""},"categories":[40],"tags":[],"class_list":["post-36687","post","type-post","status-publish","format-standard","hentry","category-ajbsumqayit"],"_links":{"self":[{"href":"https:\/\/edebiyyat-az.com\/index.php?rest_route=\/wp\/v2\/posts\/36687","targetHints":{"allow":["GET"]}}],"collection":[{"href":"https:\/\/edebiyyat-az.com\/index.php?rest_route=\/wp\/v2\/posts"}],"about":[{"href":"https:\/\/edebiyyat-az.com\/index.php?rest_route=\/wp\/v2\/types\/post"}],"author":[{"embeddable":true,"href":"https:\/\/edebiyyat-az.com\/index.php?rest_route=\/wp\/v2\/users\/2"}],"replies":[{"embeddable":true,"href":"https:\/\/edebiyyat-az.com\/index.php?rest_route=%2Fwp%2Fv2%2Fcomments&post=36687"}],"version-history":[{"count":1,"href":"https:\/\/edebiyyat-az.com\/index.php?rest_route=\/wp\/v2\/posts\/36687\/revisions"}],"predecessor-version":[{"id":36699,"href":"https:\/\/edebiyyat-az.com\/index.php?rest_route=\/wp\/v2\/posts\/36687\/revisions\/36699"}],"wp:attachment":[{"href":"https:\/\/edebiyyat-az.com\/index.php?rest_route=%2Fwp%2Fv2%2Fmedia&parent=36687"}],"wp:term":[{"taxonomy":"category","embeddable":true,"href":"https:\/\/edebiyyat-az.com\/index.php?rest_route=%2Fwp%2Fv2%2Fcategories&post=36687"},{"taxonomy":"post_tag","embeddable":true,"href":"https:\/\/edebiyyat-az.com\/index.php?rest_route=%2Fwp%2Fv2%2Ftags&post=36687"}],"curies":[{"name":"wp","href":"https:\/\/api.w.org\/{rel}","templated":true}]}}