{"id":36812,"date":"2021-03-01T05:00:00","date_gmt":"2021-03-01T01:00:00","guid":{"rendered":"http:\/\/edebiyyat-az.com\/?p=36812"},"modified":"2021-03-01T12:17:17","modified_gmt":"2021-03-01T08:17:17","slug":"kadir-bayrak-ic-hatlar","status":"publish","type":"post","link":"https:\/\/edebiyyat-az.com\/?p=36812","title":{"rendered":"Kadir BAYRAK.&#8221;\u0130\u00e7 hatlar&#8221;"},"content":{"rendered":"\n<figure class=\"wp-block-image\"><img decoding=\"async\" src=\"http:\/\/edebiyyat-az.com\/wp-content\/uploads\/2021\/02\/kardelen107.jpg\" alt=\"This image has an empty alt attribute; its file name is kardelen107.jpg\"\/><\/figure>\n\n\n\n\n\n<figure class=\"wp-block-image\"><img decoding=\"async\" src=\"http:\/\/kardelendergisi.com\/images\/107\/ichatlar.jpeg\" alt=\"\"\/><\/figure>\n\n\n\n<p>Yazar\u0131m\u0131z \u0130lkay Co\u015fkun\u2019un yeni kitab\u0131 bas\u0131ld\u0131. Hay\u0131rl\u0131 u\u011furlu olsun\u2026 Okuyan\u0131, istifade edeni bol olsun\u2026<\/p>\n\n\n\n<p>\u201c\u0130\u00e7 Hatlar\u201d, \u0130lkay Bey\u2019in yay\u0131nlanm\u0131\u015f yedinci eseri. Bu kitab\u0131yla ayn\u0131 anda bas\u0131lan \u201c+ U\u00e7\u201d&nbsp;&nbsp;isimli \u015fiir kitab\u0131 d\u0131\u015f\u0131nda, 2008-2018 y\u0131llar\u0131 aras\u0131nda yay\u0131nlanm\u0131\u015f d\u00f6rt \u015fiir ve bir deneme eseri daha bulunuyor.<\/p>\n\n\n\n<p>Ellili ya\u015flara ad\u0131m atmak \u00fczere olan \u0130lkay Bey, velud bir yazar, kalem. Kitapla\u015fm\u0131\u015f eserleri d\u0131\u015f\u0131nda, Anadolunun d\u00f6rt bir yan\u0131nda \u00e7\u0131kan dergilerde de eserleri yay\u0131nlan\u0131yor. Derginiz Kardelen de bunlardan biri.<\/p>\n\n\n\n<p>Kardelen, otuz y\u0131l \u00f6nce kaleme al\u0131nmas\u0131na ra\u011fmen duman\u0131 \u00fcst\u00fcnde t\u00fcten \u201c\u00c7\u0131k\u0131\u015f Beyannamesi\u201dnde, \u201c\u2026 k\u00f6k\u00fc kaz\u0131nmak istense de, &#8220;Oku!&#8221; ve &#8220;D\u00fc\u015f\u00fcn!&#8221; diyen bir k\u00fclt\u00fcr\u00fcn i\u00e7inde &#8220;d\u00fc\u015f\u00fcnen adam&#8221; nesli t\u00fckenmi\u015f dinozor olamaz. K\u00fcs\u00fcp k\u00f6\u015fesine \u00e7ekilmi\u015f bu &#8220;yaln\u0131z gezen y\u0131ld\u0131zlar&#8221; bulunabilirse onlarla &#8220;bir maya tutturulabilir.&#8221; Buna da inanmazsak, ne olur sonra halimiz?..\u201d demi\u015fti. \u0130\u015fte \u0130lkay Bey, otuz y\u0131l \u00f6nce yapt\u0131\u011f\u0131m\u0131z tespitin bug\u00fcn ete, kemi\u011fe b\u00fcr\u00fcnm\u00fc\u015f hali.<\/p>\n\n\n\n<p>Eserin tashihini yapmak bize nasip oldu. Bundan son derece memnunum. Kitap, i\u00e7imizden birinin, bizi bize anlatt\u0131\u011f\u0131 s\u0131cak, samimi yaz\u0131lardan meydana geliyor. Asl\u0131nda eserin ismi de muhtevas\u0131 hakk\u0131nda okuyucuya fikir veriyor; \u0130\u00e7 Hatlar\u2026 \u0130lkay Bey, bu topraklar\u0131n insan\u0131, eseriyle de bunu y\u00fcksek sesle dile getiriyor; ben Anadolunun, bu topraklar\u0131n evl\u00e2d\u0131y\u0131m diyor.<\/p>\n\n\n\n<p>\u201cBisk\u00fcviyi \u00c7aya Banmak\u201d\u2026 Kitapta yer alan yaz\u0131lardan biri. Pek \u00e7o\u011fumuzun \u00e7ocukluk hat\u0131ralar\u0131nda kalan ve art\u0131k unutulmak \u00fczere olan bu al\u0131\u015fkanl\u0131\u011f\u0131m\u0131z\u0131 birilerinin kaleme almas\u0131 gerekiyordu. Bisk\u00fcviyi \u00e7aya banarak yemek, b\u00fct\u00fcn basitli\u011finin ve sadeli\u011finin \u00f6tesinde koca bir milletin ortak tavr\u0131 olmas\u0131 sebebiyle ehemmiyetli.<\/p>\n\n\n\n<p>\u201cYa\u015fl\u0131l\u0131k Ayl\u0131\u011f\u0131\u201d yaz\u0131s\u0131ndaki \u201cNay\u0131l\u2019\u0131n torunu\u201d hemen b\u00fct\u00fcn Anadolu k\u00f6ylerinde kar\u015f\u0131m\u0131za \u00e7\u0131kabilecek bir annemiz.<\/p>\n\n\n\n<p>\u201cGelin Kaynana\u201d yaz\u0131s\u0131ndaki tespitler, k\u00fclt\u00fcr co\u011frafyam\u0131z\u0131n tamam\u0131 i\u00e7in ge\u00e7erli.<\/p>\n\n\n\n<p>\u201c\u00c7aylar S\u0131cak Olsun\u201d yaz\u0131s\u0131 asl\u0131nda yazar\u0131 ve eserini tan\u0131mak a\u00e7\u0131s\u0131ndan ipucu mahiyetinde bir yaz\u0131. \u201cDostlu\u011fun ni\u015fanesi \u00e7ay; fakirlerin, yaln\u0131zlar\u0131n mill\u00ee i\u00e7ece\u011fi, \u015fairlerin ilhan kayna\u011f\u0131 de\u011fil midir?\u201d diyen yazar, \u00e7ay i\u00e7meyi bir sanat haline getiren milletlere de dikkat \u00e7ekiyor. \u00c7ay i\u00e7menin bir k\u00fclt\u00fcr haline geldi\u011fi toplumlar\u0131n d\u00fcn\u00fcn, bug\u00fcn\u00fcn ve yar\u0131n\u0131n d\u00fcnyas\u0131na y\u00f6n veren, verecek milletler olmas\u0131 hayli ilgin\u00e7. Yazar\u0131n \u00e7ay\u0131 tarifinde kulland\u0131\u011f\u0131 tamlamalara dikkat; muhabbetlerin vazge\u00e7ilmesi, yaz\u0131n i\u00e7 ferahl\u0131\u011f\u0131, ailede tat, dostla ho\u015f sohbet\u2026 \u00c7ocuklar\u0131n \u00e7ayla tan\u0131\u015ft\u0131r\u0131lmas\u0131 ve \u00e7ay k\u00fclt\u00fcr\u00fcn\u00fcn devam\u0131n\u0131 sa\u011flamada kullan\u0131lan tabir; \u201cpa\u015fa \u00e7ay\u0131\u201d. \u00c7aya \u00f6zensiz davranman\u0131n yad\u0131rgand\u0131\u011f\u0131n\u0131, po\u015fet \u00e7aya, elektrikli su \u0131s\u0131t\u0131c\u0131 \u00fczerinde demlenen \u00e7aya, pl\u00e2stik bardakla ikram edilen \u00e7aya g\u00f6sterilen tepkiden anl\u0131yor, yazar\u0131m\u0131z.<\/p>\n\n\n\n<p>Eser, be\u015f b\u00f6l\u00fcm halinde kaleme al\u0131nm\u0131\u015f; \u0130nsan, Kitap, Dava, \u015eiir Sanat\u0131 ve D\u00f6n\u00fc\u015f. Kitapyurdu Do\u011frudan Yay\u0131nc\u0131l\u0131k b\u00fcnyesinde \u00e7\u0131kan kitaba kitapyurdu.com isimli internet sitesinden ula\u015f\u0131labilir.<\/p>\n\n\n\n<p>Yazar\u0131m\u0131z\u0131, tebrik ediyor, daha nice eserler kaleme almas\u0131n\u0131 temenni ediyoruz.<\/p>\n\n\n\n<p>Hay\u0131rl\u0131 u\u011furlu olsun\u2026<\/p>\n","protected":false},"excerpt":{"rendered":"<p>Yazar\u0131m\u0131z \u0130lkay Co\u015fkun\u2019un yeni kitab\u0131 bas\u0131ld\u0131. Hay\u0131rl\u0131 u\u011furlu olsun\u2026 Okuyan\u0131, istifade edeni bol olsun\u2026 \u201c\u0130\u00e7 Hatlar\u201d, \u0130lkay Bey\u2019in yay\u0131nlanm\u0131\u015f yedinci eseri. Bu kitab\u0131yla ayn\u0131 anda bas\u0131lan \u201c+ U\u00e7\u201d&nbsp;&nbsp;isimli \u015fiir kitab\u0131 d\u0131\u015f\u0131nda, 2008-2018 y\u0131llar\u0131 aras\u0131nda yay\u0131nlanm\u0131\u015f d\u00f6rt \u015fiir ve bir deneme eseri daha bulunuyor. Ellili ya\u015flara ad\u0131m atmak \u00fczere olan \u0130lkay Bey, velud bir yazar, kalem. [&hellip;]<\/p>\n","protected":false},"author":2,"featured_media":0,"comment_status":"open","ping_status":"open","sticky":false,"template":"","format":"standard","meta":{"footnotes":""},"categories":[42],"tags":[],"class_list":["post-36812","post","type-post","status-publish","format-standard","hentry","category-kardelendergisi"],"_links":{"self":[{"href":"https:\/\/edebiyyat-az.com\/index.php?rest_route=\/wp\/v2\/posts\/36812","targetHints":{"allow":["GET"]}}],"collection":[{"href":"https:\/\/edebiyyat-az.com\/index.php?rest_route=\/wp\/v2\/posts"}],"about":[{"href":"https:\/\/edebiyyat-az.com\/index.php?rest_route=\/wp\/v2\/types\/post"}],"author":[{"embeddable":true,"href":"https:\/\/edebiyyat-az.com\/index.php?rest_route=\/wp\/v2\/users\/2"}],"replies":[{"embeddable":true,"href":"https:\/\/edebiyyat-az.com\/index.php?rest_route=%2Fwp%2Fv2%2Fcomments&post=36812"}],"version-history":[{"count":1,"href":"https:\/\/edebiyyat-az.com\/index.php?rest_route=\/wp\/v2\/posts\/36812\/revisions"}],"predecessor-version":[{"id":36821,"href":"https:\/\/edebiyyat-az.com\/index.php?rest_route=\/wp\/v2\/posts\/36812\/revisions\/36821"}],"wp:attachment":[{"href":"https:\/\/edebiyyat-az.com\/index.php?rest_route=%2Fwp%2Fv2%2Fmedia&parent=36812"}],"wp:term":[{"taxonomy":"category","embeddable":true,"href":"https:\/\/edebiyyat-az.com\/index.php?rest_route=%2Fwp%2Fv2%2Fcategories&post=36812"},{"taxonomy":"post_tag","embeddable":true,"href":"https:\/\/edebiyyat-az.com\/index.php?rest_route=%2Fwp%2Fv2%2Ftags&post=36812"}],"curies":[{"name":"wp","href":"https:\/\/api.w.org\/{rel}","templated":true}]}}