{"id":36814,"date":"2021-03-01T04:00:00","date_gmt":"2021-03-01T00:00:00","guid":{"rendered":"http:\/\/edebiyyat-az.com\/?p=36814"},"modified":"2021-03-01T12:15:28","modified_gmt":"2021-03-01T08:15:28","slug":"gelecek-sayi-konusu-hakkinda-2","status":"publish","type":"post","link":"https:\/\/edebiyyat-az.com\/?p=36814","title":{"rendered":"Gelecek say\u0131 konusu hakk\u0131nda"},"content":{"rendered":"\n<figure class=\"wp-block-image\"><img decoding=\"async\" src=\"http:\/\/edebiyyat-az.com\/wp-content\/uploads\/2021\/02\/kardelen107.jpg\" alt=\"This image has an empty alt attribute; its file name is kardelen107.jpg\"\/><\/figure>\n\n\n\n<p>Gelecek say\u0131 (108) konusu, 15.02.2021 tarihinde sitemizden (kardelendergisi.com) il\u00e2n edilecek.<\/p>\n\n\n\n<p>Eserler, 08-21.03.2021 tarihleri aras\u0131nda, \u201cKardelen\u2019de yay\u0131nlanmas\u0131 talebiyle\u201d Word dosyas\u0131 olarak (kardelen@kardelendergisi.com) adresine g\u00f6nderilmeli. Bu tarihler d\u0131\u015f\u0131nda ve ba\u015fka adreslere g\u00f6nderilenler, dikkate al\u0131nmayacak.<\/p>\n\n\n\n<p>Her say\u0131 i\u00e7in ayr\u0131ca eser g\u00f6nderilmeli. Bir seferde en fazla 2 fikir yaz\u0131s\u0131 ve hik\u00e2ye, 3 \u015fiir, 2 sayfa karikat\u00fcr g\u00f6nderilebilir. Ba\u015fta inceltme i\u015faretleri olmak \u00fczere iml\u00e2 kaidelerine dikkat edilmeli. Elle d\u00fczenleme yap\u0131lmamal\u0131, program\u0131n imk\u00e2nlar\u0131 kullan\u0131lmal\u0131. Belirtilenden fazla eser g\u00f6nderenlerin hi\u00e7 bir eseri dikkate al\u0131nmayacak.<\/p>\n\n\n\n<p>Daha g\u00fc\u00e7l\u00fc olarak kervan\u0131n devam edebilmesi i\u00e7in bir eseri Kardelen\u2019de yay\u0131nlanan bir \u015fair ve yazar, ikinci eserini g\u00f6ndermeden \u00f6nce Kardelen\u2019e abone olarak kervan\u0131 g\u00fc\u00e7lendirmelidir. Ayr\u0131ca Kardelen\u2019in faaliyet gruplar\u0131na ve toplant\u0131lar\u0131na da i\u015ftirak etmeleri faydal\u0131 olur.<\/p>\n","protected":false},"excerpt":{"rendered":"<p>Gelecek say\u0131 (108) konusu, 15.02.2021 tarihinde sitemizden (kardelendergisi.com) il\u00e2n edilecek. Eserler, 08-21.03.2021 tarihleri aras\u0131nda, \u201cKardelen\u2019de yay\u0131nlanmas\u0131 talebiyle\u201d Word dosyas\u0131 olarak (kardelen@kardelendergisi.com) adresine g\u00f6nderilmeli. Bu tarihler d\u0131\u015f\u0131nda ve ba\u015fka adreslere g\u00f6nderilenler, dikkate al\u0131nmayacak. Her say\u0131 i\u00e7in ayr\u0131ca eser g\u00f6nderilmeli. Bir seferde en fazla 2 fikir yaz\u0131s\u0131 ve hik\u00e2ye, 3 \u015fiir, 2 sayfa karikat\u00fcr g\u00f6nderilebilir. Ba\u015fta inceltme [&hellip;]<\/p>\n","protected":false},"author":2,"featured_media":0,"comment_status":"open","ping_status":"open","sticky":false,"template":"","format":"standard","meta":{"footnotes":""},"categories":[42],"tags":[],"class_list":["post-36814","post","type-post","status-publish","format-standard","hentry","category-kardelendergisi"],"_links":{"self":[{"href":"https:\/\/edebiyyat-az.com\/index.php?rest_route=\/wp\/v2\/posts\/36814","targetHints":{"allow":["GET"]}}],"collection":[{"href":"https:\/\/edebiyyat-az.com\/index.php?rest_route=\/wp\/v2\/posts"}],"about":[{"href":"https:\/\/edebiyyat-az.com\/index.php?rest_route=\/wp\/v2\/types\/post"}],"author":[{"embeddable":true,"href":"https:\/\/edebiyyat-az.com\/index.php?rest_route=\/wp\/v2\/users\/2"}],"replies":[{"embeddable":true,"href":"https:\/\/edebiyyat-az.com\/index.php?rest_route=%2Fwp%2Fv2%2Fcomments&post=36814"}],"version-history":[{"count":1,"href":"https:\/\/edebiyyat-az.com\/index.php?rest_route=\/wp\/v2\/posts\/36814\/revisions"}],"predecessor-version":[{"id":36820,"href":"https:\/\/edebiyyat-az.com\/index.php?rest_route=\/wp\/v2\/posts\/36814\/revisions\/36820"}],"wp:attachment":[{"href":"https:\/\/edebiyyat-az.com\/index.php?rest_route=%2Fwp%2Fv2%2Fmedia&parent=36814"}],"wp:term":[{"taxonomy":"category","embeddable":true,"href":"https:\/\/edebiyyat-az.com\/index.php?rest_route=%2Fwp%2Fv2%2Fcategories&post=36814"},{"taxonomy":"post_tag","embeddable":true,"href":"https:\/\/edebiyyat-az.com\/index.php?rest_route=%2Fwp%2Fv2%2Ftags&post=36814"}],"curies":[{"name":"wp","href":"https:\/\/api.w.org\/{rel}","templated":true}]}}