{"id":37399,"date":"2021-03-24T09:00:00","date_gmt":"2021-03-24T05:00:00","guid":{"rendered":"http:\/\/edebiyyat-az.com\/?p=37399"},"modified":"2021-03-24T11:09:21","modified_gmt":"2021-03-24T07:09:21","slug":"az%c9%99rbaycanli-sair%c9%99-publisist-n%c9%99cib%c9%99-ilkin-bir-cox-haqqi-tapdanan-dostlara-xitab%c9%99n","status":"publish","type":"post","link":"https:\/\/edebiyyat-az.com\/?p=37399","title":{"rendered":"Az\u0259rbaycanl\u0131 \u015fair\u0259-publisist N\u0259cib\u0259 \u0130LK\u0130N.\u201dBir \u00e7ox haqq\u0131 tapdanan dostlara xitab\u0259n\u2026&#8221;"},"content":{"rendered":"\n<figure class=\"wp-block-image size-large\"><img loading=\"lazy\" decoding=\"async\" width=\"720\" height=\"720\" src=\"http:\/\/edebiyyat-az.com\/wp-content\/uploads\/2021\/02\/necibexanim.jpg\" alt=\"\" class=\"wp-image-36781\" srcset=\"https:\/\/edebiyyat-az.com\/wp-content\/uploads\/2021\/02\/necibexanim.jpg 720w, https:\/\/edebiyyat-az.com\/wp-content\/uploads\/2021\/02\/necibexanim-300x300.jpg 300w, https:\/\/edebiyyat-az.com\/wp-content\/uploads\/2021\/02\/necibexanim-150x150.jpg 150w, https:\/\/edebiyyat-az.com\/wp-content\/uploads\/2021\/02\/necibexanim-100x100.jpg 100w\" sizes=\"auto, (max-width: 720px) 100vw, 720px\" \/><\/figure>\n\n\n\n<p><em><strong>Az\u0259rbaycan Yaz\u0131\u00e7\u0131lar v\u0259 Jurnalistl\u0259r Birlikl\u0259rinin \u00fczv\u00fc, Az\u0259rbaycan Respublikas\u0131 Prezidenti T\u0259qa\u00fcd F\u0259ndunun t\u0259qa\u00fcd\u00e7\u00fcs\u00fc, \u201cAzad q\u0259l\u0259m\u201d \u0259d\u0259bi-b\u0259dii, ictimai-publisistik q\u0259zetinin v\u0259 \u201cAli Ziya\u201d \u0259d\u0259bi-b\u0259dii, elmi-publisistik jurnal\u0131n\u0131n t\u0259sis\u00e7isi v\u0259 ba\u015f redaktoru<\/strong><\/em><\/p>\n\n\n\n<p>M\u0259clisl\u0259r ba\u015f\u0131na \u00e7\u0259km\u0259zl\u0259r m\u0259ni,<br>H\u0259l\u0259 ki, k\u00f6hn\u0259dir \u00e7uxam, a dostlar.<br>\u00dcr\u0259kd\u0259 m\u0259krl\u0259r, g\u00f6zl\u0259rd\u0259 yalan,<br>M\u0259n o bax\u0131\u015flardan toxam, a dostlar.<\/p>\n\n\n\n<p>Yax\u015f\u0131lar g\u00f6rm\u00fc\u015f\u0259m ili\u015fib torda,<br>Yaman y\u00fcz k\u0259l\u0259kl\u0259 qalmay\u0131b darda,<br>Bu zaman \u00e7ox verib qoyunu qurda,<br>Onun\u00e7\u00fcn onunla yoxam, a dostlar.<\/p>\n\n\n\n<p>Hiyl\u0259di, fitn\u0259di, f\u0259sadd\u0131 d\u00fcnya,<br>N\u0259 arzu dil\u0259dim n\u0259s atd\u0131 d\u00fcnya,<br>Al\u00e7a\u011f\u0131, naqisi ya\u015fatd\u0131 d\u00fcnya,<br>Qal\u0131bd\u0131 \u0259ll\u0259rd\u0259 yaxam, a dostlar.<\/p>\n\n\n\n<p>\u00c7ox baxd\u0131m d\u00fcnyan\u0131n q\u0259m baxar\u0131na,<br>N\u0259cib\u0259, tale d\u0259 g\u0259lmir kar\u0131na,<br>D\u00fc\u015f\u00fcb bu d\u00fcnyan\u0131n t\u0259rs axar\u0131na,<br>\u00dcz\u00fc qibl\u0259sin\u0259 axam, a dostlar.<br>..12.04. 1989<\/p>\n","protected":false},"excerpt":{"rendered":"<p>Az\u0259rbaycan Yaz\u0131\u00e7\u0131lar v\u0259 Jurnalistl\u0259r Birlikl\u0259rinin \u00fczv\u00fc, Az\u0259rbaycan Respublikas\u0131 Prezidenti T\u0259qa\u00fcd F\u0259ndunun t\u0259qa\u00fcd\u00e7\u00fcs\u00fc, \u201cAzad q\u0259l\u0259m\u201d \u0259d\u0259bi-b\u0259dii, ictimai-publisistik q\u0259zetinin v\u0259 \u201cAli Ziya\u201d \u0259d\u0259bi-b\u0259dii, elmi-publisistik jurnal\u0131n\u0131n t\u0259sis\u00e7isi v\u0259 ba\u015f redaktoru M\u0259clisl\u0259r ba\u015f\u0131na \u00e7\u0259km\u0259zl\u0259r m\u0259ni,H\u0259l\u0259 ki, k\u00f6hn\u0259dir \u00e7uxam, a dostlar.\u00dcr\u0259kd\u0259 m\u0259krl\u0259r, g\u00f6zl\u0259rd\u0259 yalan,M\u0259n o bax\u0131\u015flardan toxam, a dostlar. Yax\u015f\u0131lar g\u00f6rm\u00fc\u015f\u0259m ili\u015fib torda,Yaman y\u00fcz k\u0259l\u0259kl\u0259 qalmay\u0131b darda,Bu zaman \u00e7ox verib [&hellip;]<\/p>\n","protected":false},"author":2,"featured_media":0,"comment_status":"open","ping_status":"open","sticky":false,"template":"","format":"standard","meta":{"footnotes":""},"categories":[4],"tags":[],"class_list":["post-37399","post","type-post","status-publish","format-standard","hentry","category-edeb"],"_links":{"self":[{"href":"https:\/\/edebiyyat-az.com\/index.php?rest_route=\/wp\/v2\/posts\/37399","targetHints":{"allow":["GET"]}}],"collection":[{"href":"https:\/\/edebiyyat-az.com\/index.php?rest_route=\/wp\/v2\/posts"}],"about":[{"href":"https:\/\/edebiyyat-az.com\/index.php?rest_route=\/wp\/v2\/types\/post"}],"author":[{"embeddable":true,"href":"https:\/\/edebiyyat-az.com\/index.php?rest_route=\/wp\/v2\/users\/2"}],"replies":[{"embeddable":true,"href":"https:\/\/edebiyyat-az.com\/index.php?rest_route=%2Fwp%2Fv2%2Fcomments&post=37399"}],"version-history":[{"count":1,"href":"https:\/\/edebiyyat-az.com\/index.php?rest_route=\/wp\/v2\/posts\/37399\/revisions"}],"predecessor-version":[{"id":37400,"href":"https:\/\/edebiyyat-az.com\/index.php?rest_route=\/wp\/v2\/posts\/37399\/revisions\/37400"}],"wp:attachment":[{"href":"https:\/\/edebiyyat-az.com\/index.php?rest_route=%2Fwp%2Fv2%2Fmedia&parent=37399"}],"wp:term":[{"taxonomy":"category","embeddable":true,"href":"https:\/\/edebiyyat-az.com\/index.php?rest_route=%2Fwp%2Fv2%2Fcategories&post=37399"},{"taxonomy":"post_tag","embeddable":true,"href":"https:\/\/edebiyyat-az.com\/index.php?rest_route=%2Fwp%2Fv2%2Ftags&post=37399"}],"curies":[{"name":"wp","href":"https:\/\/api.w.org\/{rel}","templated":true}]}}