{"id":37430,"date":"2021-03-25T09:00:00","date_gmt":"2021-03-25T05:00:00","guid":{"rendered":"http:\/\/edebiyyat-az.com\/?p=37430"},"modified":"2021-03-25T12:18:49","modified_gmt":"2021-03-25T08:18:49","slug":"s%c9%99fa-v%c9%99liyeva-sacimin-ucunda-yasil-isiqlar","status":"publish","type":"post","link":"https:\/\/edebiyyat-az.com\/?p=37430","title":{"rendered":"\u015e\u0259fa V\u018fL\u0130YEVA.&#8221;Sa\u00e7\u0131m\u0131n ucunda ya\u015f\u0131l i\u015f\u0131qlar&#8221;"},"content":{"rendered":"\n<figure class=\"wp-block-image size-large\"><img loading=\"lazy\" decoding=\"async\" width=\"300\" height=\"298\" src=\"http:\/\/edebiyyat-az.com\/wp-content\/uploads\/2021\/03\/sefa-veliyeva.jpg\" alt=\"\" class=\"wp-image-37390\" srcset=\"https:\/\/edebiyyat-az.com\/wp-content\/uploads\/2021\/03\/sefa-veliyeva.jpg 300w, https:\/\/edebiyyat-az.com\/wp-content\/uploads\/2021\/03\/sefa-veliyeva-150x150.jpg 150w\" sizes=\"auto, (max-width: 300px) 100vw, 300px\" \/><\/figure>\n\n\n\n<p><strong>&#8220;<em>G\u0259nc \u018fdibl\u0259r M\u0259kt\u0259bi\u201dnin m\u00fcdavimi, Az\u0259rbaycan Yaz\u0131\u00e7\u0131lar Birliyi G\u0259ncl\u0259r \u015euras\u0131n\u0131n v\u0259 Az\u0259rbaycan Jurnalistl\u0259r Birliyinin \u00fczv\u00fc, Az\u0259rbaycan\u0131n M\u0259d\u0259niyy\u0259t v\u0259 \u018fd\u0259biyyat Portal\u0131n\u0131n Ba\u015f m\u0259sl\u0259h\u0259t\u00e7isi, Prezident t\u0259qa\u00fcd\u00e7\u00fcs\u00fc, \u201c\u0130lin g\u0259nci\u201d m\u00fcfakat\u00e7\u0131s\u0131<\/em><\/strong><\/p>\n\n\n\n<p>Sa\u00e7\u0131m\u0131n ucunda ya\u015f\u0131l i\u015f\u0131qlar,<br>\u018fll\u0259rin son s\u00fcr\u0259t \u015f\u00fct\u00fcy\u00fcr h\u0259l\u0259\u2026<br>\u201cElin q\u0131na\u011f\u0131\u201dn\u0131n son c\u0259rim\u0259si<br>Q\u0131y\u0131lan g\u00f6z\u00fcmd\u0259 \u00fc\u015f\u00fcy\u00fcr h\u0259l\u0259\u2026<\/p>\n\n\n\n<p>Sonuncu \u00e7ar\u0259di duz ayr\u0131l\u0131qlar,<br>Porta\u011fal dad\u0131nda a\u00e7\u0131l\u0131r s\u0259h\u0259r\u2026<br>M\u0259\u011frur t\u0259b\u0259ss\u00fcm\u00fcm-s\u0259rt qayal\u0131qlar,<br>\u018ftrin-mam\u0131r \u00fc\u00e7\u00fcn dar\u0131xan \u015f\u0259h\u0259r\u2026<\/p>\n\n\n\n<p>Bu son dayanacaq palitra kimi;<br>G\u00fcn\u0259\u015f f\u0131r\u00e7as\u0131n\u0131 yell\u0259yir nazla\u2026<br>Qal\u0131n paltarlar\u0131n dolab h\u0259sr\u0259ti<br>Aprel ax\u015fam\u0131n\u0131 s\u0259sl\u0259r avazla\u2026<\/p>\n\n\n\n<p>Y\u0131\u011f\u0131b q\u0259h\u0259rim\u0259 ayr\u0131l\u0131qlar\u0131,<br>Min ildi va\u011fzala yay\u0131lan s\u0259s\u0259m\u2026<br>\u00dcz\u00fcm\u00fc tuturam ayr\u0131lanlara:<br>-Sevgin yaddan \u00e7\u0131xd\u0131, sonuncu d\u00fc\u015f\u0259n!<\/p>\n\n\n\n<p>\u2026B\u00fct\u00fcn avtobuslar \u015f\u0259h\u0259raras\u0131,<br>Bilet satan yoxdu \u00fcz\u00fc g\u00fcn\u0259\u015f\u0259\u2026<\/p>\n","protected":false},"excerpt":{"rendered":"<p>&#8220;G\u0259nc \u018fdibl\u0259r M\u0259kt\u0259bi\u201dnin m\u00fcdavimi, Az\u0259rbaycan Yaz\u0131\u00e7\u0131lar Birliyi G\u0259ncl\u0259r \u015euras\u0131n\u0131n v\u0259 Az\u0259rbaycan Jurnalistl\u0259r Birliyinin \u00fczv\u00fc, Az\u0259rbaycan\u0131n M\u0259d\u0259niyy\u0259t v\u0259 \u018fd\u0259biyyat Portal\u0131n\u0131n Ba\u015f m\u0259sl\u0259h\u0259t\u00e7isi, Prezident t\u0259qa\u00fcd\u00e7\u00fcs\u00fc, \u201c\u0130lin g\u0259nci\u201d m\u00fcfakat\u00e7\u0131s\u0131 Sa\u00e7\u0131m\u0131n ucunda ya\u015f\u0131l i\u015f\u0131qlar,\u018fll\u0259rin son s\u00fcr\u0259t \u015f\u00fct\u00fcy\u00fcr h\u0259l\u0259\u2026\u201cElin q\u0131na\u011f\u0131\u201dn\u0131n son c\u0259rim\u0259siQ\u0131y\u0131lan g\u00f6z\u00fcmd\u0259 \u00fc\u015f\u00fcy\u00fcr h\u0259l\u0259\u2026 Sonuncu \u00e7ar\u0259di duz ayr\u0131l\u0131qlar,Porta\u011fal dad\u0131nda a\u00e7\u0131l\u0131r s\u0259h\u0259r\u2026M\u0259\u011frur t\u0259b\u0259ss\u00fcm\u00fcm-s\u0259rt qayal\u0131qlar,\u018ftrin-mam\u0131r \u00fc\u00e7\u00fcn dar\u0131xan \u015f\u0259h\u0259r\u2026 Bu son dayanacaq [&hellip;]<\/p>\n","protected":false},"author":2,"featured_media":0,"comment_status":"open","ping_status":"open","sticky":false,"template":"","format":"standard","meta":{"footnotes":""},"categories":[4],"tags":[],"class_list":["post-37430","post","type-post","status-publish","format-standard","hentry","category-edeb"],"_links":{"self":[{"href":"https:\/\/edebiyyat-az.com\/index.php?rest_route=\/wp\/v2\/posts\/37430","targetHints":{"allow":["GET"]}}],"collection":[{"href":"https:\/\/edebiyyat-az.com\/index.php?rest_route=\/wp\/v2\/posts"}],"about":[{"href":"https:\/\/edebiyyat-az.com\/index.php?rest_route=\/wp\/v2\/types\/post"}],"author":[{"embeddable":true,"href":"https:\/\/edebiyyat-az.com\/index.php?rest_route=\/wp\/v2\/users\/2"}],"replies":[{"embeddable":true,"href":"https:\/\/edebiyyat-az.com\/index.php?rest_route=%2Fwp%2Fv2%2Fcomments&post=37430"}],"version-history":[{"count":1,"href":"https:\/\/edebiyyat-az.com\/index.php?rest_route=\/wp\/v2\/posts\/37430\/revisions"}],"predecessor-version":[{"id":37431,"href":"https:\/\/edebiyyat-az.com\/index.php?rest_route=\/wp\/v2\/posts\/37430\/revisions\/37431"}],"wp:attachment":[{"href":"https:\/\/edebiyyat-az.com\/index.php?rest_route=%2Fwp%2Fv2%2Fmedia&parent=37430"}],"wp:term":[{"taxonomy":"category","embeddable":true,"href":"https:\/\/edebiyyat-az.com\/index.php?rest_route=%2Fwp%2Fv2%2Fcategories&post=37430"},{"taxonomy":"post_tag","embeddable":true,"href":"https:\/\/edebiyyat-az.com\/index.php?rest_route=%2Fwp%2Fv2%2Ftags&post=37430"}],"curies":[{"name":"wp","href":"https:\/\/api.w.org\/{rel}","templated":true}]}}