{"id":37435,"date":"2021-03-25T10:00:00","date_gmt":"2021-03-25T06:00:00","guid":{"rendered":"http:\/\/edebiyyat-az.com\/?p=37435"},"modified":"2021-03-25T12:27:14","modified_gmt":"2021-03-25T08:27:14","slug":"s%c9%99fa-v%c9%99liyeva-butun-qoca-romancilara","status":"publish","type":"post","link":"https:\/\/edebiyyat-az.com\/?p=37435","title":{"rendered":"\u015e\u0259fa V\u018fL\u0130YEVA.&#8221;B\u00fct\u00fcn qoca roman\u00e7\u0131lara&#8230;&#8221;"},"content":{"rendered":"\n<figure class=\"wp-block-image size-large\"><img loading=\"lazy\" decoding=\"async\" width=\"300\" height=\"298\" src=\"http:\/\/edebiyyat-az.com\/wp-content\/uploads\/2021\/03\/sefa-veliyeva.jpg\" alt=\"\" class=\"wp-image-37390\" srcset=\"https:\/\/edebiyyat-az.com\/wp-content\/uploads\/2021\/03\/sefa-veliyeva.jpg 300w, https:\/\/edebiyyat-az.com\/wp-content\/uploads\/2021\/03\/sefa-veliyeva-150x150.jpg 150w\" sizes=\"auto, (max-width: 300px) 100vw, 300px\" \/><\/figure>\n\n\n\n<p><strong>\u201c<em>G\u0259nc \u018fdibl\u0259r M\u0259kt\u0259bi\u201dnin m\u00fcdavimi, Az\u0259rbaycan Yaz\u0131\u00e7\u0131lar Birliyi G\u0259ncl\u0259r \u015euras\u0131n\u0131n v\u0259 Az\u0259rbaycan Jurnalistl\u0259r Birliyinin \u00fczv\u00fc, Az\u0259rbaycan\u0131n M\u0259d\u0259niyy\u0259t v\u0259 \u018fd\u0259biyyat Portal\u0131n\u0131n Ba\u015f m\u0259sl\u0259h\u0259t\u00e7isi, Prezident t\u0259qa\u00fcd\u00e7\u00fcs\u00fc, \u201c\u0130lin g\u0259nci\u201d m\u00fcfakat\u00e7\u0131s\u0131<\/em><\/strong><\/p>\n\n\n\n<p>Bu gec\u0259ni hiss el\u0259\u2026<br>Eyn\u0259yinin a\u011fr\u0131yan \u015f\u00fc\u015f\u0259sini silm\u0259 he\u00e7\u2026<br>S\u0131zlasa \u0259linin q\u0259l\u0259m s\u00f6yk\u0259n\u0259n yeri<br>\u00dcfl\u0259\u2026<br>H\u0259r a\u011fr\u0131ya \u00fcr\u0259k verm\u0259,<br>Birinin d\u0259 \u00fcst\u00fcnd\u0259n ke\u00e7\u2026<\/p>\n\n\n\n<p>Bu gec\u0259ni hiss el\u0259\u2026<br>Oxudu\u011fun son romandan<br>Daha g\u00f6z\u0259lini yaz\u2026<br>G\u00fcl b\u00fct\u00fcn \u00f6l\u00fcml\u0259r\u0259\u2026<br>Qucaqlay\u0131b bu g\u00fcn\u00fcn\u00fc<br>Sabah\u0131na a\u011fla bir az\u2026<\/p>\n\n\n\n<p>Bu gec\u0259ni hiss el\u0259\u2026<br>B\u0259sdi \u00fct\u00fcl\u0259din xatir\u0259l\u0259ri,<br>A\u00e7 ba\u015f\u0131n\u0131 burax \u00e7oban itit\u0259k\u2026<br>Hara gets\u0259, bil ki, geri d\u00f6n\u0259c\u0259k\u2026<\/p>\n\n\n\n<p>Bu gec\u0259ni hiss el\u0259\u2026<br>Bir az da \u00f6z\u00fcn\u00fc t\u0259rifl\u0259 g\u00fczg\u00fcd\u0259kin\u0259\u2026<br>Bir az da \u00fcz\u00fcls\u00fcn \u00fcr\u0259yind\u0259 yara olanlar,<br>G\u00f6z\u00fcnd\u0259n d\u00fc\u015f\u0259nl\u0259r\u2026<\/p>\n\n\n\n<p>2020<\/p>\n","protected":false},"excerpt":{"rendered":"<p>\u201cG\u0259nc \u018fdibl\u0259r M\u0259kt\u0259bi\u201dnin m\u00fcdavimi, Az\u0259rbaycan Yaz\u0131\u00e7\u0131lar Birliyi G\u0259ncl\u0259r \u015euras\u0131n\u0131n v\u0259 Az\u0259rbaycan Jurnalistl\u0259r Birliyinin \u00fczv\u00fc, Az\u0259rbaycan\u0131n M\u0259d\u0259niyy\u0259t v\u0259 \u018fd\u0259biyyat Portal\u0131n\u0131n Ba\u015f m\u0259sl\u0259h\u0259t\u00e7isi, Prezident t\u0259qa\u00fcd\u00e7\u00fcs\u00fc, \u201c\u0130lin g\u0259nci\u201d m\u00fcfakat\u00e7\u0131s\u0131 Bu gec\u0259ni hiss el\u0259\u2026Eyn\u0259yinin a\u011fr\u0131yan \u015f\u00fc\u015f\u0259sini silm\u0259 he\u00e7\u2026S\u0131zlasa \u0259linin q\u0259l\u0259m s\u00f6yk\u0259n\u0259n yeri\u00dcfl\u0259\u2026H\u0259r a\u011fr\u0131ya \u00fcr\u0259k verm\u0259,Birinin d\u0259 \u00fcst\u00fcnd\u0259n ke\u00e7\u2026 Bu gec\u0259ni hiss el\u0259\u2026Oxudu\u011fun son romandanDaha g\u00f6z\u0259lini yaz\u2026G\u00fcl b\u00fct\u00fcn \u00f6l\u00fcml\u0259r\u0259\u2026Qucaqlay\u0131b bu [&hellip;]<\/p>\n","protected":false},"author":2,"featured_media":0,"comment_status":"open","ping_status":"open","sticky":false,"template":"","format":"standard","meta":{"footnotes":""},"categories":[4],"tags":[],"class_list":["post-37435","post","type-post","status-publish","format-standard","hentry","category-edeb"],"_links":{"self":[{"href":"https:\/\/edebiyyat-az.com\/index.php?rest_route=\/wp\/v2\/posts\/37435","targetHints":{"allow":["GET"]}}],"collection":[{"href":"https:\/\/edebiyyat-az.com\/index.php?rest_route=\/wp\/v2\/posts"}],"about":[{"href":"https:\/\/edebiyyat-az.com\/index.php?rest_route=\/wp\/v2\/types\/post"}],"author":[{"embeddable":true,"href":"https:\/\/edebiyyat-az.com\/index.php?rest_route=\/wp\/v2\/users\/2"}],"replies":[{"embeddable":true,"href":"https:\/\/edebiyyat-az.com\/index.php?rest_route=%2Fwp%2Fv2%2Fcomments&post=37435"}],"version-history":[{"count":1,"href":"https:\/\/edebiyyat-az.com\/index.php?rest_route=\/wp\/v2\/posts\/37435\/revisions"}],"predecessor-version":[{"id":37436,"href":"https:\/\/edebiyyat-az.com\/index.php?rest_route=\/wp\/v2\/posts\/37435\/revisions\/37436"}],"wp:attachment":[{"href":"https:\/\/edebiyyat-az.com\/index.php?rest_route=%2Fwp%2Fv2%2Fmedia&parent=37435"}],"wp:term":[{"taxonomy":"category","embeddable":true,"href":"https:\/\/edebiyyat-az.com\/index.php?rest_route=%2Fwp%2Fv2%2Fcategories&post=37435"},{"taxonomy":"post_tag","embeddable":true,"href":"https:\/\/edebiyyat-az.com\/index.php?rest_route=%2Fwp%2Fv2%2Ftags&post=37435"}],"curies":[{"name":"wp","href":"https:\/\/api.w.org\/{rel}","templated":true}]}}