{"id":37956,"date":"2021-04-05T10:00:00","date_gmt":"2021-04-05T06:00:00","guid":{"rendered":"https:\/\/edebiyyat-az.com\/?p=37956"},"modified":"2021-04-05T10:21:01","modified_gmt":"2021-04-05T06:21:01","slug":"az%c9%99rbaycanli-sair%c9%99-publisist-n%c9%99cib%c9%99-ilkin-ay-ot%c9%99n-gunl%c9%99rim","status":"publish","type":"post","link":"https:\/\/edebiyyat-az.com\/?p=37956","title":{"rendered":"Az\u0259rbaycanl\u0131 \u015fair\u0259-publisist N\u0259cib\u0259 \u0130LK\u0130N.&#8221;Ay \u00f6t\u0259n g\u00fcnl\u0259rim\u2026&#8221;"},"content":{"rendered":"\n<figure class=\"wp-block-image\"><img decoding=\"async\" src=\"http:\/\/edebiyyat-az.com\/wp-content\/uploads\/2021\/02\/necibexanim.jpg\" alt=\"\"\/><\/figure>\n\n\n\n<p><em><strong>Az\u0259rbaycan Yaz\u0131\u00e7\u0131lar v\u0259 Jurnalistl\u0259r Birlikl\u0259rinin \u00fczv\u00fc, Az\u0259rbaycan Respublikas\u0131 Prezidenti T\u0259qa\u00fcd F\u0259ndunun t\u0259qa\u00fcd\u00e7\u00fcs\u00fc, \u201cAzad q\u0259l\u0259m\u201d \u0259d\u0259bi-b\u0259dii, ictimai-publisistik q\u0259zetinin v\u0259 \u201cAli Ziya\u201d \u0259d\u0259bi-b\u0259dii, elmi-publisistik jurnal\u0131n\u0131n t\u0259sis\u00e7isi v\u0259 ba\u015f redaktoru<\/strong><\/em><\/p>\n\n\n\n<p>Bilmir\u0259m haraya u\u00e7ub getdiniz,<br>Yan\u0131mdan gizlic\u0259 ke\u00e7ib getdiniz,<br>Bir uzaq m\u0259nzil\u0259 k\u00f6\u00e7\u00fcb grtdiniz,<br>H\u0259rd\u0259n haray\u0131ma yet\u0259n g\u00fcnl\u0259rim,<br>Ay \u00f6t\u0259n g\u00fcnl\u0259rim, \u00f6t\u0259n g\u00fcnl\u0259rim.<\/p>\n\n\n\n<p>\u0130ndi q\u0131rov d\u00fc\u015f\u00fcb iziniz \u00fcst\u0259,<br>Kims\u0259 qovrularm\u0131 k\u00f6z\u00fcn\u00fcz \u00fcst\u0259,<br>Niy\u0259 durmad\u0131n\u0131z s\u00f6z\u00fcn\u00fcz \u00fcst\u0259,<br>\u00d6mr\u00fcmd\u0259n t\u00f6k\u00fcl\u00fcb it\u0259n g\u00fcnl\u0259rim,<br>Ay \u00f6t\u0259n g\u00fcnl\u0259rim, \u00f6t\u0259n g\u00fcnl\u0259rim.<\/p>\n\n\n\n<p>H\u0259sr\u0259tli bax\u0131\u015f\u0131m soraqlar sizi,<br>\u00dc\u015f\u00fcd\u0259r hardasa sazaq, qar sizi,<br>\u00dcr\u0259yim h\u0259mi\u015f\u0259 arzular sizi,<br>Sin\u0259md\u0259 d\u0259rd kimi bit\u0259n g\u00fcnl\u0259rim,<br>Ay \u00f6t\u0259n g\u00fcnl\u0259rim, \u00f6t\u0259n g\u00fcnl\u0259rim.<\/p>\n\n\n\n<p>Sa\u00e7\u0131ma qar kimi ya\u011f\u0131b getdiniz,<br>Hans\u0131 bir \u00f6mr\u0259s\u0259 s\u0131\u011f\u0131b getdiniz,<br>N\u0259cib\u0259 n\u0259 dedi, \u00e7\u0131x\u0131b getdiniz,<br>M\u0259ni t\u0259rk eyl\u0259yib atan g\u00fcnl\u0259rim,<br>Ay \u00f6t\u0259n g\u00fcnl\u0259rim, \u00f6t\u0259n g\u00fcnl\u0259rim.<\/p>\n\n\n\n<p>2014.<\/p>\n","protected":false},"excerpt":{"rendered":"<p>Az\u0259rbaycan Yaz\u0131\u00e7\u0131lar v\u0259 Jurnalistl\u0259r Birlikl\u0259rinin \u00fczv\u00fc, Az\u0259rbaycan Respublikas\u0131 Prezidenti T\u0259qa\u00fcd F\u0259ndunun t\u0259qa\u00fcd\u00e7\u00fcs\u00fc, \u201cAzad q\u0259l\u0259m\u201d \u0259d\u0259bi-b\u0259dii, ictimai-publisistik q\u0259zetinin v\u0259 \u201cAli Ziya\u201d \u0259d\u0259bi-b\u0259dii, elmi-publisistik jurnal\u0131n\u0131n t\u0259sis\u00e7isi v\u0259 ba\u015f redaktoru Bilmir\u0259m haraya u\u00e7ub getdiniz,Yan\u0131mdan gizlic\u0259 ke\u00e7ib getdiniz,Bir uzaq m\u0259nzil\u0259 k\u00f6\u00e7\u00fcb grtdiniz,H\u0259rd\u0259n haray\u0131ma yet\u0259n g\u00fcnl\u0259rim,Ay \u00f6t\u0259n g\u00fcnl\u0259rim, \u00f6t\u0259n g\u00fcnl\u0259rim. \u0130ndi q\u0131rov d\u00fc\u015f\u00fcb iziniz \u00fcst\u0259,Kims\u0259 qovrularm\u0131 k\u00f6z\u00fcn\u00fcz \u00fcst\u0259,Niy\u0259 durmad\u0131n\u0131z s\u00f6z\u00fcn\u00fcz [&hellip;]<\/p>\n","protected":false},"author":2,"featured_media":0,"comment_status":"open","ping_status":"open","sticky":false,"template":"","format":"standard","meta":{"footnotes":""},"categories":[4],"tags":[],"class_list":["post-37956","post","type-post","status-publish","format-standard","hentry","category-edeb"],"_links":{"self":[{"href":"https:\/\/edebiyyat-az.com\/index.php?rest_route=\/wp\/v2\/posts\/37956","targetHints":{"allow":["GET"]}}],"collection":[{"href":"https:\/\/edebiyyat-az.com\/index.php?rest_route=\/wp\/v2\/posts"}],"about":[{"href":"https:\/\/edebiyyat-az.com\/index.php?rest_route=\/wp\/v2\/types\/post"}],"author":[{"embeddable":true,"href":"https:\/\/edebiyyat-az.com\/index.php?rest_route=\/wp\/v2\/users\/2"}],"replies":[{"embeddable":true,"href":"https:\/\/edebiyyat-az.com\/index.php?rest_route=%2Fwp%2Fv2%2Fcomments&post=37956"}],"version-history":[{"count":1,"href":"https:\/\/edebiyyat-az.com\/index.php?rest_route=\/wp\/v2\/posts\/37956\/revisions"}],"predecessor-version":[{"id":37959,"href":"https:\/\/edebiyyat-az.com\/index.php?rest_route=\/wp\/v2\/posts\/37956\/revisions\/37959"}],"wp:attachment":[{"href":"https:\/\/edebiyyat-az.com\/index.php?rest_route=%2Fwp%2Fv2%2Fmedia&parent=37956"}],"wp:term":[{"taxonomy":"category","embeddable":true,"href":"https:\/\/edebiyyat-az.com\/index.php?rest_route=%2Fwp%2Fv2%2Fcategories&post=37956"},{"taxonomy":"post_tag","embeddable":true,"href":"https:\/\/edebiyyat-az.com\/index.php?rest_route=%2Fwp%2Fv2%2Ftags&post=37956"}],"curies":[{"name":"wp","href":"https:\/\/api.w.org\/{rel}","templated":true}]}}