{"id":37969,"date":"2021-04-05T13:00:00","date_gmt":"2021-04-05T09:00:00","guid":{"rendered":"http:\/\/edebiyyat-az.com\/?p=37969"},"modified":"2021-04-05T14:59:53","modified_gmt":"2021-04-05T10:59:53","slug":"xalq-sairi-huseyn-arif-qizilqus","status":"publish","type":"post","link":"https:\/\/edebiyyat-az.com\/?p=37969","title":{"rendered":"Xalq \u015fairi H\u00fcseyn AR\u0130F.&#8221;Q\u0131z\u0131lqu\u015f&#8221;"},"content":{"rendered":"\n<figure class=\"wp-block-image\"><img decoding=\"async\" src=\"http:\/\/edebiyyat-az.com\/wp-content\/uploads\/2021\/03\/H%C3%BCseyn_Arif-694x1024.jpg\" alt=\"\"\/><\/figure>\n\n\n\n<p>Yadlar sa\u011fdan-soldan baxd\u0131 h\u0259s\u0259dl\u0259,<br>At\u0131la g\u00fcll\u0259l\u0259r ona \u00e7atmad\u0131.<br>\u00d6ls\u0259 d\u0259, q\u0131z\u0131lqu\u015f ke\u00e7m\u0259z yad \u0259l\u0259,<br>Da\u015f\u0131na s\u0131\u011f\u0131nmad\u0131, yer\u0259 yatmad\u0131.<\/p>\n\n\n\n<p>\u00d6l\u00e7d\u00fcl\u0259r, bi\u00e7dil\u0259r k\u0259sib h\u0259r yan\u0131,<br>N\u0259hay\u0259t, yorulub \u0259ld\u0259n d\u00fc\u015fd\u00fcl\u0259r.<br>O geni\u015f a\u00e7m\u0131\u015fd\u0131 qol-qanad\u0131n\u0131,<br>Vurmaq ist\u0259y\u0259nl\u0259r gecikmi\u015fdil\u0259r.<\/p>\n\n\n\n<p><strong>*Bu \u015feir Xalq \u015fairi H\u00fcseyn Arifin 1966-c\u0131 ild\u0259 Bak\u0131 \u015f\u0259h\u0259rind\u0259, Az\u0259rbaycan D\u00f6vl\u0259t N\u0259\u015friyyat\u0131 t\u0259r\u0259find\u0259n k\u00fctl\u0259vi tirajla (15000) i\u015f\u0131q \u00fcz\u00fc g\u00f6r\u0259n \u201cYollar v\u0259 xatir\u0259l\u0259r\u201d \u015feirl\u0259r v\u0259 poema kitab\u0131ndan se\u00e7ilib.<\/strong><\/p>\n","protected":false},"excerpt":{"rendered":"<p>Yadlar sa\u011fdan-soldan baxd\u0131 h\u0259s\u0259dl\u0259,At\u0131la g\u00fcll\u0259l\u0259r ona \u00e7atmad\u0131.\u00d6ls\u0259 d\u0259, q\u0131z\u0131lqu\u015f ke\u00e7m\u0259z yad \u0259l\u0259,Da\u015f\u0131na s\u0131\u011f\u0131nmad\u0131, yer\u0259 yatmad\u0131. \u00d6l\u00e7d\u00fcl\u0259r, bi\u00e7dil\u0259r k\u0259sib h\u0259r yan\u0131,N\u0259hay\u0259t, yorulub \u0259ld\u0259n d\u00fc\u015fd\u00fcl\u0259r.O geni\u015f a\u00e7m\u0131\u015fd\u0131 qol-qanad\u0131n\u0131,Vurmaq ist\u0259y\u0259nl\u0259r gecikmi\u015fdil\u0259r. *Bu \u015feir Xalq \u015fairi H\u00fcseyn Arifin 1966-c\u0131 ild\u0259 Bak\u0131 \u015f\u0259h\u0259rind\u0259, Az\u0259rbaycan D\u00f6vl\u0259t N\u0259\u015friyyat\u0131 t\u0259r\u0259find\u0259n k\u00fctl\u0259vi tirajla (15000) i\u015f\u0131q \u00fcz\u00fc g\u00f6r\u0259n \u201cYollar v\u0259 xatir\u0259l\u0259r\u201d \u015feirl\u0259r v\u0259 poema kitab\u0131ndan [&hellip;]<\/p>\n","protected":false},"author":2,"featured_media":0,"comment_status":"open","ping_status":"open","sticky":false,"template":"","format":"standard","meta":{"footnotes":""},"categories":[4],"tags":[],"class_list":["post-37969","post","type-post","status-publish","format-standard","hentry","category-edeb"],"_links":{"self":[{"href":"https:\/\/edebiyyat-az.com\/index.php?rest_route=\/wp\/v2\/posts\/37969","targetHints":{"allow":["GET"]}}],"collection":[{"href":"https:\/\/edebiyyat-az.com\/index.php?rest_route=\/wp\/v2\/posts"}],"about":[{"href":"https:\/\/edebiyyat-az.com\/index.php?rest_route=\/wp\/v2\/types\/post"}],"author":[{"embeddable":true,"href":"https:\/\/edebiyyat-az.com\/index.php?rest_route=\/wp\/v2\/users\/2"}],"replies":[{"embeddable":true,"href":"https:\/\/edebiyyat-az.com\/index.php?rest_route=%2Fwp%2Fv2%2Fcomments&post=37969"}],"version-history":[{"count":1,"href":"https:\/\/edebiyyat-az.com\/index.php?rest_route=\/wp\/v2\/posts\/37969\/revisions"}],"predecessor-version":[{"id":37974,"href":"https:\/\/edebiyyat-az.com\/index.php?rest_route=\/wp\/v2\/posts\/37969\/revisions\/37974"}],"wp:attachment":[{"href":"https:\/\/edebiyyat-az.com\/index.php?rest_route=%2Fwp%2Fv2%2Fmedia&parent=37969"}],"wp:term":[{"taxonomy":"category","embeddable":true,"href":"https:\/\/edebiyyat-az.com\/index.php?rest_route=%2Fwp%2Fv2%2Fcategories&post=37969"},{"taxonomy":"post_tag","embeddable":true,"href":"https:\/\/edebiyyat-az.com\/index.php?rest_route=%2Fwp%2Fv2%2Ftags&post=37969"}],"curies":[{"name":"wp","href":"https:\/\/api.w.org\/{rel}","templated":true}]}}