{"id":37970,"date":"2021-04-05T13:30:00","date_gmt":"2021-04-05T09:30:00","guid":{"rendered":"http:\/\/edebiyyat-az.com\/?p=37970"},"modified":"2021-04-05T15:07:01","modified_gmt":"2021-04-05T11:07:01","slug":"xalq-sairi-osman-sariv%c9%99lli-3","status":"publish","type":"post","link":"https:\/\/edebiyyat-az.com\/?p=37970","title":{"rendered":"Xalq \u015fairi Osman SARIV\u018fLL\u0130.&#8221;Aran\u0131m, da\u011f\u0131m&#8221;"},"content":{"rendered":"\n<figure class=\"wp-block-image is-resized\"><img loading=\"lazy\" decoding=\"async\" src=\"http:\/\/edebiyyat-az.com\/wp-content\/uploads\/2021\/03\/xalqsairiosmansarivelli.jpg\" alt=\"\" width=\"685\" height=\"976\"\/><\/figure>\n\n\n\n<p>Qon\u015fu m\u0259n\u0259 bax\u0131b, gileyl\u0259nirdi:<br>-N\u0259 vaxt\u0131d\u0131r \u015f\u0259h\u0259rd\u0259n he\u00e7 \u00e7\u0131xmay\u0131rsan?<br>Q\u0131\u015f \u00e7\u0259tin deyil, lakin yaylar\u0131<br>Burada ya\u015famaq deyildir asan.<\/p>\n\n\n\n<p>Qorxulu deyildir m\u0259nim \u00fc\u00e7\u00fcn he\u00e7,<br>\u0130stid\u0259, b\u00fcrk\u00fcd\u0259 yayda qalma\u011f\u0131m.<br>G\u00fcz\u0259ran\u0131m ke\u00e7ir aranl\u0131, da\u011fl\u0131,<br>Evim aran\u0131md\u0131r, eyvan yayla\u011f\u0131m.<\/p>\n\n\n\n<p>1977<\/p>\n\n\n\n<p><strong>*Bu \u015feir Xalq \u015fairi Osman Sar\u0131v\u0259llinin 2004-c\u00fc ild\u0259 Az\u0259rbaycan Respublikas\u0131n\u0131n Prezidenti c\u0259nab \u0130lham \u018fliyevin &#8220;Az\u0259rbaycan dilind\u0259 lat\u0131n qrafikas\u0131 il\u0259 k\u00fctl\u0259vi n\u0259\u015frl\u0259rin h\u0259yata ke\u00e7irilm\u0259si&#8221; haqq\u0131nda 12 yanvar 2004-c\u00fc il tarixli s\u0259r\u0259ncam\u0131na \u0259sas\u0259n i\u015f\u0131q \u00fcz\u00fc g\u00f6rm\u00fc\u015f &#8220;Se\u00e7ilmi\u015f \u0259s\u0259rl\u0259ri&#8221; kitab\u0131ndan se\u00e7il\u0259r\u0259k d\u0259rc olunur<\/strong><\/p>\n","protected":false},"excerpt":{"rendered":"<p>Qon\u015fu m\u0259n\u0259 bax\u0131b, gileyl\u0259nirdi:-N\u0259 vaxt\u0131d\u0131r \u015f\u0259h\u0259rd\u0259n he\u00e7 \u00e7\u0131xmay\u0131rsan?Q\u0131\u015f \u00e7\u0259tin deyil, lakin yaylar\u0131Burada ya\u015famaq deyildir asan. Qorxulu deyildir m\u0259nim \u00fc\u00e7\u00fcn he\u00e7,\u0130stid\u0259, b\u00fcrk\u00fcd\u0259 yayda qalma\u011f\u0131m.G\u00fcz\u0259ran\u0131m ke\u00e7ir aranl\u0131, da\u011fl\u0131,Evim aran\u0131md\u0131r, eyvan yayla\u011f\u0131m. 1977 *Bu \u015feir Xalq \u015fairi Osman Sar\u0131v\u0259llinin 2004-c\u00fc ild\u0259 Az\u0259rbaycan Respublikas\u0131n\u0131n Prezidenti c\u0259nab \u0130lham \u018fliyevin &#8220;Az\u0259rbaycan dilind\u0259 lat\u0131n qrafikas\u0131 il\u0259 k\u00fctl\u0259vi n\u0259\u015frl\u0259rin h\u0259yata ke\u00e7irilm\u0259si&#8221; haqq\u0131nda 12 [&hellip;]<\/p>\n","protected":false},"author":2,"featured_media":0,"comment_status":"open","ping_status":"open","sticky":false,"template":"","format":"standard","meta":{"footnotes":""},"categories":[4],"tags":[],"class_list":["post-37970","post","type-post","status-publish","format-standard","hentry","category-edeb"],"_links":{"self":[{"href":"https:\/\/edebiyyat-az.com\/index.php?rest_route=\/wp\/v2\/posts\/37970","targetHints":{"allow":["GET"]}}],"collection":[{"href":"https:\/\/edebiyyat-az.com\/index.php?rest_route=\/wp\/v2\/posts"}],"about":[{"href":"https:\/\/edebiyyat-az.com\/index.php?rest_route=\/wp\/v2\/types\/post"}],"author":[{"embeddable":true,"href":"https:\/\/edebiyyat-az.com\/index.php?rest_route=\/wp\/v2\/users\/2"}],"replies":[{"embeddable":true,"href":"https:\/\/edebiyyat-az.com\/index.php?rest_route=%2Fwp%2Fv2%2Fcomments&post=37970"}],"version-history":[{"count":3,"href":"https:\/\/edebiyyat-az.com\/index.php?rest_route=\/wp\/v2\/posts\/37970\/revisions"}],"predecessor-version":[{"id":37983,"href":"https:\/\/edebiyyat-az.com\/index.php?rest_route=\/wp\/v2\/posts\/37970\/revisions\/37983"}],"wp:attachment":[{"href":"https:\/\/edebiyyat-az.com\/index.php?rest_route=%2Fwp%2Fv2%2Fmedia&parent=37970"}],"wp:term":[{"taxonomy":"category","embeddable":true,"href":"https:\/\/edebiyyat-az.com\/index.php?rest_route=%2Fwp%2Fv2%2Fcategories&post=37970"},{"taxonomy":"post_tag","embeddable":true,"href":"https:\/\/edebiyyat-az.com\/index.php?rest_route=%2Fwp%2Fv2%2Ftags&post=37970"}],"curies":[{"name":"wp","href":"https:\/\/api.w.org\/{rel}","templated":true}]}}