{"id":37997,"date":"2021-04-06T01:00:00","date_gmt":"2021-04-05T21:00:00","guid":{"rendered":"http:\/\/edebiyyat-az.com\/?p=37997"},"modified":"2021-04-06T09:17:25","modified_gmt":"2021-04-06T05:17:25","slug":"ulku-olcay-bahar-kokulu-yeni-siirler","status":"publish","type":"post","link":"https:\/\/edebiyyat-az.com\/?p=37997","title":{"rendered":"\u00dclk\u00fc OLCAY.Bahar kokulu yeni \u015fiirler"},"content":{"rendered":"\n<figure class=\"wp-block-image size-large\"><a href=\"http:\/\/edebiyyat-az.com\/wp-content\/uploads\/2021\/04\/165274338_10159035984784431_4103730385442585443_n.jpg\"><img decoding=\"async\" src=\"http:\/\/edebiyyat-az.com\/wp-content\/uploads\/2021\/04\/165274338_10159035984784431_4103730385442585443_n-691x1024.jpg\" alt=\"\" class=\"wp-image-38005\"\/><\/a><\/figure>\n\n\n\n<p><strong>Azerbaycan\u0131n K\u00fclt\u00fcr ve Edebiyat Portal\u0131n\u0131n T\u00fcrkiye temsilcisi<\/strong><\/p>\n\n\n\n<p><\/p>\n\n\n\n<p>Nas\u0131l tarif<br>Edebilirim ki<br>Bu g\u00fczelli\u011fi<br>Tenime hi\u00e7<br>De\u011fmeseydi<br>Bakir koyun<br>Il\u0131k meltemi<\/p>\n\n\n\n<p>Mavi masa<br>G\u00fcn bat\u0131m\u0131<br>Beyaz boyal\u0131<br>Bal\u0131k\u00e7\u0131 evi<\/p>\n\n\n\n<p>Dinlemeseydim<br>R\u00fczgarda<br>Deniz kabuklar\u0131n\u0131n<br>B\u00fcy\u00fcl\u00fc sesini<\/p>\n\n\n\n<p>Ya yosun kokusu<br>Genzimi yakan!<br>Mart\u0131lar\u0131n dans edi\u015fi<\/p>\n\n\n\n<p>Nerde duysam tan\u0131r\u0131m<br>Ayak sesinden<br>ZARAFET\u0130<\/p>\n\n\n\n<hr class=\"wp-block-separator\"\/>\n\n\n\n<p>Kimi yalan kimi ziyan kimi esrar muamma<br>Yalanc\u0131 k\u00e2hin kalbim sevmeyi bilemedi<br>K\u0131rk par\u00e7aya b\u00f6l\u00fcnd\u00fc ayna misali amma<br>S\u00fbrete kand\u0131 durdu asl\u2019a yol bulamad\u0131<br>Kimi yalan kimi ziyan kimi esrar muamma<\/p>\n\n\n\n<p>ATE\u015e\u0130N A\u015eKI<\/p>\n\n\n\n<p>S\u00f6nmeye y\u00fcz tutar bir kara kandil<br>Duvarda titreyen yorgun g\u00f6lgesin<br>Dil versin ucunu yakt\u0131\u011f\u0131m mendil<br>Ad\u0131n\u0131 her nak\u0131\u015f ayr\u0131 s\u00f6ylesin<\/p>\n\n\n\n<p>G\u00f6zlerim anbean ararken seni<br>Sedefli aynada s\u0131r olur tenin<br>Duda\u011f\u0131m tad\u0131nca katil buseni<br>Fark\u0131na varmad\u0131m olan bitenin<\/p>\n\n\n\n<p>D\u00f6rt mevsim kara k\u0131\u015f bahar\u0131m kay\u0131p<br>Bah\u00e7emde bir daha g\u00fcller a\u00e7ar m\u0131?<br>G\u00f6nl\u00fcme zehirli oklar saplay\u0131p<br>A\u00e7t\u0131\u011f\u0131n yaralar bir g\u00fcn ge\u00e7er mi?<\/p>\n\n\n\n<p>Sokaklar k\u00f6r sa\u011f\u0131r dinsiz sokaklar<br>\u00d6l\u00fcm\u00fcn camlarda gezer solu\u011fu<br>Sokaklar lal olur sensiz sokaklar<br>Bir g\u00fcvercin d\u00fc\u015fer i\u00e7er yoklu\u011fu<\/p>\n\n\n\n<p>Gamzende \u00e7a\u011flayan nehir yok \u015fimdi<br>Kuruyan g\u00f6zlere umman neylesin<br>B\u00fclb\u00fcl\u00fcn figan\u0131 \u00e2h\u0131 \u00e7ok \u015fimdi<br>G\u00fclzarlar vir\u00e2ne ba\u011fban neylesin<\/p>\n\n\n\n<p>Yand\u0131k\u00e7a har\u0131nla can verir k\u00f6z\u00fcn<br>Ate\u015fin a\u015fk\u0131yla bahtiyar\u0131m ben<br>Sanmas\u0131n sultan\u0131m kulunu \u00fczg\u00fcn<br>Ac\u0131lar taht\u0131nda \u015fehriyar\u0131m ben<\/p>\n\n\n\n<hr class=\"wp-block-separator\"\/>\n\n\n\n<p>Bahara d\u00f6ner haz\u00e2n nergise siner naz\u0131n<br>\u0130nce ince \u00e7al\u0131n\u0131r y\u00fcrek telinde saz\u0131n<br>Ne k\u0131ymeti olur ki seni demeyen s\u00f6z\u00fcn<br>Sen g\u00fcld\u00fck\u00e7e dal\u0131ma cennet ku\u015flar\u0131 konar<\/p>\n","protected":false},"excerpt":{"rendered":"<p>Azerbaycan\u0131n K\u00fclt\u00fcr ve Edebiyat Portal\u0131n\u0131n T\u00fcrkiye temsilcisi Nas\u0131l tarifEdebilirim kiBu g\u00fczelli\u011fiTenime hi\u00e7De\u011fmeseydiBakir koyunIl\u0131k meltemi Mavi masaG\u00fcn bat\u0131m\u0131Beyaz boyal\u0131Bal\u0131k\u00e7\u0131 evi DinlemeseydimR\u00fczgardaDeniz kabuklar\u0131n\u0131nB\u00fcy\u00fcl\u00fc sesini Ya yosun kokusuGenzimi yakan!Mart\u0131lar\u0131n dans edi\u015fi Nerde duysam tan\u0131r\u0131mAyak sesindenZARAFET\u0130 Kimi yalan kimi ziyan kimi esrar muammaYalanc\u0131 k\u00e2hin kalbim sevmeyi bilemediK\u0131rk par\u00e7aya b\u00f6l\u00fcnd\u00fc ayna misali ammaS\u00fbrete kand\u0131 durdu asl\u2019a yol bulamad\u0131Kimi yalan kimi [&hellip;]<\/p>\n","protected":false},"author":2,"featured_media":0,"comment_status":"open","ping_status":"open","sticky":false,"template":"","format":"standard","meta":{"footnotes":""},"categories":[34,7],"tags":[],"class_list":["post-37997","post","type-post","status-publish","format-standard","hentry","category-usare","category-turkiy-dbiyyati"],"_links":{"self":[{"href":"https:\/\/edebiyyat-az.com\/index.php?rest_route=\/wp\/v2\/posts\/37997","targetHints":{"allow":["GET"]}}],"collection":[{"href":"https:\/\/edebiyyat-az.com\/index.php?rest_route=\/wp\/v2\/posts"}],"about":[{"href":"https:\/\/edebiyyat-az.com\/index.php?rest_route=\/wp\/v2\/types\/post"}],"author":[{"embeddable":true,"href":"https:\/\/edebiyyat-az.com\/index.php?rest_route=\/wp\/v2\/users\/2"}],"replies":[{"embeddable":true,"href":"https:\/\/edebiyyat-az.com\/index.php?rest_route=%2Fwp%2Fv2%2Fcomments&post=37997"}],"version-history":[{"count":1,"href":"https:\/\/edebiyyat-az.com\/index.php?rest_route=\/wp\/v2\/posts\/37997\/revisions"}],"predecessor-version":[{"id":38006,"href":"https:\/\/edebiyyat-az.com\/index.php?rest_route=\/wp\/v2\/posts\/37997\/revisions\/38006"}],"wp:attachment":[{"href":"https:\/\/edebiyyat-az.com\/index.php?rest_route=%2Fwp%2Fv2%2Fmedia&parent=37997"}],"wp:term":[{"taxonomy":"category","embeddable":true,"href":"https:\/\/edebiyyat-az.com\/index.php?rest_route=%2Fwp%2Fv2%2Fcategories&post=37997"},{"taxonomy":"post_tag","embeddable":true,"href":"https:\/\/edebiyyat-az.com\/index.php?rest_route=%2Fwp%2Fv2%2Ftags&post=37997"}],"curies":[{"name":"wp","href":"https:\/\/api.w.org\/{rel}","templated":true}]}}