{"id":38185,"date":"2021-04-18T11:00:00","date_gmt":"2021-04-18T07:00:00","guid":{"rendered":"http:\/\/edebiyyat-az.com\/?p=38185"},"modified":"2021-04-19T11:17:04","modified_gmt":"2021-04-19T07:17:04","slug":"xalq-sairi-osman-sariv%c9%99lli-mudrik-qoca-deyirdi","status":"publish","type":"post","link":"https:\/\/edebiyyat-az.com\/?p=38185","title":{"rendered":"Xalq \u015fairi Osman SARIV\u018fLL\u0130.&#8221;M\u00fcdrik qoca deyirdi&#8221;"},"content":{"rendered":"\n<figure class=\"wp-block-image is-resized\"><img loading=\"lazy\" decoding=\"async\" src=\"http:\/\/edebiyyat-az.com\/wp-content\/uploads\/2021\/03\/xalqsairiosmansarivelli.jpg\" alt=\"\" width=\"703\" height=\"1002\"\/><\/figure>\n\n\n\n<p>D\u00fcnyan\u0131n bir sirri b\u0259llidir biz\u0259<br>Qanunu \u0259b\u0259di, h\u00f6km\u00fc q\u0259tidir.<br>\u0130ndi \u0259b\u0259diyy\u0259t g\u0259zm\u0259k \u0259b\u0259sdir<br>\u018fb\u0259diyy\u0259t \u00f6z\u00fc m\u00fcv\u0259qq\u0259tidir.<\/p>\n\n\n\n<p><strong>*Bu \u015feir Xalq \u015fairi Osman Sar\u0131v\u0259llinin 2004-c\u00fc ild\u0259 Az\u0259rbaycan Respublikas\u0131n\u0131n Prezidenti c\u0259nab \u0130lham \u018fliyevin \u201cAz\u0259rbaycan dilind\u0259 lat\u0131n qrafikas\u0131 il\u0259 k\u00fctl\u0259vi n\u0259\u015frl\u0259rin h\u0259yata ke\u00e7irilm\u0259si\u201d haqq\u0131nda 12 yanvar 2004-c\u00fc il tarixli s\u0259r\u0259ncam\u0131na \u0259sas\u0259n i\u015f\u0131q \u00fcz\u00fc g\u00f6rm\u00fc\u015f \u201cSe\u00e7ilmi\u015f \u0259s\u0259rl\u0259ri\u201d kitab\u0131ndan se\u00e7il\u0259r\u0259k d\u0259rc olunur<\/strong><\/p>\n","protected":false},"excerpt":{"rendered":"<p>D\u00fcnyan\u0131n bir sirri b\u0259llidir biz\u0259Qanunu \u0259b\u0259di, h\u00f6km\u00fc q\u0259tidir.\u0130ndi \u0259b\u0259diyy\u0259t g\u0259zm\u0259k \u0259b\u0259sdir\u018fb\u0259diyy\u0259t \u00f6z\u00fc m\u00fcv\u0259qq\u0259tidir. *Bu \u015feir Xalq \u015fairi Osman Sar\u0131v\u0259llinin 2004-c\u00fc ild\u0259 Az\u0259rbaycan Respublikas\u0131n\u0131n Prezidenti c\u0259nab \u0130lham \u018fliyevin \u201cAz\u0259rbaycan dilind\u0259 lat\u0131n qrafikas\u0131 il\u0259 k\u00fctl\u0259vi n\u0259\u015frl\u0259rin h\u0259yata ke\u00e7irilm\u0259si\u201d haqq\u0131nda 12 yanvar 2004-c\u00fc il tarixli s\u0259r\u0259ncam\u0131na \u0259sas\u0259n i\u015f\u0131q \u00fcz\u00fc g\u00f6rm\u00fc\u015f \u201cSe\u00e7ilmi\u015f \u0259s\u0259rl\u0259ri\u201d kitab\u0131ndan se\u00e7il\u0259r\u0259k d\u0259rc olunur<\/p>\n","protected":false},"author":2,"featured_media":0,"comment_status":"open","ping_status":"open","sticky":false,"template":"","format":"standard","meta":{"footnotes":""},"categories":[4],"tags":[],"class_list":["post-38185","post","type-post","status-publish","format-standard","hentry","category-edeb"],"_links":{"self":[{"href":"https:\/\/edebiyyat-az.com\/index.php?rest_route=\/wp\/v2\/posts\/38185","targetHints":{"allow":["GET"]}}],"collection":[{"href":"https:\/\/edebiyyat-az.com\/index.php?rest_route=\/wp\/v2\/posts"}],"about":[{"href":"https:\/\/edebiyyat-az.com\/index.php?rest_route=\/wp\/v2\/types\/post"}],"author":[{"embeddable":true,"href":"https:\/\/edebiyyat-az.com\/index.php?rest_route=\/wp\/v2\/users\/2"}],"replies":[{"embeddable":true,"href":"https:\/\/edebiyyat-az.com\/index.php?rest_route=%2Fwp%2Fv2%2Fcomments&post=38185"}],"version-history":[{"count":1,"href":"https:\/\/edebiyyat-az.com\/index.php?rest_route=\/wp\/v2\/posts\/38185\/revisions"}],"predecessor-version":[{"id":38198,"href":"https:\/\/edebiyyat-az.com\/index.php?rest_route=\/wp\/v2\/posts\/38185\/revisions\/38198"}],"wp:attachment":[{"href":"https:\/\/edebiyyat-az.com\/index.php?rest_route=%2Fwp%2Fv2%2Fmedia&parent=38185"}],"wp:term":[{"taxonomy":"category","embeddable":true,"href":"https:\/\/edebiyyat-az.com\/index.php?rest_route=%2Fwp%2Fv2%2Fcategories&post=38185"},{"taxonomy":"post_tag","embeddable":true,"href":"https:\/\/edebiyyat-az.com\/index.php?rest_route=%2Fwp%2Fv2%2Ftags&post=38185"}],"curies":[{"name":"wp","href":"https:\/\/api.w.org\/{rel}","templated":true}]}}