{"id":39091,"date":"2021-07-27T10:47:29","date_gmt":"2021-07-27T06:47:29","guid":{"rendered":"http:\/\/edebiyyat-az.com\/?p=39091"},"modified":"2021-07-27T10:47:29","modified_gmt":"2021-07-27T06:47:29","slug":"az%c9%99rbaycan-asiqlar-birliyind%c9%99-yeni-dastanlar-s%c9%99hn%c9%99y%c9%99-hazirlanir","status":"publish","type":"post","link":"https:\/\/edebiyyat-az.com\/?p=39091","title":{"rendered":"Az\u0259rbaycan A\u015f\u0131qlar Birliyind\u0259 yeni dastanlar s\u0259hn\u0259y\u0259 haz\u0131rlan\u0131r"},"content":{"rendered":"\n<figure class=\"wp-block-image size-large\"><a href=\"http:\/\/edebiyyat-az.com\/wp-content\/uploads\/2021\/06\/16226183182416124745_367x266.jpg\"><img loading=\"lazy\" decoding=\"async\" width=\"367\" height=\"250\" src=\"http:\/\/edebiyyat-az.com\/wp-content\/uploads\/2021\/06\/16226183182416124745_367x266.jpg\" alt=\"\" class=\"wp-image-38864\" srcset=\"https:\/\/edebiyyat-az.com\/wp-content\/uploads\/2021\/06\/16226183182416124745_367x266.jpg 367w, https:\/\/edebiyyat-az.com\/wp-content\/uploads\/2021\/06\/16226183182416124745_367x266-300x204.jpg 300w\" sizes=\"auto, (max-width: 367px) 100vw, 367px\" \/><\/a><\/figure>\n\n\n\n<p>Az\u0259rbaycan A\u015f\u0131qlar Birliyind\u0259 yeni dastanlar\u0131n s\u0259hn\u0259y\u0259 haz\u0131rlanmas\u0131 layih\u0259sin\u0259 start verilib.<br>Bu bar\u0259d\u0259 AZ\u018fRTAC-a m\u0259lumat ver\u0259n Az\u0259rbaycan A\u015f\u0131qlar Birliyinin katibi, \u018fm\u0259kdar m\u0259d\u0259niyy\u0259t i\u015f\u00e7isi Musa N\u0259bio\u011flu bildirib ki, Nizami G\u0259nc\u0259vinin anadan olmas\u0131n\u0131n 880 illiyi m\u00fcnasib\u0259til\u0259 ilk olaraq bu \u00f6lm\u0259z \u015fairin \u201cLeyli v\u0259 M\u0259cnun\u201d \u0259s\u0259ri \u0259sas\u0131nda haz\u0131rlanm\u0131\u015f eyniadl\u0131 dastan\u0131n s\u0259hn\u0259l\u0259\u015fdirilm\u0259si n\u0259z\u0259rd\u0259 tutulur. Heyd\u0259r \u018fliyev Fondu, AzTV v\u0259 Az\u0259rbaycan A\u015f\u0131qlar Birliyinin birlikd\u0259 h\u0259yata ke\u00e7irdikl\u0259ri layih\u0259 \u00e7\u0259r\u00e7iv\u0259sind\u0259 dastan\u0131 respublikam\u0131z\u0131n tan\u0131nm\u0131\u015f a\u015f\u0131qlar\u0131ndan \u018fm\u0259kdar m\u0259d\u0259niyy\u0259t i\u015f\u00e7il\u0259ri Solmaz Kosayeva v\u0259 Samir\u0259 \u018fliyeva, el\u0259c\u0259 d\u0259 Q\u0259l\u0259nd\u0259r Zeynalov, K\u0259mal\u0259 Qubadl\u0131, \u018fli Tapd\u0131qo\u011flu v\u0259 Elman Tal\u0131stanl\u0131 s\u00f6yl\u0259y\u0259c\u0259kl\u0259r. Leyli obraz\u0131nda g\u0259nc istedadl\u0131 a\u015f\u0131q M\u0259hs\u0259ti Cabbarl\u0131, M\u0259cnun rolunda is\u0259 \u015e\u0259hriyar Qaraxanl\u0131 \u00e7\u0131x\u0131\u015f ed\u0259c\u0259kl\u0259r.<br>A\u015f\u0131q \u018fl\u0259sg\u0259rin 200 illik yubileyi m\u00fcnasib\u0259til\u0259 haz\u0131rlanan \u201cA\u015f\u0131q \u018fl\u0259sg\u0259rl\u0259 \u015eeyx Qaran\u0131n g\u00f6r\u00fc\u015f\u00fc\u201d dastan\u0131 a\u015f\u0131q Arif Salmano\u011flunun, \u201cQ\u0259mke\u015f Allahverdinin A\u015f\u0131q \u015e\u0259m\u015firl\u0259 g\u00f6r\u00fc\u015f\u00fc\u201d dastan\u0131 is\u0259 a\u015f\u0131qlardan F\u0259xri m\u0259d\u0259niyy\u0259t i\u015f\u00e7isi Nizami \u015eirinov v\u0259 T\u0259briz Axundovun ifas\u0131nda t\u0259qdim olunacaq.<br>Elman Tal\u0131stanl\u0131 v\u0259 Bab\u0259k \u015eakirlinin ifas\u0131nda is\u0259 \u201cOrdubadl\u0131 K\u0259r\u0259m\u201d dastan\u0131n\u0131n geni\u015f auditoriyaya t\u0259qdim olunmas\u0131 n\u0259z\u0259rd\u0259 tutulur.<\/p>\n\n\n\n<p><\/p>\n","protected":false},"excerpt":{"rendered":"<p>Az\u0259rbaycan A\u015f\u0131qlar Birliyind\u0259 yeni dastanlar\u0131n s\u0259hn\u0259y\u0259 haz\u0131rlanmas\u0131 layih\u0259sin\u0259 start verilib.Bu bar\u0259d\u0259 AZ\u018fRTAC-a m\u0259lumat ver\u0259n Az\u0259rbaycan A\u015f\u0131qlar Birliyinin katibi, \u018fm\u0259kdar m\u0259d\u0259niyy\u0259t i\u015f\u00e7isi Musa N\u0259bio\u011flu bildirib ki, Nizami G\u0259nc\u0259vinin anadan olmas\u0131n\u0131n 880 illiyi m\u00fcnasib\u0259til\u0259 ilk olaraq bu \u00f6lm\u0259z \u015fairin \u201cLeyli v\u0259 M\u0259cnun\u201d \u0259s\u0259ri \u0259sas\u0131nda haz\u0131rlanm\u0131\u015f eyniadl\u0131 dastan\u0131n s\u0259hn\u0259l\u0259\u015fdirilm\u0259si n\u0259z\u0259rd\u0259 tutulur. Heyd\u0259r \u018fliyev Fondu, AzTV v\u0259 Az\u0259rbaycan A\u015f\u0131qlar [&hellip;]<\/p>\n","protected":false},"author":2,"featured_media":0,"comment_status":"open","ping_status":"open","sticky":false,"template":"","format":"standard","meta":{"footnotes":""},"categories":[1],"tags":[],"class_list":["post-39091","post","type-post","status-publish","format-standard","hentry","category-home"],"_links":{"self":[{"href":"https:\/\/edebiyyat-az.com\/index.php?rest_route=\/wp\/v2\/posts\/39091","targetHints":{"allow":["GET"]}}],"collection":[{"href":"https:\/\/edebiyyat-az.com\/index.php?rest_route=\/wp\/v2\/posts"}],"about":[{"href":"https:\/\/edebiyyat-az.com\/index.php?rest_route=\/wp\/v2\/types\/post"}],"author":[{"embeddable":true,"href":"https:\/\/edebiyyat-az.com\/index.php?rest_route=\/wp\/v2\/users\/2"}],"replies":[{"embeddable":true,"href":"https:\/\/edebiyyat-az.com\/index.php?rest_route=%2Fwp%2Fv2%2Fcomments&post=39091"}],"version-history":[{"count":1,"href":"https:\/\/edebiyyat-az.com\/index.php?rest_route=\/wp\/v2\/posts\/39091\/revisions"}],"predecessor-version":[{"id":39094,"href":"https:\/\/edebiyyat-az.com\/index.php?rest_route=\/wp\/v2\/posts\/39091\/revisions\/39094"}],"wp:attachment":[{"href":"https:\/\/edebiyyat-az.com\/index.php?rest_route=%2Fwp%2Fv2%2Fmedia&parent=39091"}],"wp:term":[{"taxonomy":"category","embeddable":true,"href":"https:\/\/edebiyyat-az.com\/index.php?rest_route=%2Fwp%2Fv2%2Fcategories&post=39091"},{"taxonomy":"post_tag","embeddable":true,"href":"https:\/\/edebiyyat-az.com\/index.php?rest_route=%2Fwp%2Fv2%2Ftags&post=39091"}],"curies":[{"name":"wp","href":"https:\/\/api.w.org\/{rel}","templated":true}]}}