{"id":39308,"date":"2021-08-15T08:00:00","date_gmt":"2021-08-15T04:00:00","guid":{"rendered":"https:\/\/edebiyyat-az.com\/?p=39308"},"modified":"2021-08-15T14:13:57","modified_gmt":"2021-08-15T10:13:57","slug":"kardelen-dergisi-kardelenden-haberler","status":"publish","type":"post","link":"https:\/\/edebiyyat-az.com\/?p=39308","title":{"rendered":"Kardelen Dergisi.Kardelenden haberler"},"content":{"rendered":"\n<figure class=\"wp-block-image\"><img decoding=\"async\" src=\"http:\/\/edebiyyat-az.com\/wp-content\/uploads\/2021\/08\/230543664_1676031325923637_4417489138868681250_n-732x1024.jpg\" alt=\"This image has an empty alt attribute; its file name is 230543664_1676031325923637_4417489138868681250_n-732x1024.jpg\"\/><\/figure>\n\n\n\n<p><strong>AFR\u0130KA: KURUTULMU\u015e \u0130NSAN G\u00d6LGELER\u0130\u2019nden sonra ALT-\u00dcST \u00c7IKTI<\/strong><\/p>\n\n\n\n<p>Yazar\u0131m\u0131z Sinan AYHAN\u2019\u0131n ikinci kitab\u0131 \u201cALT-\u00dcST\/ALTINDAN VE \u00dcST\u00dcNDEN KALKILAMAYACAK H\u0130KAYELER\u201d \u00e7\u0131kt\u0131. Kitab\u0131 incelemek i\u00e7in www.kitapyurdu.com sitesi ziyaret edilebilir.<\/p>\n\n\n\n<p>Yeni \u00e7\u0131kan kitab\u0131ndan dolay\u0131 yazar\u0131m\u0131z\u0131 tebrik ediyor, okuyan\u0131n\u0131n bol olmas\u0131n\u0131 temenni ediyoruz.<\/p>\n\n\n\n<figure class=\"wp-block-image\"><img decoding=\"async\" src=\"http:\/\/kardelendergisi.com\/images\/109\/kitaplar.png\" alt=\"\"\/><\/figure>\n\n\n\n<p><strong>HED\u0130YE K\u0130TAP ve DERG\u0130&#8230;<\/strong><\/p>\n\n\n\n<p>Twitter hesab\u0131m\u0131z olan (@Kardelendergi_) \u00fczerinden yapt\u0131\u011f\u0131m\u0131z \u00e7ekili\u015f ile toplamda 20 takip\u00e7imize kitap hediyesi g\u00f6nderdik.<\/p>\n\n\n\n<p>\u0130lk \u00e7ekili\u015fte yazarlar\u0131m\u0131zdan Ali Erdal\u2019\u0131n \u201cM\u00dcBAREZE\u201d, Sinan Ayhan\u2019\u0131n \u201cAFR\u0130KA: KURUTULMU\u015e \u0130NSAN G\u00d6LGELER\u0130\u201d, \u0130lkay Co\u015fkun\u2019un \u201cKAHVE BAHANE\u201d kitaplar\u0131ndan olu\u015fan seti 10 takip\u00e7imize hediye ettik. Daha sonra yapt\u0131\u011f\u0131m\u0131z \u00e7ekili\u015f ile de Sinan Ayhan\u2019\u0131n yeni \u00e7\u0131kan \u201cALT-\u00dcST\u201d kitab\u0131n\u0131 yine 10 ki\u015fiye g\u00f6nderdik.<\/p>\n\n\n\n<p>Yap\u0131lan \u00e7ekili\u015flere takip\u00e7ilerimizin yo\u011fun ilgisi oldu. Bizler de hediye kazananlara iyi okumalar diliyoruz.<\/p>\n\n\n\n<figure class=\"wp-block-image\"><img decoding=\"async\" src=\"http:\/\/kardelendergisi.com\/images\/109\/toplanti.png\" alt=\"\"\/><\/figure>\n\n\n\n<p><strong>30. Kardelen Toplant\u0131s\u0131<\/strong><\/p>\n\n\n\n<p>Kardelen\u2019in geleneksel toplant\u0131s\u0131n\u0131n 30. su telekonferans y\u00f6ntemi ile 17 Nisan g\u00fcn\u00fc ger\u00e7ekle\u015ftirildi. Toplant\u0131, Murat Yaramaz\u2019\u0131n takdim ve sel\u00e2mlama konu\u015fmas\u0131 ile ba\u015flad\u0131.<\/p>\n\n\n\n<p>107.say\u0131n\u0131n de\u011ferlendirilmesi ile birlikte toplant\u0131 s\u0131ras\u0131nda haz\u0131rl\u0131klar\u0131 bitmek \u00fczere olan 108.say\u0131n\u0131n de\u011ferlendirilmesi de yap\u0131ld\u0131.<\/p>\n\n\n\n<p>Bir sonraki toplant\u0131n\u0131n tarihi ve idarecisi belirlenerek toplant\u0131 sona erdirildi.<\/p>\n\n\n\n<figure class=\"wp-block-image\"><img decoding=\"async\" src=\"http:\/\/kardelendergisi.com\/images\/109\/murat.png\" alt=\"\"\/><\/figure>\n\n\n\n<p><strong>30. Toplant\u0131 ba\u015fkan\u0131 Murat YARAMAZ\u2019\u0131n konu\u015fmas\u0131<\/strong><\/p>\n\n\n\n<p>De\u011ferli G\u00f6n\u00fclda\u015flar,<\/p>\n\n\n\n<p>\u00dc\u00e7 ayda bir ger\u00e7ekle\u015ftirdi\u011fimiz toplant\u0131lar\u0131m\u0131z\u0131n otuzuncusunda tele konferans yoluyla da olsa bulu\u015ftuk, kavu\u015ftuk. Allah her nimeti gibi teknolojiyi de hay\u0131rda kullanmay\u0131 nasip etsin. Ramazan ay\u0131nda yapt\u0131\u011f\u0131m\u0131z bu toplant\u0131y\u0131 da Ramazan\u2019\u0131n bereketiyle bereketlendirsin in\u015fallah&#8230;<\/p>\n\n\n\n<p>A\u00e7\u0131k\u00e7as\u0131 uzun bir a\u00e7\u0131l\u0131\u015f konu\u015fmas\u0131 haz\u0131rlamad\u0131m. Bu giri\u015f b\u00f6l\u00fcm\u00fcn\u00fcn ard\u0131ndan, derdimizi, gayemizi, ne\u015femizi, gayretimizi \u015fiirle anlatal\u0131m diye d\u00fc\u015f\u00fcnd\u00fcm.<\/p>\n\n\n\n<p>\u015eiirle ba\u015flayal\u0131m ve g\u00fcndemimize devam edelim in\u015fallah&#8230;<\/p>\n\n\n\n<p>TOPLANTI<\/p>\n\n\n\n<p>pe\u015fine d\u00fc\u015fm\u00fc\u015f\u00fcz bir ihtim\u00e2lin<\/p>\n\n\n\n<p>nefsimizi yene yene topland\u0131k<\/p>\n\n\n\n<p>yansak da y\u0131lmadan o g\u00fcl cem\u00e2lin<\/p>\n\n\n\n<p>etraf\u0131nda d\u00f6ne d\u00f6ne topland\u0131k<\/p>\n\n\n\n<p>ge\u00e7ici makama k\u00f6k saplamadan<\/p>\n\n\n\n<p>f\u00e2ni mekanlarda yer kaplamadan<\/p>\n\n\n\n<p>maddi getiriyi hesaplamadan<\/p>\n\n\n\n<p>\u015fifan\u0131n kayna\u011f\u0131 d\u00eene topland\u0131k<\/p>\n\n\n\n<p>sa\u011flamsa yan\u0131nda y\u00e2rin y\u00e2renin<\/p>\n\n\n\n<p>yoklu\u011fu g\u00f6r\u00fclmez asla \u00e7arenin<\/p>\n\n\n\n<p>m\u00fcthi\u015f bereketi isti\u015f\u00e2renin<\/p>\n\n\n\n<p>bir sayd\u0131k ama bin sene topland\u0131k<\/p>\n\n\n\n<p>tabaklar lebalep dolmu\u015f tefekk\u00fcr<\/p>\n\n\n\n<p>sofray\u0131 kurana sonsuz te\u015fekk\u00fcr<\/p>\n\n\n\n<p>bug\u00fcn de yer bulduk Allah\u2019a \u015f\u00fck\u00fcr<\/p>\n\n\n\n<p>ziyafeti duyduk yine topland\u0131k&#8230;<\/p>\n\n\n\n<figure class=\"wp-block-image\"><img decoding=\"async\" src=\"http:\/\/kardelendergisi.com\/images\/109\/yeniturkiye.png\" alt=\"\"\/><\/figure>\n\n\n\n<p><strong>Yeni T\u00fcrkiye Dergisinden B\u00dcY\u00dcK DO\u011eU \u00d6zel Say\u0131s\u0131<\/strong><\/p>\n\n\n\n<p>Rahmetli Hasan Celal G\u00dcZEL taraf\u0131ndan kurulan ve e\u015fi \u00dclker G\u00dcZEL taraf\u0131ndan yay\u0131n hayat\u0131na devam ettirilen Yeni T\u00fcrkiye dergisi \u201cB\u00fcy\u00fck Do\u011fu \u00d6zel Say\u0131s\u0131\u201d \u00e7\u0131kard\u0131. May\u0131s-Haziran 2021 tarihli 119.say\u0131s\u0131nda; Necip Faz\u0131l\u2019\u0131 Anlamak, B\u00fcy\u00fck Do\u011fu Fikriyat\u0131, Necip Faz\u0131l\u2019\u0131n Sanat\u0131 ve Eseri ve Hat\u0131rat b\u00f6l\u00fcmleri olmak \u00fczere 61 makaleye yer verildi.<\/p>\n\n\n\n<p>Cumhurba\u015fkan\u0131 Recep Tayyip Erdo\u011fan\u2019\u0131n giri\u015f yaz\u0131s\u0131n\u0131 kaleme ald\u0131\u011f\u0131 \u00f6zel say\u0131da dergimizin sahibi ve yazar Ali Erdal da Yeni T\u00fcrkiye dergisinin talebi \u00fczerine \u201cB\u00fcy\u00fck Do\u011fu \u00d6zel Say\u0131s\u0131nda\u201d bir makale kaleme ald\u0131. Erdal\u2019\u0131n, derginin Necip Faz\u0131l\u2019\u0131 Anlamak b\u00f6l\u00fcm\u00fcnde \u201c\u015eahin ve G\u00fcvercin\u201d ba\u015fl\u0131kl\u0131 makalesi yay\u0131mland\u0131.<\/p>\n\n\n\n<p><strong>Kaynak:<a href=\"http:\/\/kardelendergisi.com\/\"> http:\/\/kardelendergisi.com\/<\/a><\/strong><\/p>\n","protected":false},"excerpt":{"rendered":"<p>AFR\u0130KA: KURUTULMU\u015e \u0130NSAN G\u00d6LGELER\u0130\u2019nden sonra ALT-\u00dcST \u00c7IKTI Yazar\u0131m\u0131z Sinan AYHAN\u2019\u0131n ikinci kitab\u0131 \u201cALT-\u00dcST\/ALTINDAN VE \u00dcST\u00dcNDEN KALKILAMAYACAK H\u0130KAYELER\u201d \u00e7\u0131kt\u0131. Kitab\u0131 incelemek i\u00e7in www.kitapyurdu.com sitesi ziyaret edilebilir. Yeni \u00e7\u0131kan kitab\u0131ndan dolay\u0131 yazar\u0131m\u0131z\u0131 tebrik ediyor, okuyan\u0131n\u0131n bol olmas\u0131n\u0131 temenni ediyoruz. HED\u0130YE K\u0130TAP ve DERG\u0130&#8230; Twitter hesab\u0131m\u0131z olan (@Kardelendergi_) \u00fczerinden yapt\u0131\u011f\u0131m\u0131z \u00e7ekili\u015f ile toplamda 20 takip\u00e7imize kitap hediyesi g\u00f6nderdik. [&hellip;]<\/p>\n","protected":false},"author":2,"featured_media":0,"comment_status":"open","ping_status":"open","sticky":false,"template":"","format":"standard","meta":{"footnotes":""},"categories":[42],"tags":[],"class_list":["post-39308","post","type-post","status-publish","format-standard","hentry","category-kardelendergisi"],"_links":{"self":[{"href":"https:\/\/edebiyyat-az.com\/index.php?rest_route=\/wp\/v2\/posts\/39308","targetHints":{"allow":["GET"]}}],"collection":[{"href":"https:\/\/edebiyyat-az.com\/index.php?rest_route=\/wp\/v2\/posts"}],"about":[{"href":"https:\/\/edebiyyat-az.com\/index.php?rest_route=\/wp\/v2\/types\/post"}],"author":[{"embeddable":true,"href":"https:\/\/edebiyyat-az.com\/index.php?rest_route=\/wp\/v2\/users\/2"}],"replies":[{"embeddable":true,"href":"https:\/\/edebiyyat-az.com\/index.php?rest_route=%2Fwp%2Fv2%2Fcomments&post=39308"}],"version-history":[{"count":1,"href":"https:\/\/edebiyyat-az.com\/index.php?rest_route=\/wp\/v2\/posts\/39308\/revisions"}],"predecessor-version":[{"id":39315,"href":"https:\/\/edebiyyat-az.com\/index.php?rest_route=\/wp\/v2\/posts\/39308\/revisions\/39315"}],"wp:attachment":[{"href":"https:\/\/edebiyyat-az.com\/index.php?rest_route=%2Fwp%2Fv2%2Fmedia&parent=39308"}],"wp:term":[{"taxonomy":"category","embeddable":true,"href":"https:\/\/edebiyyat-az.com\/index.php?rest_route=%2Fwp%2Fv2%2Fcategories&post=39308"},{"taxonomy":"post_tag","embeddable":true,"href":"https:\/\/edebiyyat-az.com\/index.php?rest_route=%2Fwp%2Fv2%2Ftags&post=39308"}],"curies":[{"name":"wp","href":"https:\/\/api.w.org\/{rel}","templated":true}]}}