{"id":39329,"date":"2021-08-18T08:00:00","date_gmt":"2021-08-18T04:00:00","guid":{"rendered":"https:\/\/edebiyyat-az.com\/?p=39329"},"modified":"2021-08-20T17:13:26","modified_gmt":"2021-08-20T13:13:26","slug":"xalq-sairi-qabil-alisib-yanma","status":"publish","type":"post","link":"https:\/\/edebiyyat-az.com\/?p=39329","title":{"rendered":"Xalq \u015fairi QAB\u0130L.&#8221;Al\u0131\u015f\u0131b-yanma&#8221;"},"content":{"rendered":"\n<figure class=\"wp-block-image is-resized\"><img loading=\"lazy\" decoding=\"async\" src=\"http:\/\/edebiyyat-az.com\/wp-content\/uploads\/2018\/08\/44-300x200.jpg\" alt=\"\" width=\"705\" height=\"470\"\/><\/figure>\n\n\n\n<p>Q\u0259dir bilm\u0259y\u0259nl\u0259rin<br>Qullu\u011funda daaynma.<br>Sonra da pe\u015fman-pe\u015fman<br>Al\u0131\u015f\u0131b-yanma!<\/p>\n\n\n\n<p><strong>*Bu \u015feir Xalq \u015fairi Qabilin 2004-c\u00fc ild\u0259 Az\u0259rbaycan Respublikas\u0131n\u0131n Prezidenti c\u0259nab \u0130lham \u018fliyevin \u201cAz\u0259rbaycan dilind\u0259 lat\u0131n qrafikas\u0131 il\u0259 k\u00fctl\u0259vi n\u0259\u015frl\u0259rin h\u0259yata ke\u00e7irilm\u0259si\u201d haqq\u0131nda 12 yanvar 2004-c\u00fc il tarixli s\u0259r\u0259ncam\u0131na \u0259sas\u0259n i\u015f\u0131q \u00fcz\u00fc g\u00f6rm\u00fc\u015f \u201cSe\u00e7ilmi\u015f \u0259s\u0259rl\u0259ri\u201d kitab\u0131ndan se\u00e7il\u0259r\u0259k d\u0259rc olunur<\/strong><\/p>\n","protected":false},"excerpt":{"rendered":"<p>Q\u0259dir bilm\u0259y\u0259nl\u0259rinQullu\u011funda daaynma.Sonra da pe\u015fman-pe\u015fmanAl\u0131\u015f\u0131b-yanma! *Bu \u015feir Xalq \u015fairi Qabilin 2004-c\u00fc ild\u0259 Az\u0259rbaycan Respublikas\u0131n\u0131n Prezidenti c\u0259nab \u0130lham \u018fliyevin \u201cAz\u0259rbaycan dilind\u0259 lat\u0131n qrafikas\u0131 il\u0259 k\u00fctl\u0259vi n\u0259\u015frl\u0259rin h\u0259yata ke\u00e7irilm\u0259si\u201d haqq\u0131nda 12 yanvar 2004-c\u00fc il tarixli s\u0259r\u0259ncam\u0131na \u0259sas\u0259n i\u015f\u0131q \u00fcz\u00fc g\u00f6rm\u00fc\u015f \u201cSe\u00e7ilmi\u015f \u0259s\u0259rl\u0259ri\u201d kitab\u0131ndan se\u00e7il\u0259r\u0259k d\u0259rc olunur<\/p>\n","protected":false},"author":2,"featured_media":0,"comment_status":"open","ping_status":"open","sticky":false,"template":"","format":"standard","meta":{"footnotes":""},"categories":[4],"tags":[],"class_list":["post-39329","post","type-post","status-publish","format-standard","hentry","category-edeb"],"_links":{"self":[{"href":"https:\/\/edebiyyat-az.com\/index.php?rest_route=\/wp\/v2\/posts\/39329","targetHints":{"allow":["GET"]}}],"collection":[{"href":"https:\/\/edebiyyat-az.com\/index.php?rest_route=\/wp\/v2\/posts"}],"about":[{"href":"https:\/\/edebiyyat-az.com\/index.php?rest_route=\/wp\/v2\/types\/post"}],"author":[{"embeddable":true,"href":"https:\/\/edebiyyat-az.com\/index.php?rest_route=\/wp\/v2\/users\/2"}],"replies":[{"embeddable":true,"href":"https:\/\/edebiyyat-az.com\/index.php?rest_route=%2Fwp%2Fv2%2Fcomments&post=39329"}],"version-history":[{"count":1,"href":"https:\/\/edebiyyat-az.com\/index.php?rest_route=\/wp\/v2\/posts\/39329\/revisions"}],"predecessor-version":[{"id":39343,"href":"https:\/\/edebiyyat-az.com\/index.php?rest_route=\/wp\/v2\/posts\/39329\/revisions\/39343"}],"wp:attachment":[{"href":"https:\/\/edebiyyat-az.com\/index.php?rest_route=%2Fwp%2Fv2%2Fmedia&parent=39329"}],"wp:term":[{"taxonomy":"category","embeddable":true,"href":"https:\/\/edebiyyat-az.com\/index.php?rest_route=%2Fwp%2Fv2%2Fcategories&post=39329"},{"taxonomy":"post_tag","embeddable":true,"href":"https:\/\/edebiyyat-az.com\/index.php?rest_route=%2Fwp%2Fv2%2Ftags&post=39329"}],"curies":[{"name":"wp","href":"https:\/\/api.w.org\/{rel}","templated":true}]}}