{"id":39330,"date":"2021-08-18T09:00:00","date_gmt":"2021-08-18T05:00:00","guid":{"rendered":"https:\/\/edebiyyat-az.com\/?p=39330"},"modified":"2021-08-20T17:31:28","modified_gmt":"2021-08-20T13:31:28","slug":"xalq-sairi-b%c9%99xtiyar-vahabzad%c9%99-3","status":"publish","type":"post","link":"https:\/\/edebiyyat-az.com\/?p=39330","title":{"rendered":"Xalq \u015fairi B\u0259xtiyar VAHABZAD\u018f.&#8221;\u015e\u018fK\u0130&#8221;"},"content":{"rendered":"\n<figure class=\"wp-block-image is-resized\"><img loading=\"lazy\" decoding=\"async\" src=\"http:\/\/edebiyyat-az.com\/wp-content\/uploads\/2020\/08\/118563526_1552827504924140_505143189830121002_n.jpg\" alt=\"This image has an empty alt attribute; its file name is 118563526_1552827504924140_505143189830121002_n.jpg\" width=\"706\" height=\"914\"\/><\/figure>\n\n\n\n<p>\u015e\u018fK\u0130<\/p>\n\n\n\n<p>&#8220;\u00d6z\u00fcn\u00fcz \u015f\u0259kili oldu\u011funuz halda, h\u0259l\u0259<br>\u015e\u0259kiy\u0259 bir \u015feir h\u0259sr etm\u0259misiniz &#8220;.<br>Bir m\u0259ktubdan<\/p>\n\n\n\n<p>Bir n\u0259\u011fm\u0259 qo\u015fmad\u0131m h\u0259l\u0259 m\u0259n s\u0259n\u0259,<br>Da\u011flar bunu m\u0259n\u0259 k\u0259sir sanmas\u0131n.<br>M\u0259n dedim, vur\u011funam Az\u0259rbaycana,<br>Deyir\u0259m, he\u00e7 zaman x\u0131rdalanmas\u0131n<br>K\u00f6nl\u00fcmd\u0259n ucalan bu avaz, bu s\u0259s.<br>B\u00f6y\u00fckd\u00fcr, ucad\u0131r m\u0259sl\u0259kim m\u0259nim.<br>Bala anas\u0131na &#8220;sevir\u0259m&#8221; dem\u0259z,<br>M\u0259n d\u0259 dem\u0259mi\u015f\u0259m, a \u015e\u0259kim, m\u0259nim.<\/p>\n\n\n\n<p>S\u0259n \u00f6z ke\u00e7mi\u015fini daim qorudun,<br>Babam\u0131n \u015f\u00f6hr\u0259ti ya\u015fay\u0131r s\u0259nd\u0259.<br>Bu e\u015fq\u0259 e\u015fq olsun!<br>D\u00fcn\u0259nl\u0259 bu g\u00fcn<br>\u00c7iyin-\u00e7iyin\u0259dir k\u00fc\u00e7\u0259l\u0259rind\u0259\u2026<\/p>\n\n\n\n<p>M\u0259n s\u0259n\u0259 borcluyam \u00f6z balan kimi,<br>\u00c7ox da ki \u015feirimd\u0259 g\u00f6r\u00fcnm\u00fcr ad\u0131n.<br>M\u0259nim oxudu\u011fum n\u0259\u011fm\u0259l\u0259rimi,<br>M\u0259nim qula\u011f\u0131ma s\u0259n p\u0131\u00e7\u0131ldad\u0131n.<br>\u015eerimin mayas\u0131 &#8211; bu qaynar n\u0259f\u0259s<br>S\u0259nin \u00f6z \u00e7i\u00e7\u0259yin, s\u0259nin \u00f6z bar\u0131n.<br>\u015eerimd\u0259 dil a\u00e7\u0131b dan\u0131\u015f\u0131m\u0131 b\u0259s,<br>S\u0259nin bulaqlar\u0131n, g\u00f6y \u00e7inarlar\u0259n?<br>M\u0259n h\u0259m bak\u0131l\u0131yam, h\u0259m l\u0259nk\u0259ranl\u0131,<br>G\u0259nc\u0259li, qubal\u0131, h\u0259m nax\u00e7\u0131vanl\u0131.<br>\u015e\u0259kili, \u015firvanl\u0131, qaraba\u011fl\u0131yam,<br>B\u00fct\u00f6v V\u0259t\u0259nim\u0259 b\u00fct\u00f6v ba\u011fl\u0131yam.<br>M\u0259n s\u0259nin qoynunda g\u0259ldim cahana,<br>M\u0259ni b\u0259x\u015f el\u0259din Az\u0259rbaycana.<br>H\u0259mi\u015f\u0259 m\u0259n s\u0259nin h\u0259nd\u0259v\u0259rind\u0259<\/p>\n\n\n\n<p>\u00dc\u00e7an bir qu\u015fam.<br>Bir eld\u0259 do\u011fulub<br>xo\u015fb\u0259xt\u0259m ki, m\u0259n<br>B\u00f6y\u00fck bir V\u0259t\u0259n\u0259 o\u011ful olmu\u015fam.<br>Noyabr, 1971<\/p>\n\n\n\n<p><strong>*Bu \u015feir Xalq \u015fairi B\u0259xtiyar Vahabzad\u0259nin 2004-c\u00fc ild\u0259 Az\u0259rbaycan Respublikas\u0131n\u0131n Prezidenti c\u0259nab \u0130lham \u018fliyevin \u201cAz\u0259rbaycan dilind\u0259 lat\u0131n qrafikas\u0131 il\u0259 k\u00fctl\u0259vi n\u0259\u015frl\u0259rin h\u0259yata ke\u00e7irilm\u0259si\u201d haqq\u0131nda 12 yanvar 2004-c\u00fc il tarixli s\u0259r\u0259ncam\u0131na \u0259sas\u0259n i\u015f\u0131q \u00fcz\u00fc g\u00f6rm\u00fc\u015f  2 cildlik \u201cSe\u00e7ilmi\u015f \u0259s\u0259rl\u0259ri\u201d kitab\u0131ndan se\u00e7il\u0259r\u0259k d\u0259rc olunur<\/strong><\/p>\n","protected":false},"excerpt":{"rendered":"<p>\u015e\u018fK\u0130 &#8220;\u00d6z\u00fcn\u00fcz \u015f\u0259kili oldu\u011funuz halda, h\u0259l\u0259\u015e\u0259kiy\u0259 bir \u015feir h\u0259sr etm\u0259misiniz &#8220;.Bir m\u0259ktubdan Bir n\u0259\u011fm\u0259 qo\u015fmad\u0131m h\u0259l\u0259 m\u0259n s\u0259n\u0259,Da\u011flar bunu m\u0259n\u0259 k\u0259sir sanmas\u0131n.M\u0259n dedim, vur\u011funam Az\u0259rbaycana,Deyir\u0259m, he\u00e7 zaman x\u0131rdalanmas\u0131nK\u00f6nl\u00fcmd\u0259n ucalan bu avaz, bu s\u0259s.B\u00f6y\u00fckd\u00fcr, ucad\u0131r m\u0259sl\u0259kim m\u0259nim.Bala anas\u0131na &#8220;sevir\u0259m&#8221; dem\u0259z,M\u0259n d\u0259 dem\u0259mi\u015f\u0259m, a \u015e\u0259kim, m\u0259nim. S\u0259n \u00f6z ke\u00e7mi\u015fini daim qorudun,Babam\u0131n \u015f\u00f6hr\u0259ti ya\u015fay\u0131r s\u0259nd\u0259.Bu e\u015fq\u0259 e\u015fq olsun!D\u00fcn\u0259nl\u0259 [&hellip;]<\/p>\n","protected":false},"author":2,"featured_media":0,"comment_status":"open","ping_status":"open","sticky":false,"template":"","format":"standard","meta":{"footnotes":""},"categories":[4],"tags":[],"class_list":["post-39330","post","type-post","status-publish","format-standard","hentry","category-edeb"],"_links":{"self":[{"href":"https:\/\/edebiyyat-az.com\/index.php?rest_route=\/wp\/v2\/posts\/39330","targetHints":{"allow":["GET"]}}],"collection":[{"href":"https:\/\/edebiyyat-az.com\/index.php?rest_route=\/wp\/v2\/posts"}],"about":[{"href":"https:\/\/edebiyyat-az.com\/index.php?rest_route=\/wp\/v2\/types\/post"}],"author":[{"embeddable":true,"href":"https:\/\/edebiyyat-az.com\/index.php?rest_route=\/wp\/v2\/users\/2"}],"replies":[{"embeddable":true,"href":"https:\/\/edebiyyat-az.com\/index.php?rest_route=%2Fwp%2Fv2%2Fcomments&post=39330"}],"version-history":[{"count":2,"href":"https:\/\/edebiyyat-az.com\/index.php?rest_route=\/wp\/v2\/posts\/39330\/revisions"}],"predecessor-version":[{"id":39347,"href":"https:\/\/edebiyyat-az.com\/index.php?rest_route=\/wp\/v2\/posts\/39330\/revisions\/39347"}],"wp:attachment":[{"href":"https:\/\/edebiyyat-az.com\/index.php?rest_route=%2Fwp%2Fv2%2Fmedia&parent=39330"}],"wp:term":[{"taxonomy":"category","embeddable":true,"href":"https:\/\/edebiyyat-az.com\/index.php?rest_route=%2Fwp%2Fv2%2Fcategories&post=39330"},{"taxonomy":"post_tag","embeddable":true,"href":"https:\/\/edebiyyat-az.com\/index.php?rest_route=%2Fwp%2Fv2%2Ftags&post=39330"}],"curies":[{"name":"wp","href":"https:\/\/api.w.org\/{rel}","templated":true}]}}