{"id":40068,"date":"2021-10-22T01:00:00","date_gmt":"2021-10-21T21:00:00","guid":{"rendered":"https:\/\/edebiyyat-az.com\/?p=40068"},"modified":"2021-10-22T08:54:53","modified_gmt":"2021-10-22T04:54:53","slug":"sair%c9%99-publisist-xalid%c9%99-nuray-qigilcimdan-dogan-alov","status":"publish","type":"post","link":"https:\/\/edebiyyat-az.com\/?p=40068","title":{"rendered":"\u015eair\u0259-publisist Xalid\u0259 NURAY.&#8221;Q\u0131\u011f\u0131lc\u0131mdan do\u011fan alov&#8221;"},"content":{"rendered":"\n<figure class=\"wp-block-image\"><img decoding=\"async\" src=\"http:\/\/edebiyyat-az.com\/wp-content\/uploads\/2021\/04\/xalidenuray.jpg\" alt=\"\"\/><\/figure>\n\n\n\n<p>\u00c7al\u0131b haqq\u0131m\u0131z\u0131 taxt\u0131m\u0131z \u00fcst\u0259,<\/p>\n\n\n\n<p>Yurdsuz kafirl\u0259r\u0259 taxt yaratd\u0131lar.<\/p>\n\n\n\n<p>Saxta Erevan\u0131 tarix\u0259 yaz\u0131b,<\/p>\n\n\n\n<p>\u0130r\u0259van qalas\u0131n s\u00f6k\u00fcb atd\u0131lar.<\/p>\n\n\n\n<p>B\u00f6y\u00fck Erm\u0259nistan x\u00fclyas\u0131 il\u0259<\/p>\n\n\n\n<p>Haya arxa oldu fitn\u0259kar ruslar.<\/p>\n\n\n\n<p>Acg\u00f6z caqqallar t\u0259k doymad\u0131 g\u00f6z\u00fc,<\/p>\n\n\n\n<p>Qaraba\u011f\u0131 tutdu xain-c\u0259suslar.<\/p>\n\n\n\n<p>Do\u011fma yurdumuzdan did\u0259rgin sal\u0131b,<\/p>\n\n\n\n<p>Otuz il C\u0131d\u0131rda at oynatd\u0131lar.<\/p>\n\n\n\n<p>Ya\u011f\u0131lar v\u0259t\u0259nd\u0259 g\u00f6z da\u011f\u0131 olub,<\/p>\n\n\n\n<p>Qeyr\u0259t yaram\u0131z\u0131 \u00e7ox qanatd\u0131lar.<\/p>\n\n\n\n<p>D\u0131\u011falar fitn\u0259d\u0259n libas geyinib,<\/p>\n\n\n\n<p>\u00d6y\u00fcn\u0259r donuyla yad k\u00f6lg\u0259sind\u0259.<\/p>\n\n\n\n<p>Nam\u0259rdl\u0259r m\u0259zlumu \u0259z\u0259r,sinsid\u0259r,<\/p>\n\n\n\n<p>L\u0259n\u0259ti haqlayar haqq\u0131n s\u0259sind\u0259.<\/p>\n\n\n\n<p>Bu g\u00fcn d\u00f6y\u00fc\u015fl\u0259rd\u0259 V\u0259t\u0259n ad\u0131nda,<\/p>\n\n\n\n<p>Zirv\u0259y\u0259 \u00e7atma\u011fa qanad \u00e7al\u0131r\u0131q.<\/p>\n\n\n\n<p>Qisasdan i\u00e7imiz al\u0131\u015f\u0131b,yan\u0131r<\/p>\n\n\n\n<p>Bir qar\u0131\u015f torpa\u011fa min can al\u0131r\u0131q.<\/p>\n\n\n\n<p>Ya\u011f\u0131 tapda\u011f\u0131nda qalan yurdumu,<\/p>\n\n\n\n<p>Suvar\u0131r qan\u0131yla \u015fanl\u0131 ordumuz.<\/p>\n\n\n\n<p>Q\u0259l\u0259b\u0259 e\u015fqiyl\u0259 oddan don geyib,<\/p>\n\n\n\n<p>D\u00fc\u015fm\u0259n\u0259 sip\u0259rdir \u015f\u0259hid yurdumuz.<\/p>\n\n\n\n<p>Susdurub d\u00fc\u015fm\u0259ni haqq s\u0259simizl\u0259 ,<\/p>\n\n\n\n<p>G\u00fcn\u0259\u015f t\u0259k parlay\u0131b z\u00fclm\u0259ti yendik.<\/p>\n\n\n\n<p>Z\u0259f\u0259r m\u0259\u015f\u0259lini yand\u0131rmaq \u00fc\u00e7\u00fcn,<\/p>\n\n\n\n<p>Q\u0131\u011f\u0131lc\u0131mdan do\u011fan alova d\u00f6nd\u00fck!<\/p>\n\n\n\n<p>18.10.2020.<\/p>\n","protected":false},"excerpt":{"rendered":"<p>\u00c7al\u0131b haqq\u0131m\u0131z\u0131 taxt\u0131m\u0131z \u00fcst\u0259, Yurdsuz kafirl\u0259r\u0259 taxt yaratd\u0131lar. Saxta Erevan\u0131 tarix\u0259 yaz\u0131b, \u0130r\u0259van qalas\u0131n s\u00f6k\u00fcb atd\u0131lar. B\u00f6y\u00fck Erm\u0259nistan x\u00fclyas\u0131 il\u0259 Haya arxa oldu fitn\u0259kar ruslar. Acg\u00f6z caqqallar t\u0259k doymad\u0131 g\u00f6z\u00fc, Qaraba\u011f\u0131 tutdu xain-c\u0259suslar. Do\u011fma yurdumuzdan did\u0259rgin sal\u0131b, Otuz il C\u0131d\u0131rda at oynatd\u0131lar. Ya\u011f\u0131lar v\u0259t\u0259nd\u0259 g\u00f6z da\u011f\u0131 olub, Qeyr\u0259t yaram\u0131z\u0131 \u00e7ox qanatd\u0131lar. D\u0131\u011falar fitn\u0259d\u0259n libas geyinib, [&hellip;]<\/p>\n","protected":false},"author":2,"featured_media":0,"comment_status":"open","ping_status":"open","sticky":false,"template":"","format":"standard","meta":{"footnotes":""},"categories":[4],"tags":[],"class_list":["post-40068","post","type-post","status-publish","format-standard","hentry","category-edeb"],"_links":{"self":[{"href":"https:\/\/edebiyyat-az.com\/index.php?rest_route=\/wp\/v2\/posts\/40068","targetHints":{"allow":["GET"]}}],"collection":[{"href":"https:\/\/edebiyyat-az.com\/index.php?rest_route=\/wp\/v2\/posts"}],"about":[{"href":"https:\/\/edebiyyat-az.com\/index.php?rest_route=\/wp\/v2\/types\/post"}],"author":[{"embeddable":true,"href":"https:\/\/edebiyyat-az.com\/index.php?rest_route=\/wp\/v2\/users\/2"}],"replies":[{"embeddable":true,"href":"https:\/\/edebiyyat-az.com\/index.php?rest_route=%2Fwp%2Fv2%2Fcomments&post=40068"}],"version-history":[{"count":1,"href":"https:\/\/edebiyyat-az.com\/index.php?rest_route=\/wp\/v2\/posts\/40068\/revisions"}],"predecessor-version":[{"id":40077,"href":"https:\/\/edebiyyat-az.com\/index.php?rest_route=\/wp\/v2\/posts\/40068\/revisions\/40077"}],"wp:attachment":[{"href":"https:\/\/edebiyyat-az.com\/index.php?rest_route=%2Fwp%2Fv2%2Fmedia&parent=40068"}],"wp:term":[{"taxonomy":"category","embeddable":true,"href":"https:\/\/edebiyyat-az.com\/index.php?rest_route=%2Fwp%2Fv2%2Fcategories&post=40068"},{"taxonomy":"post_tag","embeddable":true,"href":"https:\/\/edebiyyat-az.com\/index.php?rest_route=%2Fwp%2Fv2%2Ftags&post=40068"}],"curies":[{"name":"wp","href":"https:\/\/api.w.org\/{rel}","templated":true}]}}