{"id":40071,"date":"2021-10-22T04:00:00","date_gmt":"2021-10-22T00:00:00","guid":{"rendered":"https:\/\/edebiyyat-az.com\/?p=40071"},"modified":"2021-10-22T09:01:31","modified_gmt":"2021-10-22T05:01:31","slug":"sair-publisist-%c9%99li-rza-x%c9%99l%c9%99fli-allahin-%c9%99man%c9%99t-yolu","status":"publish","type":"post","link":"https:\/\/edebiyyat-az.com\/?p=40071","title":{"rendered":"\u015eair-publisist \u018fli Rza X\u018fL\u018fFL\u0130.\u201dALLAHIN \u018fMAN\u018fT YOLU&#8221;"},"content":{"rendered":"\n<figure class=\"wp-block-image is-resized\"><img loading=\"lazy\" decoding=\"async\" src=\"http:\/\/edebiyyat-az.com\/wp-content\/uploads\/2021\/04\/Eli-rza-xelefli.jpg\" alt=\"This image has an empty alt attribute; its file name is Eli-rza-xelefli.jpg\" width=\"703\" height=\"1053\"\/><\/figure>\n\n\n\n<p class=\"wp-block-paragraph\"><strong>Az\u0259rbaycan Yaz\u0131\u00e7\u0131lar Birliyinin \u00fczv\u00fc, Az\u0259rbaycan Respublikas\u0131 Prezidenti T\u0259qa\u00fcd Fondunun t\u0259qa\u00fcd\u00e7\u00fcs\u00fc, \u201cKredo\u201d q\u0259zetinin Ba\u015f redaktoru\u00a0<\/strong><\/p>\n\n\n\n<p class=\"wp-block-paragraph\">Vaqif B\u0259hm\u0259nliy\u0259<\/p>\n\n\n\n<p class=\"wp-block-paragraph\">Oxudum \u015ferini Vaqif B\u0259hm\u0259nli,<\/p>\n\n\n\n<p class=\"wp-block-paragraph\">H\u0259r misran pir da\u015f\u0131 , ocaq da\u015f\u0131d\u0131r&#8230;<\/p>\n\n\n\n<p class=\"wp-block-paragraph\">Xatir\u0259 yollar\u0131n dumanl\u0131 , \u00e7\u0259nli<\/p>\n\n\n\n<p class=\"wp-block-paragraph\">G\u00f6rd\u00fcy\u00fcn zirv\u0259l\u0259r da\u011flar ba\u015f\u0131d\u0131r&#8230;<\/p>\n\n\n\n<p class=\"wp-block-paragraph\">M\u0259mm\u0259d Araz yolu&#8230;anlamaq d\u0259rdi,<\/p>\n\n\n\n<p class=\"wp-block-paragraph\">\u018fzablar i\u00e7ind\u0259 ya\u015famaq yolu&#8230;<\/p>\n\n\n\n<p class=\"wp-block-paragraph\">Allah\u0131n pay b\u00f6ld\u00fc, \u0259man\u0259t verdi,<\/p>\n\n\n\n<p class=\"wp-block-paragraph\">S\u0259nindi d\u0259rdl\u0259ri da\u015f\u0131maq yolu&#8230;<\/p>\n\n\n\n<p class=\"wp-block-paragraph\">\u0130ll\u0259rdir i\u015f\u0131\u011f\u0131 q\u0259lbind\u0259n ke\u00e7\u0259n<\/p>\n\n\n\n<p class=\"wp-block-paragraph\">G\u00f6zl\u0259ri g\u00f6z\u00fcnd\u00fcr Eldar Bax\u0131\u015f\u0131n&#8230;<\/p>\n\n\n\n<p class=\"wp-block-paragraph\">S\u00f6z\u00fcn \u00fcmman\u0131nda m\u0259nalar se\u00e7\u0259n<\/p>\n\n\n\n<p class=\"wp-block-paragraph\">S\u0259rraf n\u0259z\u0259ridir iti bax\u0131\u015f\u0131n&#8230;<\/p>\n\n\n\n<p class=\"wp-block-paragraph\">Silsil\u0259 da\u011flard\u0131r adlar, \u00fcnvanlar<\/p>\n\n\n\n<p class=\"wp-block-paragraph\">Yollar b\u0259l\u0259d\u00e7indir izl\u0259r sirda\u015f\u0131n&#8230;<\/p>\n\n\n\n<p class=\"wp-block-paragraph\">G\u00f6rd\u00fcy\u00fcn pirl\u0259rdir qada sovanlar,<\/p>\n\n\n\n<p class=\"wp-block-paragraph\">K\u0259ram\u0259t g\u00fcc\u00fc var burda h\u0259r da\u015f\u0131n&#8230;<\/p>\n\n\n\n<p class=\"wp-block-paragraph\">G\u00f6zl\u0259rin yadda\u015f\u0131n p\u0259nc\u0259r\u0259sidir,<\/p>\n\n\n\n<p class=\"wp-block-paragraph\">Bax\u0131ram g\u00f6rd\u00fcy\u00fcn uca da\u011flara,<\/p>\n\n\n\n<p class=\"wp-block-paragraph\">Xatir\u0259 il\u011f\u0131m\u0131 d\u0259rd \u00e7ar\u0259sidir,<\/p>\n\n\n\n<p class=\"wp-block-paragraph\">X\u0259zan k\u00f6nl\u00fcm\u00fczd\u0259 solan ba\u011flara&#8230;<\/p>\n\n\n\n<p class=\"wp-block-paragraph\">Bizim qalaktika &#8230; adlar al\u0259mi,<\/p>\n\n\n\n<p class=\"wp-block-paragraph\">Ya\u015fayan \u00fcr\u0259kl\u0259r ad -ad d\u00f6y\u00fcn\u0259r&#8230;<\/p>\n\n\n\n<p class=\"wp-block-paragraph\">S\u00f6z\u00fcn\u00fcn \u00fcst\u00fcn\u0259 \u00e7\u0259kib q\u0259l\u0259mi,<\/p>\n\n\n\n<p class=\"wp-block-paragraph\">Allah\u0131n \u00f6z\u00fc d\u0259 bax\u0131b \u00f6y\u00fcn\u0259r&#8230;<\/p>\n\n\n\n<p class=\"wp-block-paragraph\">Yax\u015f\u0131 bilirir\u0259m ki s\u0259n \u00e7ox ucasan,<\/p>\n\n\n\n<p class=\"wp-block-paragraph\">Boyun boy g\u00f6t\u00fcr\u00fcb Araz da\u011f\u0131ndan&#8230;<\/p>\n\n\n\n<p class=\"wp-block-paragraph\">Bilir\u0259m d\u0259rdinl\u0259 d\u0259rdli qocasan,<\/p>\n\n\n\n<p class=\"wp-block-paragraph\">Xal d\u00fc\u015f\u00fcb q\u0259lbin\u0259 Eldar \u00e7a\u011f\u0131ndan&#8230;<\/p>\n\n\n\n<p class=\"wp-block-paragraph\">Ruhumuz dil tapar, qol boyun olar<\/p>\n\n\n\n<p class=\"wp-block-paragraph\">Ged\u0259rik V\u0259t\u0259ni ist\u0259k boyunca,<\/p>\n\n\n\n<p class=\"wp-block-paragraph\">K\u00f6vr\u0259k duy\u011fularla k\u00f6nl\u00fcm\u00fcz dolar,<\/p>\n\n\n\n<p class=\"wp-block-paragraph\">Sevin\u0259r s\u00f6z\u00fcm\u00fcz yen\u0259 doyunca&#8230;<\/p>\n\n\n\n<p class=\"wp-block-paragraph\">X\u0259l\u0259fli s\u00f6z\u00fcn\u00fc ya\u011fd\u0131 bu yerd\u0259,<\/p>\n\n\n\n<p class=\"wp-block-paragraph\">S\u00f6zd\u0259 Vaqif olan bir kims\u0259 g\u00f6rs\u00fcn<\/p>\n\n\n\n<p class=\"wp-block-paragraph\">Xudaf\u0259rin \u00fcst\u0259 a\u011flayan d\u0259rd\u0259,<\/p>\n\n\n\n<p class=\"wp-block-paragraph\">Diri q\u00fcrurunda s\u0259cd\u0259y\u0259 dursun&#8230;<\/p>\n\n\n\n<p class=\"wp-block-paragraph\">Oxudum \u015feirini, Vaqif B\u0259hm\u0259nli,<\/p>\n\n\n\n<p class=\"wp-block-paragraph\">\u00c7atd\u0131\u011f\u0131n ocaqlar oddan b\u0259ll\u0259nir&#8230;<\/p>\n\n\n\n<p class=\"wp-block-paragraph\">\u0130nsan t\u0259bi\u0259tl\u0259r \u00e7\u00f6ll\u00fc, \u00e7\u0259m\u0259nli,<\/p>\n\n\n\n<p class=\"wp-block-paragraph\">\u0130lham\u0131n ya\u011fd\u0131qca yadda\u015f g\u00fcll\u0259nir&#8230;<\/p>\n\n\n\n<p class=\"wp-block-paragraph\">\u018fli Rza X\u0259l\u0259fli,<\/p>\n\n\n\n<p class=\"wp-block-paragraph\">13. 10.2021&#8230;<\/p>\n\n\n\n<p class=\"wp-block-paragraph\">Saat&#8230; 20.30<\/p>\n","protected":false},"excerpt":{"rendered":"<p>Az\u0259rbaycan Yaz\u0131\u00e7\u0131lar Birliyinin \u00fczv\u00fc, Az\u0259rbaycan Respublikas\u0131 Prezidenti T\u0259qa\u00fcd Fondunun t\u0259qa\u00fcd\u00e7\u00fcs\u00fc, \u201cKredo\u201d q\u0259zetinin Ba\u015f redaktoru\u00a0 Vaqif B\u0259hm\u0259nliy\u0259 Oxudum \u015ferini Vaqif B\u0259hm\u0259nli, H\u0259r misran pir da\u015f\u0131 , ocaq da\u015f\u0131d\u0131r&#8230; Xatir\u0259 yollar\u0131n dumanl\u0131 , \u00e7\u0259nli G\u00f6rd\u00fcy\u00fcn zirv\u0259l\u0259r da\u011flar ba\u015f\u0131d\u0131r&#8230; M\u0259mm\u0259d Araz yolu&#8230;anlamaq d\u0259rdi, \u018fzablar i\u00e7ind\u0259 ya\u015famaq yolu&#8230; Allah\u0131n pay b\u00f6ld\u00fc, \u0259man\u0259t verdi, S\u0259nindi d\u0259rdl\u0259ri da\u015f\u0131maq yolu&#8230; \u0130ll\u0259rdir i\u015f\u0131\u011f\u0131 &hellip; <\/p>\n","protected":false},"author":2,"featured_media":0,"comment_status":"open","ping_status":"open","sticky":false,"template":"","format":"standard","meta":{"footnotes":""},"categories":[4],"tags":[],"class_list":["post-40071","post","type-post","status-publish","format-standard","hentry","category-edeb","latest_post"],"_links":{"self":[{"href":"https:\/\/edebiyyat-az.com\/index.php?rest_route=\/wp\/v2\/posts\/40071","targetHints":{"allow":["GET"]}}],"collection":[{"href":"https:\/\/edebiyyat-az.com\/index.php?rest_route=\/wp\/v2\/posts"}],"about":[{"href":"https:\/\/edebiyyat-az.com\/index.php?rest_route=\/wp\/v2\/types\/post"}],"author":[{"embeddable":true,"href":"https:\/\/edebiyyat-az.com\/index.php?rest_route=\/wp\/v2\/users\/2"}],"replies":[{"embeddable":true,"href":"https:\/\/edebiyyat-az.com\/index.php?rest_route=%2Fwp%2Fv2%2Fcomments&post=40071"}],"version-history":[{"count":1,"href":"https:\/\/edebiyyat-az.com\/index.php?rest_route=\/wp\/v2\/posts\/40071\/revisions"}],"predecessor-version":[{"id":40081,"href":"https:\/\/edebiyyat-az.com\/index.php?rest_route=\/wp\/v2\/posts\/40071\/revisions\/40081"}],"wp:attachment":[{"href":"https:\/\/edebiyyat-az.com\/index.php?rest_route=%2Fwp%2Fv2%2Fmedia&parent=40071"}],"wp:term":[{"taxonomy":"category","embeddable":true,"href":"https:\/\/edebiyyat-az.com\/index.php?rest_route=%2Fwp%2Fv2%2Fcategories&post=40071"},{"taxonomy":"post_tag","embeddable":true,"href":"https:\/\/edebiyyat-az.com\/index.php?rest_route=%2Fwp%2Fv2%2Ftags&post=40071"}],"curies":[{"name":"wp","href":"https:\/\/api.w.org\/{rel}","templated":true}]}}