{"id":40145,"date":"2021-11-01T01:00:00","date_gmt":"2021-10-31T21:00:00","guid":{"rendered":"https:\/\/edebiyyat-az.com\/?p=40145"},"modified":"2021-11-01T08:24:16","modified_gmt":"2021-11-01T04:24:16","slug":"az%c9%99rbaycanli-g%c9%99nc-sair-ilham-mikayilin-seiri-kardelen-d%c9%99rgisind%c9%99-d%c9%99rc-olunub","status":"publish","type":"post","link":"https:\/\/edebiyyat-az.com\/?p=40145","title":{"rendered":"Az\u0259rbaycanl\u0131 g\u0259nc \u015fair \u0130lham M\u0130KAYILIN \u015feiri \u201cKardelen\u201d d\u0259rgisind\u0259 d\u0259rc olunub"},"content":{"rendered":"\n<p><\/p>\n\n\n\n<figure class=\"wp-block-image size-full\"><a href=\"http:\/\/edebiyyat-az.com\/wp-content\/uploads\/2021\/11\/110onkapak.jpg\"><img loading=\"lazy\" decoding=\"async\" width=\"654\" height=\"913\" src=\"http:\/\/edebiyyat-az.com\/wp-content\/uploads\/2021\/11\/110onkapak.jpg\" alt=\"\" class=\"wp-image-40158\" srcset=\"https:\/\/edebiyyat-az.com\/wp-content\/uploads\/2021\/11\/110onkapak.jpg 654w, https:\/\/edebiyyat-az.com\/wp-content\/uploads\/2021\/11\/110onkapak-215x300.jpg 215w\" sizes=\"auto, (max-width: 654px) 100vw, 654px\" \/><\/a><\/figure>\n\n\n\n<figure class=\"wp-block-image size-full\"><a href=\"http:\/\/edebiyyat-az.com\/wp-content\/uploads\/2021\/11\/110icindekiler.jpg\"><img loading=\"lazy\" decoding=\"async\" width=\"652\" height=\"911\" src=\"http:\/\/edebiyyat-az.com\/wp-content\/uploads\/2021\/11\/110icindekiler.jpg\" alt=\"\" class=\"wp-image-40160\" srcset=\"https:\/\/edebiyyat-az.com\/wp-content\/uploads\/2021\/11\/110icindekiler.jpg 652w, https:\/\/edebiyyat-az.com\/wp-content\/uploads\/2021\/11\/110icindekiler-215x300.jpg 215w\" sizes=\"auto, (max-width: 652px) 100vw, 652px\" \/><\/a><\/figure>\n\n\n\n<p>Az\u0259rbaycan Jurnalistl\u0259r Birliyi Sumqay\u0131t \u015f\u0259h\u0259r t\u0259\u015fkilat\u0131 t\u0259r\u0259find\u0259n ger\u00e7\u0259kl\u0259\u015fdiril\u0259n <strong>\u201cT\u00fcrkiy\u0259-Az\u0259rbaycan \u0259d\u0259bi-m\u0259d\u0259ni \u0259laq\u0259l\u0259rinin inki\u015faf\u0131na d\u0259st\u0259k\u201d <\/strong>layih\u0259si \u00e7\u0259r\u00e7iv\u0259sind\u0259 yeni n\u0259sil Az\u0259rbaycan g\u0259ncliyinin istedadl\u0131 n\u00fcmay\u0259nd\u0259sini, Az\u0259rbaycan Jurnalistl\u0259r Birliyi Sumqay\u0131t \u015f\u0259h\u0259r t\u0259\u015fkilat\u0131n\u0131n G\u00fcnd\u0259lik Analitik \u0130nformasiya Agentliyinin v\u0259 Az\u0259rbaycan\u0131n M\u0259d\u0259niyy\u0259t v\u0259 \u018fd\u0259biyyat Portal\u0131n\u0131n Aran b\u00fcrosunun r\u0259hb\u0259ri, \u201cG\u0259nc Yazarlar\u201d \u018fd\u0259bi Birliyinin \u00fczv\u00fc, Sumqay\u0131t D\u00f6vl\u0259t Universitetinin Filolofiya fak\u00fclt\u0259sinin m\u0259zunu (2007-2011), \u201cKardelen\u201d \u00fc\u00e7ayl\u0131q m\u0259d\u0259niyy\u0259t, \u0259d\u0259biyyat v\u0259 s\u0259n\u0259t d\u0259rgisi yazar\u0131, <strong>Az\u0259rbaycan Jurnalistl\u0259r Birliyi Sumqay\u0131t \u015f\u0259h\u0259r t\u0259\u015fkilat\u0131n\u0131n G\u00fcnd\u0259lik Analitik \u0130nformasiya Agentliyinin v\u0259 Az\u0259rbaycan\u0131n M\u0259d\u0259niyy\u0259t v\u0259 \u018fd\u0259biyyat Portal\u0131n\u0131n Qaraba\u011f b\u00fcrosunun r\u0259hb\u0259ri<\/strong>, g\u0259nc yazar \u0130lham Mikay\u0131l\u0131n&nbsp;&#8220;Qocal\u0131r&#8221; adl\u0131 \u015feiri Qarda\u015f T\u00fcrkiy\u0259 C\u00fcmhuriyy\u0259tinin Bilecik \u015f\u0259h\u0259rind\u0259 f\u0259aliyy\u0259t g\u00f6st\u0259r\u0259n \u201cKardelen\u201d \u00fc\u00e7ayl\u0131q m\u0259d\u0259niyy\u0259t, \u0259d\u0259biyyat, inc\u0259s\u0259n\u0259t d\u0259rgisinin 110-cu say\u0131nda Az\u0259rbaycan dilind\u0259 d\u0259rc olunub.&nbsp;<\/p>\n\n\n\n<p>\u201cT\u00fcrkiy\u0259-Az\u0259rbaycan \u0259d\u0259bi-m\u0259d\u0259ni \u0259laq\u0259l\u0259rinin inki\u015faf\u0131na d\u0259st\u0259k\u201d&nbsp;layih\u0259sinin layih\u0259sinin r\u0259hb\u0259ri v\u0259 m\u00fc\u0259llifi Az\u0259rbaycan Jurnalistl\u0259r Birliyinin Sumqay\u0131t \u015f\u0259h\u0259r t\u0259\u015fkilat\u0131n\u0131n s\u0259dri, respublikan\u0131n \u018fm\u0259kdar jurnalisti, AJB Sumqay\u0131t \u015f\u0259h\u0259r t\u0259\u015fkilat\u0131n\u0131n s\u0259dri, G\u00fcnd\u0259lik Analitik \u0130nformasiya Agentliyinin v\u0259 Az\u0259rbaycan\u0131n M\u0259d\u0259niyy\u0259t v\u0259 \u018fd\u0259biyyat Portal\u0131n\u0131n t\u0259sis\u00e7isi v\u0259 direktoru, \u201cK\u00fcmbet\u201d v\u0259 \u201cUsare\u201d d\u0259rgil\u0259rinin Az\u0259rbaycan t\u0259msilciliyinin r\u0259hb\u0259ri Rafiq Oday, koordinatoru v\u0259 m\u0259sul katibi&nbsp;Az\u0259rbaycan\u0131n M\u0259d\u0259niyy\u0259t v\u0259 \u018fd\u0259biyyat Portal\u0131n\u0131n M\u0259tbuat xidm\u0259tinin r\u0259hb\u0259ri, Az\u0259rbaycan Jurnalistl\u0259r Birliyinin \u00fczv\u00fc, \u201cK\u00fcmbet\u201d v\u0259 \u201cUsare\u201d d\u0259rgil\u0259rinin Az\u0259rbaycan t\u0259msil\u00e7isi, \u201cKardelen\u201d \u00fc\u00e7ayl\u0131q m\u0259d\u0259niyy\u0259t, \u0259d\u0259biyyat v\u0259 s\u0259n\u0259t d\u0259rgisi yazar\u0131, \u015fair, t\u0259rc\u00fcm\u0259\u00e7i, publisist, jurnaist, g\u0259nc yazar Kamran Murquzov, m\u0259sl\u0259h\u0259t\u00e7il\u0259ri is\u0259 Az\u0259rbaycan Jurnalistl\u0259r Birliyi Sumqay\u0131t \u015f\u0259h\u0259r t\u0259\u015fkilat\u0131n\u0131n G\u00fcnd\u0259lik Analitik \u0130nformasiya Agentliyinin v\u0259 Az\u0259rbaycan\u0131n M\u0259d\u0259niyy\u0259t v\u0259 \u018fd\u0259biyyat Portal\u0131n\u0131n Ba\u015f m\u0259sl\u0259h\u0259t\u00e7isi, \u00abG\u0259nc\u0259basar\u201d b\u00f6lg\u0259sinin r\u0259hb\u0259ri, \u201cN\u0259sr\u201d b\u00f6lm\u0259sinin redaktoru, Az\u0259rbaycan Yaz\u0131\u00e7\u0131lar v\u0259 Jurnalistl\u0259r Birlikl\u0259rinin \u00fczv\u00fc, Prezident t\u0259qa\u00fcd\u00e7\u00fcs\u00fc, G\u0259ncl\u0259r m\u00fckafat\u00e7\u0131s\u0131, Az\u0259rbaycan\u0131n M\u0259d\u0259niyy\u0259t v\u0259 \u018fd\u0259biyyat Portal\u0131n\u0131n Ba\u015f redaktoru, g\u0259nc xan\u0131m yazar \u015e\u0259fa V\u0259liyeva, Az\u0259rbaycan Respublikas\u0131 T\u0259hsil Probleml\u0259ri \u0130nstitutunun Kurikulum M\u0259rk\u0259zinin b\u00f6y\u00fck elmi i\u015f\u00e7isi, filologiya \u00fczr\u0259 f\u0259ls\u0259f\u0259 doktoru, Az\u0259rbaycan Jurnalistl\u0259r Birliyi Sumqay\u0131t \u015f\u0259h\u0259r t\u0259\u015fkilat\u0131n\u0131n G\u00fcnd\u0259lik Analitik \u0130nformasiya Agentliyinin (gundelik.info) v\u0259 Az\u0259rbaycan\u0131n M\u0259d\u0259niyy\u0259t v\u0259 \u018fd\u0259biyyat Portal\u0131n\u0131n M\u0259sul katibi, \u015fair\u0259-publisist \u015e\u0259fa Eyvazd\u0131r.<\/p>\n\n\n\n<p>Az\u0259rbaycan Jurnalistl\u0259r Birliyi Sumqay\u0131t \u015f\u0259h\u0259r t\u0259\u015fkilat\u0131 t\u0259\u015fkilat\u00e7\u0131l\u0131\u011f\u0131 h\u0259yata il\u0259 ke\u00e7iril\u0259n \u201cYeni n\u0259sil Az\u0259rbaycan g\u0259ncliyinin inki\u015faf\u0131na d\u0259st\u0259k\u201d layih\u0259si \u00e7\u0259r\u00e7iv\u0259sind\u0259 g\u0259nc yazar \u0130lham Mikay\u0131l\u0131n \u201cAla yurdumu\u201d adl\u0131 \u015feiri Osmanl\u0131 t\u00fcrkc\u0259sind\u0259 Qarda\u015f T\u00fcrkiy\u0259 C\u00fcmhuriyy\u0259tinin Kahramanmara\u015f \u015f\u0259h\u0259rind\u0259 f\u0259aliyy\u0259t g\u00f6st\u0259r\u0259n Ebrar Vakf\u0131 K\u00fclt\u00fcr yay\u0131n organ\u0131 \u201cUsare\u201d iki ayl\u0131k k\u00fclt\u00fcr, sanat ve edebiyat dergisinin yeni 19-cu say\u0131nda d\u0259rc olunaraq, ictimaiyy\u0259t n\u00fcmay\u0259nd\u0259l\u0259rinin n\u0259z\u0259rin\u0259 \u00e7atd\u0131r\u0131lm\u0131\u015fd\u0131.<\/p>\n\n\n\n<p><strong>Az\u0259rbaycan\u0131n M\u0259d\u0259niyy\u0259t v\u0259 \u018fd\u0259biyyat Portal\u0131n\u0131n M\u0259tbuat xidm\u0259ti v\u0259 \u0130ctimaiyy\u0259tl\u0259 \u018flaq\u0259l\u0259r \u015f\u00f6b\u0259si<\/strong><\/p>\n","protected":false},"excerpt":{"rendered":"<p>Az\u0259rbaycan Jurnalistl\u0259r Birliyi Sumqay\u0131t \u015f\u0259h\u0259r t\u0259\u015fkilat\u0131 t\u0259r\u0259find\u0259n ger\u00e7\u0259kl\u0259\u015fdiril\u0259n \u201cT\u00fcrkiy\u0259-Az\u0259rbaycan \u0259d\u0259bi-m\u0259d\u0259ni \u0259laq\u0259l\u0259rinin inki\u015faf\u0131na d\u0259st\u0259k\u201d layih\u0259si \u00e7\u0259r\u00e7iv\u0259sind\u0259 yeni n\u0259sil Az\u0259rbaycan g\u0259ncliyinin istedadl\u0131 n\u00fcmay\u0259nd\u0259sini, Az\u0259rbaycan Jurnalistl\u0259r Birliyi Sumqay\u0131t \u015f\u0259h\u0259r t\u0259\u015fkilat\u0131n\u0131n G\u00fcnd\u0259lik Analitik \u0130nformasiya Agentliyinin v\u0259 Az\u0259rbaycan\u0131n M\u0259d\u0259niyy\u0259t v\u0259 \u018fd\u0259biyyat Portal\u0131n\u0131n Aran b\u00fcrosunun r\u0259hb\u0259ri, \u201cG\u0259nc Yazarlar\u201d \u018fd\u0259bi Birliyinin \u00fczv\u00fc, Sumqay\u0131t D\u00f6vl\u0259t Universitetinin Filolofiya fak\u00fclt\u0259sinin m\u0259zunu (2007-2011), \u201cKardelen\u201d \u00fc\u00e7ayl\u0131q m\u0259d\u0259niyy\u0259t, [&hellip;]<\/p>\n","protected":false},"author":2,"featured_media":0,"comment_status":"open","ping_status":"open","sticky":false,"template":"","format":"standard","meta":{"footnotes":""},"categories":[42],"tags":[],"class_list":["post-40145","post","type-post","status-publish","format-standard","hentry","category-kardelendergisi"],"_links":{"self":[{"href":"https:\/\/edebiyyat-az.com\/index.php?rest_route=\/wp\/v2\/posts\/40145","targetHints":{"allow":["GET"]}}],"collection":[{"href":"https:\/\/edebiyyat-az.com\/index.php?rest_route=\/wp\/v2\/posts"}],"about":[{"href":"https:\/\/edebiyyat-az.com\/index.php?rest_route=\/wp\/v2\/types\/post"}],"author":[{"embeddable":true,"href":"https:\/\/edebiyyat-az.com\/index.php?rest_route=\/wp\/v2\/users\/2"}],"replies":[{"embeddable":true,"href":"https:\/\/edebiyyat-az.com\/index.php?rest_route=%2Fwp%2Fv2%2Fcomments&post=40145"}],"version-history":[{"count":3,"href":"https:\/\/edebiyyat-az.com\/index.php?rest_route=\/wp\/v2\/posts\/40145\/revisions"}],"predecessor-version":[{"id":40172,"href":"https:\/\/edebiyyat-az.com\/index.php?rest_route=\/wp\/v2\/posts\/40145\/revisions\/40172"}],"wp:attachment":[{"href":"https:\/\/edebiyyat-az.com\/index.php?rest_route=%2Fwp%2Fv2%2Fmedia&parent=40145"}],"wp:term":[{"taxonomy":"category","embeddable":true,"href":"https:\/\/edebiyyat-az.com\/index.php?rest_route=%2Fwp%2Fv2%2Fcategories&post=40145"},{"taxonomy":"post_tag","embeddable":true,"href":"https:\/\/edebiyyat-az.com\/index.php?rest_route=%2Fwp%2Fv2%2Ftags&post=40145"}],"curies":[{"name":"wp","href":"https:\/\/api.w.org\/{rel}","templated":true}]}}