{"id":40150,"date":"2021-11-01T06:00:00","date_gmt":"2021-11-01T02:00:00","guid":{"rendered":"https:\/\/edebiyyat-az.com\/?p=40150"},"modified":"2021-11-03T17:02:06","modified_gmt":"2021-11-03T13:02:06","slug":"kumbet-dergisinin-56-sayisi-ayyinda","status":"publish","type":"post","link":"https:\/\/edebiyyat-az.com\/?p=40150","title":{"rendered":"&#8220;K\u00fcmbet&#8221; dergisinin 56. say\u0131s\u0131 yay\u0131nda"},"content":{"rendered":"\n<figure class=\"wp-block-image size-full is-resized\"><a href=\"http:\/\/edebiyyat-az.com\/wp-content\/uploads\/2021\/11\/kumbet-56.jpg\"><img loading=\"lazy\" decoding=\"async\" src=\"http:\/\/edebiyyat-az.com\/wp-content\/uploads\/2021\/11\/kumbet-56.jpg\" alt=\"\" class=\"wp-image-40179\" width=\"707\" height=\"951\" srcset=\"https:\/\/edebiyyat-az.com\/wp-content\/uploads\/2021\/11\/kumbet-56.jpg 447w, https:\/\/edebiyyat-az.com\/wp-content\/uploads\/2021\/11\/kumbet-56-223x300.jpg 223w\" sizes=\"auto, (max-width: 707px) 100vw, 707px\" \/><\/a><\/figure>\n\n\n\n<p><strong>DERG\u0130M\u0130Z\u0130N 56. SAYISIYLA S\u0130ZLERLE B\u0130RL\u0130KTEY\u0130Z.ED\u0130T\u00d6RDEN<\/strong><\/p>\n\n\n\n<p>2021 y\u0131l\u0131n\u0131n son say\u0131s\u0131 ile sizlerle birlikteyiz. B\u00fct\u00fcn d\u00fcnyada oldu\u011fu gibi \u00fclkemizde de korona vir\u00fcs ad\u0131 verilen salg\u0131n hastal\u0131k sebebiyle sosyal ve k\u00fclt\u00fcrel etkinlikler azalt\u0131lmak zorunda kal\u0131nd\u0131. Bu olumsuzluklar k\u00fclt\u00fcr sanat dergilerini de maliyet, bas\u0131m ve da\u011f\u0131t\u0131m a\u00e7\u0131s\u0131ndan \u00f6nemli \u00f6l\u00e7\u00fcde etkiledi. <\/p>\n\n\n\n<p>B\u00f6yle bir tablo i\u00e7erisinde k\u00fclt\u00fcr sevdal\u0131lar\u0131 olarak \u2013bir araya gelememenin \u00f6tesinde-yolumuza devam etme\u011fe gayret ettik.<\/p>\n\n\n\n<p>56.Say\u0131m\u0131zda da \u00e7ok de\u011ferli kalemler yaz\u0131, ara\u015ft\u0131rma ve makaleleriyle, \u015fairlerimiz de \u015fiirleriyle sizlerle bulu\u015ftular.2021 y\u0131l\u0131 Yunus Emre\u2019nin vefat\u0131n\u0131n 700.y\u0131l\u0131, Hac\u0131 Bekta\u015f-\u0131 Veli\u2019nin vefat\u0131n\u0131n 750.y\u0131l\u0131 m\u00fcnasebetiyle UNESCO Taraf\u0131ndan anma ve kutlama y\u0131ld\u00f6n\u00fcmleri aras\u0131na al\u0131nd\u0131. Cumhurba\u015fkanl\u0131\u011f\u0131 da 2021 y\u0131l\u0131n\u0131 yay\u0131nlad\u0131\u011f\u0131 genelge ile \u201cYunus Emre ve T\u00fcrk\u00e7e Y\u0131l\u0131 \u201c ilan ederken, Hac\u0131 Bekta\u015f-\u0131 Veli\u2019nin de yurt i\u00e7inde ve d\u0131\u015f\u0131nda etkinliklerle an\u0131lmas\u0131na dair bir genelge yay\u0131nlayarak gerekli maddi deste\u011fi sa\u011flad\u0131. Biz de bu say\u0131m\u0131zda a\u011f\u0131rl\u0131kl\u0131 olarak bu iki de\u011feri konu edinen yaz\u0131lara a\u011f\u0131rl\u0131k verdik.\u0130\u015fte 56. Say\u0131m\u0131zda bizleri yaln\u0131z b\u0131rakmayan birbirinden de\u011ferli akademisyen ve yazarlar\u0131m\u0131z; Prof. Dr. Nurullah \u00c7etin, Prof. Dr. Ali Akar, Prof. Dr. Levent Bayraktar, Prof. Dr. Atabey K\u0131l\u0131\u00e7, M. Halistin Kukul, Dr. Mehmet Yard\u0131mc\u0131, Abdullah Sato\u011flu, Bedrettin Kele\u015ftimur, Kemal Bilsel Sar\u0131s\u00f6zen, P\u0131nar Ay\u015fe Gidi\u015f, Nihat Aymak, M. Necati G\u00fcne\u015f, Ahmet Divriklio\u011flu, Burhan Kurddan, Hami Karsl\u0131, Kumrug\u00fcl T\u00fcrkmen Ak\u0131n, Nurdane \u00d6zdemir Sa\u011fkan, Deniz Garipcan, Ayla Ba\u011f, Dursun Arslan, Yeliz Y\u0131ld\u0131r\u0131m, Levent Konyar, \u015eerare K\u0131vrak Ya\u011fc\u0131o\u011flu, Y\u0131lmaz Celepo\u011flu, Bahattin G\u00fcneri, Mehmet Bozkurt, Mustafa Akkaya, Atila Av\u015far.<\/p>\n\n\n\n<p>Sonbahar\u0131n a\u011fa\u00e7lardan d\u00f6kt\u00fc\u011f\u00fc sar\u0131 yapraklar aras\u0131ndan duygular\u0131n\u0131 sizlerle payla\u015fan \u015fairlerimiz aras\u0131nda; Aysen Akdemir, Vedat Fidanboy, Saffet Ar\u0131kan Bed\u00fck, \u00c2\u015f\u0131k E\u015fref Tombulo\u011flu, Mahmut Hasg\u00fcl, S\u00fcnd\u00fcs Arslan Ak\u00e7a, H\u0131z\u0131r \u0130rfan \u00d6nder, Rasim Y\u0131lmaz, Bekir Ye\u011fnidemir, Mustafa Erol Kerimo\u011flu, Rahmi Usta, \u00d6mer Tonbul, \u0130brahim Sa\u011f\u0131r, Yunus Kara, H\u00fcseyin \u00d6zt\u00fcrk, Hasan Ko\u00e7ak, G\u00fclden Ta\u015f, Kenan Ayd\u0131no\u011flu ve Hakan G\u00f6ksun yer ald\u0131.<\/p>\n\n\n\n<p>\u201cGelin tan\u0131\u015f olal\u0131m,\u0130\u015fi kolay k\u0131lal\u0131m.Sevelim, sevilelimD\u00fcnya kimseye kalmaz\u201d m\u0131sralar\u0131yla g\u00f6n\u00fcllerimizi fetheden Yunus Emre ve \u201cBir olal\u0131m, iri olal\u0131m, diri olal\u0131m \u201c s\u00f6zleriyle b\u00fcy\u00fck tasavvuf ehli Hac\u0131 Bekta\u015f- Veli\u2019nin birlik ve beraberlik mesaj\u0131 veren en g\u00fczel duygular\u0131yla selam ve sayg\u0131lar\u0131m\u0131z\u0131 sunuyor;<\/p>\n\n\n\n<p>2022 y\u0131l\u0131nda yeni say\u0131m\u0131zla sizlerle birlikte olabilmek dile\u011fiyle esenlikler diliyoruz. <\/p>\n\n\n\n<p><strong>Hasan Akar<\/strong><\/p>\n\n\n\n<p><strong>Tokat \u015eairler ve Yazarlar Derne\u011fi Ba\u015fkan\u0131<\/strong><\/p>\n","protected":false},"excerpt":{"rendered":"<p>DERG\u0130M\u0130Z\u0130N 56. SAYISIYLA S\u0130ZLERLE B\u0130RL\u0130KTEY\u0130Z.ED\u0130T\u00d6RDEN 2021 y\u0131l\u0131n\u0131n son say\u0131s\u0131 ile sizlerle birlikteyiz. B\u00fct\u00fcn d\u00fcnyada oldu\u011fu gibi \u00fclkemizde de korona vir\u00fcs ad\u0131 verilen salg\u0131n hastal\u0131k sebebiyle sosyal ve k\u00fclt\u00fcrel etkinlikler azalt\u0131lmak zorunda kal\u0131nd\u0131. Bu olumsuzluklar k\u00fclt\u00fcr sanat dergilerini de maliyet, bas\u0131m ve da\u011f\u0131t\u0131m a\u00e7\u0131s\u0131ndan \u00f6nemli \u00f6l\u00e7\u00fcde etkiledi. B\u00f6yle bir tablo i\u00e7erisinde k\u00fclt\u00fcr sevdal\u0131lar\u0131 olarak \u2013bir araya [&hellip;]<\/p>\n","protected":false},"author":2,"featured_media":0,"comment_status":"open","ping_status":"open","sticky":false,"template":"","format":"standard","meta":{"footnotes":""},"categories":[33],"tags":[],"class_list":["post-40150","post","type-post","status-publish","format-standard","hentry","category-kumbet"],"_links":{"self":[{"href":"https:\/\/edebiyyat-az.com\/index.php?rest_route=\/wp\/v2\/posts\/40150","targetHints":{"allow":["GET"]}}],"collection":[{"href":"https:\/\/edebiyyat-az.com\/index.php?rest_route=\/wp\/v2\/posts"}],"about":[{"href":"https:\/\/edebiyyat-az.com\/index.php?rest_route=\/wp\/v2\/types\/post"}],"author":[{"embeddable":true,"href":"https:\/\/edebiyyat-az.com\/index.php?rest_route=\/wp\/v2\/users\/2"}],"replies":[{"embeddable":true,"href":"https:\/\/edebiyyat-az.com\/index.php?rest_route=%2Fwp%2Fv2%2Fcomments&post=40150"}],"version-history":[{"count":5,"href":"https:\/\/edebiyyat-az.com\/index.php?rest_route=\/wp\/v2\/posts\/40150\/revisions"}],"predecessor-version":[{"id":40209,"href":"https:\/\/edebiyyat-az.com\/index.php?rest_route=\/wp\/v2\/posts\/40150\/revisions\/40209"}],"wp:attachment":[{"href":"https:\/\/edebiyyat-az.com\/index.php?rest_route=%2Fwp%2Fv2%2Fmedia&parent=40150"}],"wp:term":[{"taxonomy":"category","embeddable":true,"href":"https:\/\/edebiyyat-az.com\/index.php?rest_route=%2Fwp%2Fv2%2Fcategories&post=40150"},{"taxonomy":"post_tag","embeddable":true,"href":"https:\/\/edebiyyat-az.com\/index.php?rest_route=%2Fwp%2Fv2%2Ftags&post=40150"}],"curies":[{"name":"wp","href":"https:\/\/api.w.org\/{rel}","templated":true}]}}