{"id":40245,"date":"2021-11-12T13:00:00","date_gmt":"2021-11-12T09:00:00","guid":{"rendered":"https:\/\/edebiyyat-az.com\/?p=40245"},"modified":"2021-11-12T17:11:13","modified_gmt":"2021-11-12T13:11:13","slug":"%c9%99d%c9%99biyyat-institutunda-pakistan-%c9%99d%c9%99biyyati-m%c9%99rk%c9%99zinin-acilisi-olub","status":"publish","type":"post","link":"https:\/\/edebiyyat-az.com\/?p=40245","title":{"rendered":"\u018fd\u0259biyyat \u0130nstitutunda \u201cPakistan \u0259d\u0259biyyat\u0131 m\u0259rk\u0259zi\u201dnin a\u00e7\u0131l\u0131\u015f\u0131 olub"},"content":{"rendered":"\n<figure class=\"wp-block-image size-large\"><img decoding=\"async\" src=\"https:\/\/d.radikal.ru\/d34\/2111\/cb\/e859dfffb7fb.jpg\" alt=\"\"\/><\/figure>\n\n\n\n<figure class=\"wp-block-image size-large\"><img decoding=\"async\" src=\"https:\/\/c.radikal.ru\/c05\/2111\/cb\/bbd3517c91aa.jpg\" alt=\"\"\/><\/figure>\n\n\n\n<figure class=\"wp-block-image size-large\"><img decoding=\"async\" src=\" https:\/\/c.radikal.ru\/c26\/2111\/15\/05645d9d5e3a.jpg\" alt=\"\"\/><\/figure>\n\n\n\n<figure class=\"wp-block-image size-large\"><img decoding=\"async\" src=\" https:\/\/a.radikal.ru\/a03\/2111\/09\/d874f3ad68d9.jpg\" alt=\"\"\/><\/figure>\n\n\n\n<figure class=\"wp-block-image size-large\"><img decoding=\"async\" src=\"https:\/\/b.radikal.ru\/b12\/2111\/d2\/edd7f574cab0.jpg\" alt=\"\"\/><\/figure>\n\n\n\n<p><br><\/p>\n\n\n\n<figure class=\"wp-block-image size-large\"><img decoding=\"async\" src=\"https:\/\/c.radikal.ru\/c33\/2111\/ff\/ea7fb0909cf6.jpg\" alt=\"\"\/><\/figure>\n\n\n\n<p>AMEA Nizami G\u0259nc\u0259vi ad\u0131na \u018fd\u0259biyyat \u0130nstitutunda \u201cPakistan \u0259d\u0259biyyat\u0131 m\u0259rk\u0259zi\u201d f\u0259aliyy\u0259t\u0259 ba\u015flay\u0131b. Bu m\u00fcnasib\u0259tl\u0259 Pakistan\u0131n Az\u0259rbaycandak\u0131 s\u0259firi Bilal Haye \u018fd\u0259biyyat \u0130nstitutunun qona\u011f\u0131 olub. Direktorluqda ba\u015flayan g\u00f6r\u00fc\u015fd\u0259 Az\u0259rbaycan Milli Elml\u0259r Akademiyas\u0131n\u0131n vitse-prezidenti, \u018fd\u0259biyyat \u0130nstitutunun ba\u015f direktoru, akademik \u0130sa H\u0259bibb\u0259yli s\u0259firi salamlayaraq ona \u0130nstitutun Az\u0259rbaycan-Pakistan \u0259d\u0259bi \u0259laq\u0259l\u0259rinin inki\u015faf\u0131 istiqam\u0259tind\u0259 g\u00f6rd\u00fcy\u00fc i\u015fl\u0259r v\u0259 n\u0259z\u0259rd\u0259 tutdu\u011fu f\u0259aliyy\u0259t plan\u0131 il\u0259 ba\u011fl\u0131 m\u0259lumat verib. Alademik \u0130sa H\u0259bibb\u0259yli qeyd edib ki, 44 g\u00fcnl\u00fck V\u0259t\u0259n sava\u015f\u0131nda v\u0259 ondan sonrak\u0131 d\u00f6vrd\u0259 Pakistan\u0131n Az\u0259rbaycana g\u00f6st\u0259rdiyi d\u0259st\u0259k \u0259sl qarda\u015fl\u0131\u011f\u0131n n\u00fcmun\u0259sidir. Pakistan\u0131n Az\u0259rbaycandak\u0131 s\u0259firi Bilal Haye d\u0259v\u0259t\u0259 g\u00f6r\u0259 akademik \u0130sa H\u0259bibb\u0259yliy\u0259 \u00f6z minn\u0259tdarl\u0131\u011f\u0131n\u0131 bildir\u0259r\u0259k Az\u0259rbaycanla Pakistan\u0131n \u0259d\u0259bi \u0259laq\u0259l\u0259r istiqam\u0259tind\u0259 \u0259m\u0259kda\u015fl\u0131\u011f\u0131n\u0131n qurulmas\u0131 \u00fc\u00e7\u00fcn d\u0259st\u0259k verm\u0259y\u0259 haz\u0131r olduqlar\u0131n\u0131 ifad\u0259 edib.<\/p>\n\n\n\n<p>Daha sonra akademik \u0130sa H\u0259bibb\u0259yli, s\u0259fir Bilal Haye v\u0259 \u0130nstitut \u0259m\u0259kda\u015flar\u0131 il\u0259 birg\u0259 Pakistan \u0259d\u0259biyyat\u0131 m\u0259rk\u0259zi\u201dnin a\u00e7\u0131l\u0131\u015f\u0131n\u0131 edibl\u0259r. M\u0259rk\u0259zd\u0259 Az\u0259rbaycan v\u0259 Pakistan bayraqlar\u0131, h\u0259r iki \u00f6lk\u0259nin g\u00f6rk\u0259mli d\u00f6vl\u0259t v\u0259 siyas\u0259t xadiml\u0259rinin \u015f\u0259kill\u0259ri v\u0259 kitablar\u0131n n\u00fcmayi\u015f olundu\u011fu s\u0259rgi qurulub. Akademik \u0130sa H\u0259bibb\u0259yli qarda\u015f Pakistan d\u00f6vl\u0259tinin s\u0259firinin i\u015ftirak\u0131 il\u0259 \u201cPakistan \u0259d\u0259biyyat\u0131 m\u0259rk\u0259zi\u201dnin a\u00e7\u0131lmas\u0131n\u0131 \u00f6lk\u0259l\u0259rimiz \u00fc\u00e7\u00fcn \u00f6n\u0259mli hadis\u0259 adland\u0131r\u0131b. Bu m\u0259rk\u0259zd\u0259 Pakistan \u0259d\u0259biyyat\u0131n\u0131n ara\u015fd\u0131r\u0131lmas\u0131 y\u00f6n\u00fcnd\u0259 i\u015fl\u0259r apar\u0131laca\u011f\u0131n\u0131 bildirib. Pakistan\u0131n Az\u0259rbaycandak\u0131 s\u0259firi Bilal Haye d\u0259 bel\u0259 bir m\u0259rk\u0259zin a\u00e7\u0131lmas\u0131n\u0131 dostluq v\u0259 qarda\u015fl\u0131\u011f\u0131m\u0131z\u0131n daha da m\u00f6hk\u0259ml\u0259nm\u0259sin\u0259 \u00f6z t\u00f6hf\u0259sini ver\u0259c\u0259yini vur\u011fulay\u0131b.<\/p>\n\n\n\n<p><strong>G\u00fclnar S\u0259ma<\/strong><\/p>\n\n\n\n<p><strong>Nizami G\u0259nc\u0259vi ad\u0131na \u018fd\u0259biyyat \u0130nstitutu,<\/strong><\/p>\n\n\n\n<p><strong>\u0130ctimaiyy\u0259tl\u0259 \u0259laq\u0259l\u0259r \u015f\u00f6b\u0259si<\/strong><\/p>\n","protected":false},"excerpt":{"rendered":"<p>AMEA Nizami G\u0259nc\u0259vi ad\u0131na \u018fd\u0259biyyat \u0130nstitutunda \u201cPakistan \u0259d\u0259biyyat\u0131 m\u0259rk\u0259zi\u201d f\u0259aliyy\u0259t\u0259 ba\u015flay\u0131b. Bu m\u00fcnasib\u0259tl\u0259 Pakistan\u0131n Az\u0259rbaycandak\u0131 s\u0259firi Bilal Haye \u018fd\u0259biyyat \u0130nstitutunun qona\u011f\u0131 olub. Direktorluqda ba\u015flayan g\u00f6r\u00fc\u015fd\u0259 Az\u0259rbaycan Milli Elml\u0259r Akademiyas\u0131n\u0131n vitse-prezidenti, \u018fd\u0259biyyat \u0130nstitutunun ba\u015f direktoru, akademik \u0130sa H\u0259bibb\u0259yli s\u0259firi salamlayaraq ona \u0130nstitutun Az\u0259rbaycan-Pakistan \u0259d\u0259bi \u0259laq\u0259l\u0259rinin inki\u015faf\u0131 istiqam\u0259tind\u0259 g\u00f6rd\u00fcy\u00fc i\u015fl\u0259r v\u0259 n\u0259z\u0259rd\u0259 tutdu\u011fu f\u0259aliyy\u0259t plan\u0131 il\u0259 ba\u011fl\u0131 [&hellip;]<\/p>\n","protected":false},"author":2,"featured_media":0,"comment_status":"open","ping_status":"open","sticky":false,"template":"","format":"standard","meta":{"footnotes":""},"categories":[49],"tags":[],"class_list":["post-40245","post","type-post","status-publish","format-standard","hentry","category-medeniyyat"],"_links":{"self":[{"href":"https:\/\/edebiyyat-az.com\/index.php?rest_route=\/wp\/v2\/posts\/40245","targetHints":{"allow":["GET"]}}],"collection":[{"href":"https:\/\/edebiyyat-az.com\/index.php?rest_route=\/wp\/v2\/posts"}],"about":[{"href":"https:\/\/edebiyyat-az.com\/index.php?rest_route=\/wp\/v2\/types\/post"}],"author":[{"embeddable":true,"href":"https:\/\/edebiyyat-az.com\/index.php?rest_route=\/wp\/v2\/users\/2"}],"replies":[{"embeddable":true,"href":"https:\/\/edebiyyat-az.com\/index.php?rest_route=%2Fwp%2Fv2%2Fcomments&post=40245"}],"version-history":[{"count":3,"href":"https:\/\/edebiyyat-az.com\/index.php?rest_route=\/wp\/v2\/posts\/40245\/revisions"}],"predecessor-version":[{"id":40258,"href":"https:\/\/edebiyyat-az.com\/index.php?rest_route=\/wp\/v2\/posts\/40245\/revisions\/40258"}],"wp:attachment":[{"href":"https:\/\/edebiyyat-az.com\/index.php?rest_route=%2Fwp%2Fv2%2Fmedia&parent=40245"}],"wp:term":[{"taxonomy":"category","embeddable":true,"href":"https:\/\/edebiyyat-az.com\/index.php?rest_route=%2Fwp%2Fv2%2Fcategories&post=40245"},{"taxonomy":"post_tag","embeddable":true,"href":"https:\/\/edebiyyat-az.com\/index.php?rest_route=%2Fwp%2Fv2%2Ftags&post=40245"}],"curies":[{"name":"wp","href":"https:\/\/api.w.org\/{rel}","templated":true}]}}