{"id":41351,"date":"2022-07-22T03:00:00","date_gmt":"2022-07-21T23:00:00","guid":{"rendered":"http:\/\/edebiyyat-az.com\/?p=41351"},"modified":"2022-07-22T08:40:36","modified_gmt":"2022-07-22T04:40:36","slug":"n%c9%99cib%c9%99-ilkini-dogum-gunu-munasib%c9%99til%c9%99-t%c9%99brik-edirik-22-iyul-1961-ci-il-7","status":"publish","type":"post","link":"https:\/\/edebiyyat-az.com\/?p=41351","title":{"rendered":"N\u0259cib\u0259 \u0130lkini do\u011fum g\u00fcn\u00fc m\u00fcnasib\u0259til\u0259 t\u0259brik edirik! (22 iyul 1961-ci il)"},"content":{"rendered":"\n<figure class=\"wp-block-image\"><img decoding=\"async\" src=\"http:\/\/edebiyyat-az.com\/wp-content\/uploads\/2021\/02\/necibexanim.jpg\" alt=\"\"\/><\/figure>\n\n\n\n<figure class=\"wp-block-embed is-type-video is-provider-youtube wp-block-embed-youtube wp-embed-aspect-16-9 wp-has-aspect-ratio\"><div class=\"wp-block-embed__wrapper\">\nhttps:\/\/www.youtube.com\/watch?v=bcjUZpLESes\n<\/div><\/figure>\n\n\n\n<p><strong>Az\u0259rbaycan Jurnalistl\u0259r Birliyi Sumqay\u0131t \u015f\u0259h\u0259r t\u0259\u015fkilat\u0131n\u0131n G\u00fcnd\u0259lik Analitik \u0130nformasiya Agentliyinin v\u0259 Az\u0259rbaycan\u0131n M\u0259d\u0259niyy\u0259t v\u0259 \u018fd\u0259biyyat Portal\u0131n\u0131n R\u0259hb\u0259rliyi Sizi, \u00c7a\u011fda\u015f Az\u0259rbaycan \u0259d\u0259biyyat\u0131n\u0131n g\u00f6rk\u0259mli n\u00fcmay\u0259nd\u0259sini,\u00a0<\/strong><em><strong>Az\u0259rbaycan Yaz\u0131\u00e7\u0131lar v\u0259 Jurnalistl\u0259r Birlikl\u0259rinin \u00fczv\u00fc, Az\u0259rbaycan Respublikas\u0131 Prezidenti T\u0259qa\u00fcd F\u0259ndunun t\u0259qa\u00fcd\u00e7\u00fcs\u00fc, \u201cAzad q\u0259l\u0259m\u201d \u0259d\u0259bi-b\u0259dii, ictimai-publisistik q\u0259zetinin v\u0259 \u201cAli Ziya\u201d \u0259d\u0259bi-b\u0259dii, elmi-publisistik jurnal\u0131n\u0131n t\u0259sis\u00e7isi v\u0259 ba\u015f redaktoru<\/strong><\/em><strong>nu do\u011fum g\u00fcn\u00fcn\u00fcz m\u00fcnasib\u0259til\u0259 s\u0259mimi q\u0259lbd\u0259n t\u0259brik edir, Siz\u0259 uzun \u00f6m\u00fcr, m\u00f6hk\u0259m cansa\u011fl\u0131\u011f\u0131, xo\u015fb\u0259xtlik, i\u015fl\u0259rinizd\u0259, \u0259d\u0259bi-b\u0259dii yarad\u0131c\u0131l\u0131\u011f\u0131n\u0131zda bol-bol u\u011furlar dil\u0259yir! Dodaqlar\u0131n\u0131zdan g\u00fcl\u00fc\u015f, yanaqlar\u0131n\u0131zdan t\u0259b\u0259ss\u00fcm \u0259skik olmas\u0131n! Sevib, sevdiyiniz insanlar\u0131n \u0259hat\u0259 dair\u0259sind\u0259 olun!<\/strong><\/p>\n\n\n\n<p><strong>M\u0259tbuat xidm\u0259ti<\/strong><\/p>\n","protected":false},"excerpt":{"rendered":"<p>Az\u0259rbaycan Jurnalistl\u0259r Birliyi Sumqay\u0131t \u015f\u0259h\u0259r t\u0259\u015fkilat\u0131n\u0131n G\u00fcnd\u0259lik Analitik \u0130nformasiya Agentliyinin v\u0259 Az\u0259rbaycan\u0131n M\u0259d\u0259niyy\u0259t v\u0259 \u018fd\u0259biyyat Portal\u0131n\u0131n R\u0259hb\u0259rliyi Sizi, \u00c7a\u011fda\u015f Az\u0259rbaycan \u0259d\u0259biyyat\u0131n\u0131n g\u00f6rk\u0259mli n\u00fcmay\u0259nd\u0259sini,\u00a0Az\u0259rbaycan Yaz\u0131\u00e7\u0131lar v\u0259 Jurnalistl\u0259r Birlikl\u0259rinin \u00fczv\u00fc, Az\u0259rbaycan Respublikas\u0131 Prezidenti T\u0259qa\u00fcd F\u0259ndunun t\u0259qa\u00fcd\u00e7\u00fcs\u00fc, \u201cAzad q\u0259l\u0259m\u201d \u0259d\u0259bi-b\u0259dii, ictimai-publisistik q\u0259zetinin v\u0259 \u201cAli Ziya\u201d \u0259d\u0259bi-b\u0259dii, elmi-publisistik jurnal\u0131n\u0131n t\u0259sis\u00e7isi v\u0259 ba\u015f redaktorunu do\u011fum g\u00fcn\u00fcn\u00fcz m\u00fcnasib\u0259til\u0259 s\u0259mimi q\u0259lbd\u0259n t\u0259brik [&hellip;]<\/p>\n","protected":false},"author":2,"featured_media":0,"comment_status":"open","ping_status":"open","sticky":false,"template":"","format":"standard","meta":{"footnotes":""},"categories":[40,4],"tags":[],"class_list":["post-41351","post","type-post","status-publish","format-standard","hentry","category-ajbsumqayit","category-edeb"],"_links":{"self":[{"href":"https:\/\/edebiyyat-az.com\/index.php?rest_route=\/wp\/v2\/posts\/41351","targetHints":{"allow":["GET"]}}],"collection":[{"href":"https:\/\/edebiyyat-az.com\/index.php?rest_route=\/wp\/v2\/posts"}],"about":[{"href":"https:\/\/edebiyyat-az.com\/index.php?rest_route=\/wp\/v2\/types\/post"}],"author":[{"embeddable":true,"href":"https:\/\/edebiyyat-az.com\/index.php?rest_route=\/wp\/v2\/users\/2"}],"replies":[{"embeddable":true,"href":"https:\/\/edebiyyat-az.com\/index.php?rest_route=%2Fwp%2Fv2%2Fcomments&post=41351"}],"version-history":[{"count":1,"href":"https:\/\/edebiyyat-az.com\/index.php?rest_route=\/wp\/v2\/posts\/41351\/revisions"}],"predecessor-version":[{"id":41360,"href":"https:\/\/edebiyyat-az.com\/index.php?rest_route=\/wp\/v2\/posts\/41351\/revisions\/41360"}],"wp:attachment":[{"href":"https:\/\/edebiyyat-az.com\/index.php?rest_route=%2Fwp%2Fv2%2Fmedia&parent=41351"}],"wp:term":[{"taxonomy":"category","embeddable":true,"href":"https:\/\/edebiyyat-az.com\/index.php?rest_route=%2Fwp%2Fv2%2Fcategories&post=41351"},{"taxonomy":"post_tag","embeddable":true,"href":"https:\/\/edebiyyat-az.com\/index.php?rest_route=%2Fwp%2Fv2%2Ftags&post=41351"}],"curies":[{"name":"wp","href":"https:\/\/api.w.org\/{rel}","templated":true}]}}