{"id":41479,"date":"2022-08-30T07:00:00","date_gmt":"2022-08-30T03:00:00","guid":{"rendered":"http:\/\/edebiyyat-az.com\/?p=41479"},"modified":"2022-08-30T08:31:50","modified_gmt":"2022-08-30T04:31:50","slug":"prezident-mukafatcilarimizi-2022-taniyaq-rubrikasinin-qonagi-emiliya-polad-qizi-bayramova","status":"publish","type":"post","link":"https:\/\/edebiyyat-az.com\/?p=41479","title":{"rendered":"&#8220;Prezident M\u00fckafat\u00e7\u0131lar\u0131m\u0131z\u0131 (2022) tan\u0131yaq!&#8221; rubrikas\u0131n\u0131n qona\u011f\u0131 Emiliya Polad q\u0131z\u0131 Bayramova"},"content":{"rendered":"\n<figure class=\"wp-block-image size-large\"><a href=\"http:\/\/edebiyyat-az.com\/wp-content\/uploads\/2022\/08\/PM2022-Emiliya-xanim.jpg\"><img loading=\"lazy\" decoding=\"async\" width=\"823\" height=\"1024\" src=\"http:\/\/edebiyyat-az.com\/wp-content\/uploads\/2022\/08\/PM2022-Emiliya-xanim-823x1024.jpg\" alt=\"\" class=\"wp-image-41492\" srcset=\"https:\/\/edebiyyat-az.com\/wp-content\/uploads\/2022\/08\/PM2022-Emiliya-xanim-823x1024.jpg 823w, https:\/\/edebiyyat-az.com\/wp-content\/uploads\/2022\/08\/PM2022-Emiliya-xanim-241x300.jpg 241w, https:\/\/edebiyyat-az.com\/wp-content\/uploads\/2022\/08\/PM2022-Emiliya-xanim-768x955.jpg 768w, https:\/\/edebiyyat-az.com\/wp-content\/uploads\/2022\/08\/PM2022-Emiliya-xanim.jpg 836w\" sizes=\"auto, (max-width: 823px) 100vw, 823px\" \/><\/a><\/figure>\n\n\n\n<p><\/p>\n\n\n\n<p>Emiliya Polad q\u0131z\u0131 Bayramova &#8211; 1998-ci il dekabr ay\u0131n\u0131n 13-d\u0259 Bak\u0131 \u015f\u0259h\u0259rind\u0259 anadan olub. 2016-2020-ci ill\u0259rd\u0259 Az\u0259rbaycan D\u00f6vl\u0259t \u0130qtisad Universitetinin beyn\u0259lxalq m\u00fcnasib\u0259tl\u0259r ixtisas\u0131 \u00fczr\u0259 bakalavr t\u0259hsili al\u0131b. 2016-2017-ci ill\u0259rd\u0259 \u201cASAN xidm\u0259t\u201d &#8211; d\u0259 k\u00f6n\u00fcll\u00fc olub. 2017-2020-ci ill\u0259rd\u0259 \u201cAVO MUN\u201d 2017, \u201cK\u00f6n\u00fcll\u00fcl\u0259r Parlamenti-Az\u0259rbaycan\u201d, \u201cH\u0259rbiyy\u0259\u201d 2018, \u201cT\u00dcRKSOY-un l Beyn\u0259lxalq Simulyasiyas\u0131\u201d, \u201cWoman Participation Program (WPP), \u201cH\u0259rbiyy\u0259\u201d 2019 kimi layih\u0259l\u0259rin v\u0259 Pandemiya d\u00f6vr\u00fcnd\u0259 sosial layih\u0259l\u0259rin koordinatoru olub. 2017-2018-ci ill\u0259rd\u0259 \u201cASAN K\u00f6n\u00fcll\u00fcl\u0259ri\u201d T\u0259\u015fkilat\u0131nda Beyn\u0259lxalq \u018flaq\u0259l\u0259r Departamentinin T\u0259\u015fkilatlarla i\u015f \u015f\u00f6b\u0259sinin m\u00fcdiri olub. 2018-ci ild\u0259n G\u0259ncl\u0259r Fondu t\u0259r\u0259find\u0259n elan edil\u0259n Avropada t\u0259cr\u00fcb\u0259 proqram\u0131n\u0131n qalibidir. 2018-ci ild\u0259 \u201cASAN K\u00f6n\u00fcll\u00fcl\u0259ri\u201d T\u0259\u015fkilat\u0131nda Beyn\u0259lxalq \u018flaq\u0259l\u0259r Departamentinin r\u0259hb\u0259ri olub. 2020-2021-ci ill\u0259rd\u0259 \u201cX\u0259z\u0259ri qoruyaq\u201d, \u201cF\u00f6vq\u0259lad\u0259 hallarda u\u015faq m\u00fcdafi\u0259si\u201d, \u201cBir sifari\u015f, bir sevinc\u201d, \u201cT\u0259miz Sumqay\u0131t\u201d, \u201cB\u00fct\u00fcn ya\u015flar \u00fc\u00e7\u00fcn c\u0259miyy\u0259tin qurulmas\u0131: f\u0259al ya\u015flanma yolu il\u0259 Az\u0259rbaycanda ya\u015fl\u0131lar\u0131n rifah\u0131n\u0131n t\u0259\u015fviq edilm\u0259si\u201d, \u201c\u00c7\u00f6vk\u0259n oyunu\u201d, G\u0259ncl\u0259r Simpoziumu, \u201cD\u0259mir Yumruq\u201d intellektual liqas\u0131, \u201cS\u0259n el\u0259 bir Zirv\u0259s\u0259n\u201d, lll \u201cNeft\u00e7ili Yay\u201d, ASAN K\u00f6n\u00fcll\u00fcl\u0259rinin lV Yay M\u0259kt\u0259bi, Nizami G\u0259nc\u0259vi ilin\u0259 h\u0259sr olunmu\u015f \u201cASAN Teatr Festival\u0131\u201d, \u201cYA\u015eAT\u201d d\u00fc\u015f\u0259rg\u0259si, \u201cFotoM\u0259n 3\u201d, \u201cX\u0259z\u0259ri qoruyaq\u201d, \u201cASAN K\u00f6n\u00fcll\u00fcl\u0259rinin Diplomatiya G\u00fcnl\u0259ri, \u201cAVO MUN\u201d 2021 kimi layih\u0259l\u0259rin t\u0259\u015fkilat komit\u0259sinin s\u0259dri olub. 2019-cu ild\u0259 UEFA Avropa Liqas\u0131n\u0131n final oyununda Tama\u015fa\u00e7\u0131 Xidm\u0259tl\u0259ri v\u0259 T\u0259cr\u00fcb\u0259 \u015f\u00f6b\u0259sind\u0259 Supervayzer olmu\u015fdur. 2020-ci ild\u0259 \u201cM\u0259tbuat S\u0259ng\u0259ri\u201d platformas\u0131n\u0131n t\u0259sis\u00e7isi olub. 2020-ci ild\u0259n Az\u0259rbaycan K\u00f6n\u00fcll\u00fc T\u0259\u015fkilatlar\u0131 \u0130ttifaq\u0131n\u0131n ba\u015f katibi se\u00e7ilib.<\/p>\n\n\n\n<p><strong>M\u0259nb\u0259:&nbsp;<a href=\"https:\/\/mys.gov.az\/\">https:\/\/mys.gov.az<\/a><\/strong><\/p>\n","protected":false},"excerpt":{"rendered":"<p>Emiliya Polad q\u0131z\u0131 Bayramova &#8211; 1998-ci il dekabr ay\u0131n\u0131n 13-d\u0259 Bak\u0131 \u015f\u0259h\u0259rind\u0259 anadan olub. 2016-2020-ci ill\u0259rd\u0259 Az\u0259rbaycan D\u00f6vl\u0259t \u0130qtisad Universitetinin beyn\u0259lxalq m\u00fcnasib\u0259tl\u0259r ixtisas\u0131 \u00fczr\u0259 bakalavr t\u0259hsili al\u0131b. 2016-2017-ci ill\u0259rd\u0259 \u201cASAN xidm\u0259t\u201d &#8211; d\u0259 k\u00f6n\u00fcll\u00fc olub. 2017-2020-ci ill\u0259rd\u0259 \u201cAVO MUN\u201d 2017, \u201cK\u00f6n\u00fcll\u00fcl\u0259r Parlamenti-Az\u0259rbaycan\u201d, \u201cH\u0259rbiyy\u0259\u201d 2018, \u201cT\u00dcRKSOY-un l Beyn\u0259lxalq Simulyasiyas\u0131\u201d, \u201cWoman Participation Program (WPP), \u201cH\u0259rbiyy\u0259\u201d 2019 kimi [&hellip;]<\/p>\n","protected":false},"author":2,"featured_media":0,"comment_status":"open","ping_status":"open","sticky":false,"template":"","format":"standard","meta":{"footnotes":""},"categories":[68],"tags":[],"class_list":["post-41479","post","type-post","status-publish","format-standard","hentry","category-prezidentmukafatcilari2022"],"_links":{"self":[{"href":"https:\/\/edebiyyat-az.com\/index.php?rest_route=\/wp\/v2\/posts\/41479","targetHints":{"allow":["GET"]}}],"collection":[{"href":"https:\/\/edebiyyat-az.com\/index.php?rest_route=\/wp\/v2\/posts"}],"about":[{"href":"https:\/\/edebiyyat-az.com\/index.php?rest_route=\/wp\/v2\/types\/post"}],"author":[{"embeddable":true,"href":"https:\/\/edebiyyat-az.com\/index.php?rest_route=\/wp\/v2\/users\/2"}],"replies":[{"embeddable":true,"href":"https:\/\/edebiyyat-az.com\/index.php?rest_route=%2Fwp%2Fv2%2Fcomments&post=41479"}],"version-history":[{"count":2,"href":"https:\/\/edebiyyat-az.com\/index.php?rest_route=\/wp\/v2\/posts\/41479\/revisions"}],"predecessor-version":[{"id":41494,"href":"https:\/\/edebiyyat-az.com\/index.php?rest_route=\/wp\/v2\/posts\/41479\/revisions\/41494"}],"wp:attachment":[{"href":"https:\/\/edebiyyat-az.com\/index.php?rest_route=%2Fwp%2Fv2%2Fmedia&parent=41479"}],"wp:term":[{"taxonomy":"category","embeddable":true,"href":"https:\/\/edebiyyat-az.com\/index.php?rest_route=%2Fwp%2Fv2%2Fcategories&post=41479"},{"taxonomy":"post_tag","embeddable":true,"href":"https:\/\/edebiyyat-az.com\/index.php?rest_route=%2Fwp%2Fv2%2Ftags&post=41479"}],"curies":[{"name":"wp","href":"https:\/\/api.w.org\/{rel}","templated":true}]}}