{"id":41975,"date":"2022-11-12T11:00:00","date_gmt":"2022-11-12T07:00:00","guid":{"rendered":"https:\/\/edebiyyat-az.com\/?p=41975"},"modified":"2022-11-12T13:41:50","modified_gmt":"2022-11-12T09:41:50","slug":"osman-tan-ovun-karabagim","status":"publish","type":"post","link":"https:\/\/edebiyyat-az.com\/?p=41975","title":{"rendered":"Osman TAN.&#8221;\u00d6v\u00fcn Karaba\u011f\u2019\u0131m&#8221;"},"content":{"rendered":"\n<figure class=\"wp-block-image size-full\"><a href=\"http:\/\/edebiyyat-az.com\/wp-content\/uploads\/2022\/11\/osman-tan.jpg\"><img loading=\"lazy\" decoding=\"async\" width=\"768\" height=\"1024\" src=\"http:\/\/edebiyyat-az.com\/wp-content\/uploads\/2022\/11\/osman-tan.jpg\" alt=\"\" class=\"wp-image-41977\" srcset=\"https:\/\/edebiyyat-az.com\/wp-content\/uploads\/2022\/11\/osman-tan.jpg 768w, https:\/\/edebiyyat-az.com\/wp-content\/uploads\/2022\/11\/osman-tan-225x300.jpg 225w\" sizes=\"auto, (max-width: 768px) 100vw, 768px\" \/><\/a><\/figure>\n\n\n\n<p><\/p>\n\n\n\n<p><\/p>\n\n\n\n<p>Berrak su ile kirli su ayr\u0131ld\u0131 ayr\u0131lal\u0131,<\/p>\n\n\n\n<p>Zor ge\u00e7er s\u0131rt\u0131ndan yedi\u011fin han\u00e7er yaras\u0131.<\/p>\n\n\n\n<p>Ac\u0131 g\u00fcl\u00fc\u015flerin ard\u0131na saklanan g\u00f6zya\u015flar\u0131,<\/p>\n\n\n\n<p>Zorunlu bir a\u011f\u0131rl\u0131\u011f\u0131n boruk sat\u0131rlar\u0131.<\/p>\n\n\n\n<p>Toprak k\u0131z\u0131la, g\u00f6k karanl\u0131\u011f\u0131 \u00e7al\u0131yor.<\/p>\n\n\n\n<p>Ula\u015ft\u0131\u011f\u0131n mertebe kainat\u0131 ayd\u0131nlat\u0131yor.<\/p>\n\n\n\n<p>Hangi anne a\u011flar, hangi yar yollar\u0131 arar.<\/p>\n\n\n\n<p>Ge\u00e7mez mi kalplerde kanayan yara.<\/p>\n\n\n\n<p>Vatan a\u015fk\u0131na tutu\u015fan y\u00fcrekleri,<\/p>\n\n\n\n<p>Kahraman analar\u0131n kahraman \u015fehitleri.<\/p>\n\n\n\n<p>Her yer vatan\u0131m kokuyor.<\/p>\n\n\n\n<p>Beni \u015fahadete sunar hasretin.<\/p>\n","protected":false},"excerpt":{"rendered":"<p>Berrak su ile kirli su ayr\u0131ld\u0131 ayr\u0131lal\u0131, Zor ge\u00e7er s\u0131rt\u0131ndan yedi\u011fin han\u00e7er yaras\u0131. Ac\u0131 g\u00fcl\u00fc\u015flerin ard\u0131na saklanan g\u00f6zya\u015flar\u0131, Zorunlu bir a\u011f\u0131rl\u0131\u011f\u0131n boruk sat\u0131rlar\u0131. Toprak k\u0131z\u0131la, g\u00f6k karanl\u0131\u011f\u0131 \u00e7al\u0131yor. Ula\u015ft\u0131\u011f\u0131n mertebe kainat\u0131 ayd\u0131nlat\u0131yor. Hangi anne a\u011flar, hangi yar yollar\u0131 arar. Ge\u00e7mez mi kalplerde kanayan yara. Vatan a\u015fk\u0131na tutu\u015fan y\u00fcrekleri, Kahraman analar\u0131n kahraman \u015fehitleri. Her yer vatan\u0131m [&hellip;]<\/p>\n","protected":false},"author":2,"featured_media":0,"comment_status":"open","ping_status":"open","sticky":false,"template":"","format":"standard","meta":{"footnotes":""},"categories":[7],"tags":[],"class_list":["post-41975","post","type-post","status-publish","format-standard","hentry","category-turkiy-dbiyyati"],"_links":{"self":[{"href":"https:\/\/edebiyyat-az.com\/index.php?rest_route=\/wp\/v2\/posts\/41975","targetHints":{"allow":["GET"]}}],"collection":[{"href":"https:\/\/edebiyyat-az.com\/index.php?rest_route=\/wp\/v2\/posts"}],"about":[{"href":"https:\/\/edebiyyat-az.com\/index.php?rest_route=\/wp\/v2\/types\/post"}],"author":[{"embeddable":true,"href":"https:\/\/edebiyyat-az.com\/index.php?rest_route=\/wp\/v2\/users\/2"}],"replies":[{"embeddable":true,"href":"https:\/\/edebiyyat-az.com\/index.php?rest_route=%2Fwp%2Fv2%2Fcomments&post=41975"}],"version-history":[{"count":1,"href":"https:\/\/edebiyyat-az.com\/index.php?rest_route=\/wp\/v2\/posts\/41975\/revisions"}],"predecessor-version":[{"id":41981,"href":"https:\/\/edebiyyat-az.com\/index.php?rest_route=\/wp\/v2\/posts\/41975\/revisions\/41981"}],"wp:attachment":[{"href":"https:\/\/edebiyyat-az.com\/index.php?rest_route=%2Fwp%2Fv2%2Fmedia&parent=41975"}],"wp:term":[{"taxonomy":"category","embeddable":true,"href":"https:\/\/edebiyyat-az.com\/index.php?rest_route=%2Fwp%2Fv2%2Fcategories&post=41975"},{"taxonomy":"post_tag","embeddable":true,"href":"https:\/\/edebiyyat-az.com\/index.php?rest_route=%2Fwp%2Fv2%2Ftags&post=41975"}],"curies":[{"name":"wp","href":"https:\/\/api.w.org\/{rel}","templated":true}]}}