{"id":41976,"date":"2022-11-12T12:00:00","date_gmt":"2022-11-12T08:00:00","guid":{"rendered":"https:\/\/edebiyyat-az.com\/?p=41976"},"modified":"2022-11-12T13:42:02","modified_gmt":"2022-11-12T09:42:02","slug":"osman-tan-bu-vatan-bizim","status":"publish","type":"post","link":"https:\/\/edebiyyat-az.com\/?p=41976","title":{"rendered":"Osman TAN.&#8221;Bu Vatan Bizim&#8221;"},"content":{"rendered":"\n<figure class=\"wp-block-image size-full\"><a href=\"http:\/\/edebiyyat-az.com\/wp-content\/uploads\/2022\/11\/osman-tan.jpg\"><img loading=\"lazy\" decoding=\"async\" width=\"768\" height=\"1024\" src=\"http:\/\/edebiyyat-az.com\/wp-content\/uploads\/2022\/11\/osman-tan.jpg\" alt=\"\" class=\"wp-image-41977\" srcset=\"https:\/\/edebiyyat-az.com\/wp-content\/uploads\/2022\/11\/osman-tan.jpg 768w, https:\/\/edebiyyat-az.com\/wp-content\/uploads\/2022\/11\/osman-tan-225x300.jpg 225w\" sizes=\"auto, (max-width: 768px) 100vw, 768px\" \/><\/a><\/figure>\n\n\n\n<p><\/p>\n\n\n\n<p><\/p>\n\n\n\n<p>Alt yaz\u0131l\u0131 bir g\u00fcn\u00fcn destan\u0131yd\u0131.<\/p>\n\n\n\n<p>\u00d6l\u00fcm\u00fcn sessizli\u011fine ko\u015fan g\u00f6zlerin,<\/p>\n\n\n\n<p>Bir yandan y\u00fckselir do\u011fan g\u00fcne\u015fin sesleri.<\/p>\n\n\n\n<p>Di\u011fer yandan ise kiminin dikenli telleri.<\/p>\n\n\n\n<p>Ne olur susma dedim sustun.<\/p>\n\n\n\n<p>Bana anlatmayacak m\u0131s\u0131n cenneti?<\/p>\n\n\n\n<p>Ey \u015eehito\u011flu \u015fehit \u00f6nderisin zaferin.<\/p>\n\n\n\n<p>\u015eimdi daha \u015fanl\u0131 mavi, k\u0131rm\u0131z\u0131 ve ye\u015fil bayra\u011f\u0131n.<\/p>\n\n\n\n<p>Seninle n\u00f6bette bak bu \u00fclkenin tamam\u0131.<\/p>\n\n\n\n<p>\u0130\u015fte b\u00f6yle kutlan\u0131r zafer bayram\u0131.<\/p>\n\n\n\n<p>K\u0131rk d\u00f6rt g\u00fcn s\u00fcrd\u00fc bir as\u0131rlar\u0131.<\/p>\n\n\n\n<p>Ezildi, \u00e7i\u011fnendi kalp nas\u0131rlar\u0131.<\/p>\n\n\n\n<p>\u0130man\u0131m, cesaretim bana kalkan\u0131m.<\/p>\n\n\n\n<p>Adakt\u0131r vatana can\u0131m, alkan\u0131m.<\/p>\n\n\n\n<p>Yar\u0131nlar bahar, umut Har-\u0131 b\u00fclb\u00fcl.<\/p>\n\n\n\n<p>I\u015f\u0131k \u0131\u015f\u0131k ayd\u0131nlat\u0131r \u00f6n\u00fcm\u00fc.<\/p>\n","protected":false},"excerpt":{"rendered":"<p>Alt yaz\u0131l\u0131 bir g\u00fcn\u00fcn destan\u0131yd\u0131. \u00d6l\u00fcm\u00fcn sessizli\u011fine ko\u015fan g\u00f6zlerin, Bir yandan y\u00fckselir do\u011fan g\u00fcne\u015fin sesleri. Di\u011fer yandan ise kiminin dikenli telleri. Ne olur susma dedim sustun. Bana anlatmayacak m\u0131s\u0131n cenneti? Ey \u015eehito\u011flu \u015fehit \u00f6nderisin zaferin. \u015eimdi daha \u015fanl\u0131 mavi, k\u0131rm\u0131z\u0131 ve ye\u015fil bayra\u011f\u0131n. Seninle n\u00f6bette bak bu \u00fclkenin tamam\u0131. \u0130\u015fte b\u00f6yle kutlan\u0131r zafer bayram\u0131. K\u0131rk [&hellip;]<\/p>\n","protected":false},"author":2,"featured_media":0,"comment_status":"open","ping_status":"open","sticky":false,"template":"","format":"standard","meta":{"footnotes":""},"categories":[7],"tags":[],"class_list":["post-41976","post","type-post","status-publish","format-standard","hentry","category-turkiy-dbiyyati"],"_links":{"self":[{"href":"https:\/\/edebiyyat-az.com\/index.php?rest_route=\/wp\/v2\/posts\/41976","targetHints":{"allow":["GET"]}}],"collection":[{"href":"https:\/\/edebiyyat-az.com\/index.php?rest_route=\/wp\/v2\/posts"}],"about":[{"href":"https:\/\/edebiyyat-az.com\/index.php?rest_route=\/wp\/v2\/types\/post"}],"author":[{"embeddable":true,"href":"https:\/\/edebiyyat-az.com\/index.php?rest_route=\/wp\/v2\/users\/2"}],"replies":[{"embeddable":true,"href":"https:\/\/edebiyyat-az.com\/index.php?rest_route=%2Fwp%2Fv2%2Fcomments&post=41976"}],"version-history":[{"count":1,"href":"https:\/\/edebiyyat-az.com\/index.php?rest_route=\/wp\/v2\/posts\/41976\/revisions"}],"predecessor-version":[{"id":41982,"href":"https:\/\/edebiyyat-az.com\/index.php?rest_route=\/wp\/v2\/posts\/41976\/revisions\/41982"}],"wp:attachment":[{"href":"https:\/\/edebiyyat-az.com\/index.php?rest_route=%2Fwp%2Fv2%2Fmedia&parent=41976"}],"wp:term":[{"taxonomy":"category","embeddable":true,"href":"https:\/\/edebiyyat-az.com\/index.php?rest_route=%2Fwp%2Fv2%2Fcategories&post=41976"},{"taxonomy":"post_tag","embeddable":true,"href":"https:\/\/edebiyyat-az.com\/index.php?rest_route=%2Fwp%2Fv2%2Ftags&post=41976"}],"curies":[{"name":"wp","href":"https:\/\/api.w.org\/{rel}","templated":true}]}}