{"id":42664,"date":"2022-12-13T07:00:00","date_gmt":"2022-12-13T03:00:00","guid":{"rendered":"https:\/\/edebiyyat-az.com\/?p=42664"},"modified":"2022-12-13T11:18:33","modified_gmt":"2022-12-13T07:18:33","slug":"dekabrin-12-d%c9%99-milli-kitabxanada-umummilli-lider-heyd%c9%99r-%c9%99liyevin-anim-gunu-munasib%c9%99til%c9%99-t%c9%99dbir-kecirilib","status":"publish","type":"post","link":"https:\/\/edebiyyat-az.com\/?p=42664","title":{"rendered":"Dekabr\u0131n 12-d\u0259 Milli Kitabxanada \u00dcmummilli lider Heyd\u0259r \u018fliyevin An\u0131m G\u00fcn\u00fc m\u00fcnasib\u0259til\u0259 t\u0259dbir ke\u00e7irilib"},"content":{"rendered":"\n<figure class=\"wp-block-image size-large\"><img decoding=\"async\" src=\"https:\/\/culture.gov.az\/medias\/news\/big\/10\/47135\/5.jpg\" alt=\"\"\/><\/figure>\n\n\n\n<p><strong>Dekabr\u0131n 12-d\u0259 Milli Kitabxanada \u00dcmummilli lider Heyd\u0259r \u018fliyevin An\u0131m G\u00fcn\u00fc m\u00fcnasib\u0259til\u0259 t\u0259dbir ke\u00e7irilib. T\u0259dbiri Milli Kitabxanan\u0131n direktoru, professor K\u0259rim Tahirov a\u00e7araq i\u015ftirak\u00e7\u0131lar\u0131 salamlay\u0131b. Sonra \u00dcmummilli lider Heyd\u0259r \u018fliyevin \u0259ziz xatir\u0259si bir d\u0259qiq\u0259lik s\u00fckutla yad edilib.<\/strong><strong><\/strong><\/p>\n\n\n\n<p><strong>Direktor bildirib ki, 12 dekabr tarixind\u0259 M\u00fcst\u0259qil Az\u0259rbaycan\u0131n qurucusu v\u0259 memar\u0131, g\u00f6rk\u0259mli d\u00f6vl\u0259t xadimi, xalq\u0131m\u0131z\u0131n xilaskar\u0131 Ulu \u00d6nd\u0259r Heyd\u0259r \u018fliyevin v\u0259fat\u0131ndan 19 il \u00f6t\u00fcr. Direktor vur\u011fulay\u0131b ki, Ulu \u00d6nd\u0259rin hakimiyy\u0259t\u0259 g\u0259lm\u0259si \u00f6lk\u0259mizd\u0259 \u0259min-amanl\u0131q, sabitlik yaratd\u0131, h\u0259rc-m\u0259rcliy\u0259, xaosa son qoydu v\u0259 quruculuq m\u0259rh\u0259l\u0259si ba\u015flad\u0131.<\/strong><strong><\/strong><\/p>\n\n\n\n<p><strong>Tarix\u0259 M\u00fcst\u0259qil Az\u0259rbaycan d\u00f6vl\u0259tinin qurucusu, dahi siyas\u0259t\u00e7i v\u0259 b\u00f6y\u00fck \u015f\u0259xsiyy\u0259t kimi daxil olan Ulu \u00d6nd\u0259r Heyd\u0259r \u018fliyevin \u015f\u0259r\u0259fli \u00f6m\u00fcr yolundan, V\u0259t\u0259n qar\u015f\u0131s\u0131nda xidm\u0259tl\u0259rind\u0259n v\u0259 m\u00fcst\u0259qilliyi d\u00f6vr\u00fcnd\u0259 Az\u0259rbaycana layiqinc\u0259 r\u0259hb\u0259rlik etm\u0259sind\u0259n dan\u0131\u015fan natiq, onun h\u0259m\u00e7inin Az\u0259rbaycan m\u0259d\u0259niyy\u0259tinin inki\u015faf\u0131na v\u0259 m\u0259d\u0259ni s\u0259rv\u0259tl\u0259rimizin m\u00fchafiz\u0259 olunaraq g\u0259l\u0259c\u0259k n\u0259sill\u0259r\u0259 \u00e7atd\u0131r\u0131lmas\u0131na b\u00f6y\u00fck diqq\u0259t v\u0259 qay\u011f\u0131s\u0131n\u0131 da qeyd edib. Vur\u011fulay\u0131b ki, Ulu \u00f6nd\u0259rimiz ikinci d\u0259f\u0259 Az\u0259rbaycana r\u0259hb\u0259rlik etm\u0259y\u0259 ba\u015flad\u0131\u011f\u0131 ilk ill\u0259rd\u0259 \u2013 y\u0259ni 1995-1997-ci ill\u0259rd\u0259 4 d\u0259f\u0259 Milli Kitabxanaya g\u0259l\u0259r\u0259k kitabxanan\u0131n probleml\u0259ri il\u0259 maraqlanm\u0131\u015f v\u0259 ciddi \u00e7\u0259tinlikl\u0259r d\u00f6vrl\u0259rini ya\u015fayan bu m\u0259d\u0259niyy\u0259t m\u0259b\u0259dinin fondlar\u0131n\u0131n z\u0259nginl\u0259\u015fdirilm\u0259si \u00fc\u00e7\u00fcn t\u0259dbirl\u0259r g\u00f6rm\u0259yi tap\u015f\u0131rm\u0131\u015fd\u0131r.<\/strong><strong><\/strong><\/p>\n\n\n\n<p><strong>O s\u00f6yl\u0259yib ki, \u00dcmummilli lider Heyd\u0259r \u018fliyevin m\u00fc\u0259yy\u0259n etdiyi siyasi x\u0259ttin layiqli davam\u00e7\u0131s\u0131 olan c\u0259nab prezidentimiz \u0130lham \u018fliyevin r\u0259hb\u0259rliyi, m\u00fcz\u0259ff\u0259r Az\u0259rbaycan ordusunun i\u015ftirak\u0131 il\u0259 30 il\u0259 yax\u0131n i\u015f\u011fal alt\u0131nda olan torpaqlar\u0131m\u0131z d\u00fc\u015fm\u0259n tapda\u011f\u0131ndan azad olundu v\u0259 onun y\u00fcr\u00fctd\u00fcy\u00fc u\u011furlu daxili v\u0259 xarici siyas\u0259t n\u0259tic\u0259sind\u0259 Az\u0259rbaycan bu g\u00fcn regionda lider \u00f6lk\u0259y\u0259 \u00e7evrilib.<\/strong><strong><\/strong><\/p>\n\n\n\n<p><strong>\u00d6z xalq\u0131n\u0131 zaman\u0131n m\u00fcr\u0259kk\u0259b tarixi-siyasi s\u0131naqlar\u0131ndan u\u011furla \u00e7\u0131xarm\u0131\u015f v\u0259 ard\u0131c\u0131l m\u00fcbariz\u0259 apararaq onu m\u00fcst\u0259qilliy\u0259 qovu\u015fdurmu\u015f q\u00fcdr\u0259tli \u015f\u0259xsiyy\u0259tin irsinin t\u0259bli\u011fi istiqam\u0259tind\u0259 Milli Kitabxanan\u0131n da \u00f6z \u00fcz\u0259rin\u0259 d\u00fc\u015f\u0259n v\u0259zif\u0259l\u0259ri layiqinc\u0259 yerin\u0259 yetirdiyini s\u00f6yl\u0259y\u0259n direktor son olaraq vur\u011fulay\u0131b ki, Az\u0259rbaycan xalq\u0131, M\u00fcst\u0259qil Az\u0259rbaycan D\u00f6vl\u0259ti durduqca, ya\u015fad\u0131qca Ulu \u00d6nd\u0259rin \u0259ziz xatir\u0259si daim xat\u0131rlanacaq, he\u00e7 vaxt unudulmayacaqd\u0131r.<\/strong><strong><\/strong><\/p>\n\n\n\n<p><strong>Direktor m\u00fcavini, tarix \u00fczr\u0259 f\u0259ls\u0259f\u0259 doktoru \u018fdib\u0259 \u0130smay\u0131lova \u00e7\u0131x\u0131\u015f ed\u0259r\u0259k bildirib ki, q\u0259dirbil\u0259n xalq\u0131m\u0131z 12 dekabr\u0131 tarix\u0259 \u00f6z ad\u0131n\u0131 \u0259b\u0259di h\u0259kk etmi\u015f, dahi siyasi xadim olan, h\u0259yat v\u0259 f\u0259aliyy\u0259ti h\u0259r bir Az\u0259rbaycan v\u0259t\u0259nda\u015f\u0131n\u0131n q\u00fcrur m\u0259nb\u0259yin\u0259 \u00e7evrilmi\u015f Ulu \u00f6nd\u0259r Heyd\u0259r \u018fliyevin an\u0131m g\u00fcn\u00fc kimi b\u00f6y\u00fck minn\u0259tdarl\u0131q hissi il\u0259 qeyd edir. \u00d6lk\u0259miz\u0259 r\u0259hb\u0259rlik etdiyi ill\u0259r tariximiz\u0259 intibah, milli t\u0259r\u0259qqi, milli oyan\u0131\u015f, m\u00fcst\u0259qil d\u00f6vl\u0259t quruculu\u011fu d\u00f6vr\u00fc kimi daxil olan Ulu \u00f6nd\u0259r daim \u00f6lk\u0259ni ir\u0259liy\u0259 aparmaq u\u011frunda \u00e7al\u0131\u015f\u0131b.<\/strong><strong><\/strong><\/p>\n\n\n\n<p><strong>Direktor m\u00fcavini qeyd edib ki, bildiyimiz kimi 2023-c\u00fc il may\u0131n 10-da Az\u0259rbaycan xalq\u0131n\u0131n \u00dcmummilli Lideri, g\u00f6rk\u0259mli siyasi v\u0259 d\u00f6vl\u0259t xadimi Heyd\u0259r \u018fliyevin anadan olmas\u0131n\u0131n 100 ili tamam olur v\u0259 C\u0259nab Prezident \u0130lham \u018fliyevin 2022-ci ilin 29 sentyabr tarixli s\u0259r\u0259ncam\u0131 il\u0259 2023-c\u00fc il Az\u0259rbaycanda \u201cHeyd\u0259r \u018fliyev \u0130li\u201d elan edilib v\u0259 Az\u0259rbaycan Milli Kitabxanas\u0131 da il\u0259 t\u00f6hf\u0259 olaraq \u00e7oxsayl\u0131 layih\u0259l\u0259rin h\u0259yata ke\u00e7irilm\u0259sini n\u0259z\u0259rd\u0259 tutur.<\/strong><strong><\/strong><\/p>\n\n\n\n<p><strong>Daha sonra t\u0259dbir i\u015ftirak\u00e7\u0131lar\u0131 t\u0259\u015fkil olunmu\u015f s\u0259rgiy\u0259 bax\u0131\u015f ke\u00e7iribl\u0259r. S\u0259rgid\u0259 kitabxanan\u0131n fondlar\u0131nda qorunan dahi \u015f\u0259xsiyy\u0259tin h\u0259yat\u0131n\u0131n m\u00fcxt\u0259lif d\u00f6vrl\u0259rini \u0259ks etdir\u0259n kitablar, s\u0259n\u0259dl\u0259r, fotolar n\u00fcmayi\u015f olunub.<\/strong><strong><\/strong><\/p>\n\n\n\n<p><strong>Sonda Milli Kitabxanada \u00dcmummilli Lider Heyd\u0259r \u018fliyev\u0259 h\u0259sr olunmu\u015f gu\u015f\u0259d\u0259 xalq\u0131m\u0131z\u0131n b\u00f6y\u00fck o\u011flunun xatir\u0259si bir daha yad edilib.<\/strong><strong><\/strong><\/p>\n\n\n\n<ul class=\"wp-block-list\" id=\"image-gallery\"><li><a href=\"https:\/\/culture.gov.az\/medias\/news\/big\/10\/47137\/1.jpg\"><\/a>M\u0259nb\u0259:\u00a0<a href=\"https:\/\/culture.gov.az\/\">https:\/\/culture.gov.az\/<\/a><\/li><\/ul>\n","protected":false},"excerpt":{"rendered":"<p>Dekabr\u0131n 12-d\u0259 Milli Kitabxanada \u00dcmummilli lider Heyd\u0259r \u018fliyevin An\u0131m G\u00fcn\u00fc m\u00fcnasib\u0259til\u0259 t\u0259dbir ke\u00e7irilib. T\u0259dbiri Milli Kitabxanan\u0131n direktoru, professor K\u0259rim Tahirov a\u00e7araq i\u015ftirak\u00e7\u0131lar\u0131 salamlay\u0131b. Sonra \u00dcmummilli lider Heyd\u0259r \u018fliyevin \u0259ziz xatir\u0259si bir d\u0259qiq\u0259lik s\u00fckutla yad edilib. Direktor bildirib ki, 12 dekabr tarixind\u0259 M\u00fcst\u0259qil Az\u0259rbaycan\u0131n qurucusu v\u0259 memar\u0131, g\u00f6rk\u0259mli d\u00f6vl\u0259t xadimi, xalq\u0131m\u0131z\u0131n xilaskar\u0131 Ulu \u00d6nd\u0259r Heyd\u0259r \u018fliyevin [&hellip;]<\/p>\n","protected":false},"author":2,"featured_media":0,"comment_status":"open","ping_status":"open","sticky":false,"template":"","format":"standard","meta":{"footnotes":""},"categories":[1],"tags":[],"class_list":["post-42664","post","type-post","status-publish","format-standard","hentry","category-home"],"_links":{"self":[{"href":"https:\/\/edebiyyat-az.com\/index.php?rest_route=\/wp\/v2\/posts\/42664","targetHints":{"allow":["GET"]}}],"collection":[{"href":"https:\/\/edebiyyat-az.com\/index.php?rest_route=\/wp\/v2\/posts"}],"about":[{"href":"https:\/\/edebiyyat-az.com\/index.php?rest_route=\/wp\/v2\/types\/post"}],"author":[{"embeddable":true,"href":"https:\/\/edebiyyat-az.com\/index.php?rest_route=\/wp\/v2\/users\/2"}],"replies":[{"embeddable":true,"href":"https:\/\/edebiyyat-az.com\/index.php?rest_route=%2Fwp%2Fv2%2Fcomments&post=42664"}],"version-history":[{"count":1,"href":"https:\/\/edebiyyat-az.com\/index.php?rest_route=\/wp\/v2\/posts\/42664\/revisions"}],"predecessor-version":[{"id":42673,"href":"https:\/\/edebiyyat-az.com\/index.php?rest_route=\/wp\/v2\/posts\/42664\/revisions\/42673"}],"wp:attachment":[{"href":"https:\/\/edebiyyat-az.com\/index.php?rest_route=%2Fwp%2Fv2%2Fmedia&parent=42664"}],"wp:term":[{"taxonomy":"category","embeddable":true,"href":"https:\/\/edebiyyat-az.com\/index.php?rest_route=%2Fwp%2Fv2%2Fcategories&post=42664"},{"taxonomy":"post_tag","embeddable":true,"href":"https:\/\/edebiyyat-az.com\/index.php?rest_route=%2Fwp%2Fv2%2Ftags&post=42664"}],"curies":[{"name":"wp","href":"https:\/\/api.w.org\/{rel}","templated":true}]}}