{"id":42707,"date":"2022-12-14T04:00:00","date_gmt":"2022-12-14T00:00:00","guid":{"rendered":"https:\/\/edebiyyat-az.com\/?p=42707"},"modified":"2022-12-14T08:15:08","modified_gmt":"2022-12-14T04:15:08","slug":"susada-qis-f%c9%99slind%c9%99n-fotolari-lent%c9%99-alacaq-sonuncu-fotoqraf-olk%c9%99mizd%c9%99-s%c9%99f%c9%99rd%c9%99dir","status":"publish","type":"post","link":"https:\/\/edebiyyat-az.com\/?p=42707","title":{"rendered":"\u015eu\u015fada q\u0131\u015f f\u0259slind\u0259n fotolar\u0131 lent\u0259 alacaq sonuncu fotoqraf \u00f6lk\u0259mizd\u0259 s\u0259f\u0259rd\u0259dir"},"content":{"rendered":"\n<p><\/p>\n\n\n\n<p><\/p>\n\n\n\n<h1 class=\"wp-block-heading\">\u015eu\u015fada q\u0131\u015f f\u0259slind\u0259n fotolar\u0131 lent\u0259 alacaq sonuncu fotoqraf \u00f6lk\u0259mizd\u0259 s\u0259f\u0259rd\u0259dir<\/h1>\n\n\n\n<figure class=\"wp-block-image size-large\"><img decoding=\"async\" src=\"https:\/\/culture.gov.az\/medias\/news\/big\/10\/47167\/2df48530-5c5e-491e-84a6-4c59c5deb488-1.jpeg\" alt=\"\"\/><\/figure>\n\n\n\n<p>X\u0259b\u0259r verdiyimiz kimi, \u201c\u015eu\u015fa ili\u201d \u00e7\u0259r\u00e7iv\u0259sind\u0259 M\u0259d\u0259niyy\u0259t Nazirliyinin t\u0259\u015fkilat\u00e7\u0131l\u0131\u011f\u0131 v\u0259 Heyd\u0259r \u018fliyev Fondunun d\u0259st\u0259yi il\u0259 \u201c4 seasons of Shusha\u201d adl\u0131 beyn\u0259lxalq fotoqrafiya layih\u0259si ke\u00e7irilir.<\/p>\n\n\n\n<p>Layih\u0259d\u0259 i\u015ftirak ed\u0259n d\u00fcnyaca m\u0259\u015fhur fotoqraflar \u015eu\u015fa \u015f\u0259h\u0259rin\u0259 s\u0259f\u0259rl\u0259r edir v\u0259 h\u0259r f\u0259sil \u00fczr\u0259 fotoqraflar t\u0259r\u0259find\u0259n \u015eu\u015fan\u0131n foto\u015f\u0259kill\u0259ri lent\u0259 al\u0131n\u0131r. Layih\u0259 Almaniya, T\u00fcrkiy\u0259, Finlandiya v\u0259 \u0130sve\u00e7r\u0259nin tan\u0131nm\u0131\u015f fotoqraflar\u0131n\u0131n i\u015ftirak\u0131 il\u0259 realla\u015f\u0131r. H\u00fcseyn Ta\u015fk\u0131n (T\u00fcrkiy\u0259), Reto Guntli (\u0130sve\u00e7r\u0259) v\u0259 Tiina \u0130tkonen (Finlandiya) bu beyn\u0259lxalq layih\u0259d\u0259 i\u015ftirak ed\u0259r\u0259k m\u00fcvafiq olaraq yaz, yay v\u0259 pay\u0131z f\u0259sill\u0259rind\u0259n fotolar\u0131 lent\u0259 al\u0131b.<\/p>\n\n\n\n<p>\u015eu\u015fada q\u0131\u015f f\u0259slind\u0259n fotolar\u0131 lent\u0259 alacaq n\u00f6vb\u0259ti fotoqraf Fabian Weiss (Almaniya) is\u0259 haz\u0131rda \u00f6lk\u0259mizd\u0259 s\u0259f\u0259rd\u0259dir. O, cari ilin 13-16 dekabr tarixl\u0259rind\u0259 \u015eu\u015fan\u0131 ziyar\u0259t ed\u0259c\u0259k.<\/p>\n\n\n\n<p>Az\u0259rbaycana s\u0259f\u0259ri \u00e7\u0259r\u00e7iv\u0259sind\u0259 dekabr\u0131n 12-d\u0259 xarici fotoqraf il\u0259 M\u0259d\u0259niyy\u0259t Nazirliyinin Muzey, qalereya v\u0259 s\u0259rgil\u0259r \u015f\u00f6b\u0259sinin m\u00fcdiri N\u0259rgiz Abdullayeva aras\u0131nda&nbsp;g\u00f6r\u00fc\u015f ke\u00e7irildi, \u201c4 seasons of Shusha\u201d layih\u0259sinin m\u0259qs\u0259di v\u0259 g\u00f6zl\u0259ntil\u0259r bar\u0259d\u0259 fikir m\u00fcbadil\u0259si apar\u0131ld\u0131.<\/p>\n\n\n\n<p>Qeyd ed\u0259k ki, xarici fotoqraflar\u0131n&nbsp;Qaraba\u011f\u0131n incisi olan q\u0259dim \u015eu\u015fan\u0131n tarixi, m\u0259d\u0259niyy\u0259ti, dahi \u015f\u0259xsiyy\u0259tl\u0259ri v\u0259 bu g\u00fcn \u00f6lk\u0259 r\u0259hb\u0259rliyinin tap\u015f\u0131r\u0131\u011f\u0131 il\u0259 burada apar\u0131lan quruculuq i\u015fl\u0259ri il\u0259 yax\u0131ndan tan\u0131\u015f olmalar\u0131 v\u0259 q\u0131sa bir m\u00fcdd\u0259t \u015eu\u015fada ya\u015famalar\u0131 onlarda bu ecazkar \u015f\u0259h\u0259r haqq\u0131nda tam t\u0259s\u0259vv\u00fcr yaranmas\u0131na s\u0259b\u0259b olacaq. Az\u0259rbaycana d\u0259v\u0259t olunan bu m\u00fct\u0259x\u0259ssisl\u0259rin \u00e7\u0259kdiyi foto\u015f\u0259kill\u0259r onlar\u0131n \u015eu\u015fa bar\u0259d\u0259 t\u0259\u0259ss\u00fcratlar\u0131n\u0131n t\u0259r\u0259nn\u00fcm\u00fc olacaq.<\/p>\n\n\n\n<p>Layih\u0259nin sonunda \u00e7\u0259kil\u0259n foto\u015f\u0259kill\u0259rd\u0259n ibar\u0259t kitab-kataloq n\u0259\u015fr olunacaq v\u0259 h\u0259m Az\u0259rbaycanda, h\u0259m d\u0259 fotoqraflar\u0131n \u00f6z \u00f6lk\u0259l\u0259ri v\u0259 d\u00fcnyan\u0131n dig\u0259r m\u00fcxt\u0259lif \u00f6lk\u0259l\u0259rind\u0259 s\u0259rgil\u0259r t\u0259\u015fkil edil\u0259c\u0259k.<\/p>\n\n\n\n<p><strong>M\u0259nb\u0259:\u00a0<a href=\"https:\/\/culture.gov.az\/\">https:\/\/culture.gov.az\/<\/a><\/strong><\/p>\n","protected":false},"excerpt":{"rendered":"<p>\u015eu\u015fada q\u0131\u015f f\u0259slind\u0259n fotolar\u0131 lent\u0259 alacaq sonuncu fotoqraf \u00f6lk\u0259mizd\u0259 s\u0259f\u0259rd\u0259dir X\u0259b\u0259r verdiyimiz kimi, \u201c\u015eu\u015fa ili\u201d \u00e7\u0259r\u00e7iv\u0259sind\u0259 M\u0259d\u0259niyy\u0259t Nazirliyinin t\u0259\u015fkilat\u00e7\u0131l\u0131\u011f\u0131 v\u0259 Heyd\u0259r \u018fliyev Fondunun d\u0259st\u0259yi il\u0259 \u201c4 seasons of Shusha\u201d adl\u0131 beyn\u0259lxalq fotoqrafiya layih\u0259si ke\u00e7irilir. Layih\u0259d\u0259 i\u015ftirak ed\u0259n d\u00fcnyaca m\u0259\u015fhur fotoqraflar \u015eu\u015fa \u015f\u0259h\u0259rin\u0259 s\u0259f\u0259rl\u0259r edir v\u0259 h\u0259r f\u0259sil \u00fczr\u0259 fotoqraflar t\u0259r\u0259find\u0259n \u015eu\u015fan\u0131n foto\u015f\u0259kill\u0259ri lent\u0259 al\u0131n\u0131r. Layih\u0259 [&hellip;]<\/p>\n","protected":false},"author":2,"featured_media":0,"comment_status":"open","ping_status":"open","sticky":false,"template":"","format":"standard","meta":{"footnotes":""},"categories":[49],"tags":[],"class_list":["post-42707","post","type-post","status-publish","format-standard","hentry","category-medeniyyat"],"_links":{"self":[{"href":"https:\/\/edebiyyat-az.com\/index.php?rest_route=\/wp\/v2\/posts\/42707","targetHints":{"allow":["GET"]}}],"collection":[{"href":"https:\/\/edebiyyat-az.com\/index.php?rest_route=\/wp\/v2\/posts"}],"about":[{"href":"https:\/\/edebiyyat-az.com\/index.php?rest_route=\/wp\/v2\/types\/post"}],"author":[{"embeddable":true,"href":"https:\/\/edebiyyat-az.com\/index.php?rest_route=\/wp\/v2\/users\/2"}],"replies":[{"embeddable":true,"href":"https:\/\/edebiyyat-az.com\/index.php?rest_route=%2Fwp%2Fv2%2Fcomments&post=42707"}],"version-history":[{"count":1,"href":"https:\/\/edebiyyat-az.com\/index.php?rest_route=\/wp\/v2\/posts\/42707\/revisions"}],"predecessor-version":[{"id":42715,"href":"https:\/\/edebiyyat-az.com\/index.php?rest_route=\/wp\/v2\/posts\/42707\/revisions\/42715"}],"wp:attachment":[{"href":"https:\/\/edebiyyat-az.com\/index.php?rest_route=%2Fwp%2Fv2%2Fmedia&parent=42707"}],"wp:term":[{"taxonomy":"category","embeddable":true,"href":"https:\/\/edebiyyat-az.com\/index.php?rest_route=%2Fwp%2Fv2%2Fcategories&post=42707"},{"taxonomy":"post_tag","embeddable":true,"href":"https:\/\/edebiyyat-az.com\/index.php?rest_route=%2Fwp%2Fv2%2Ftags&post=42707"}],"curies":[{"name":"wp","href":"https:\/\/api.w.org\/{rel}","templated":true}]}}