{"id":42756,"date":"2022-12-14T18:00:00","date_gmt":"2022-12-14T14:00:00","guid":{"rendered":"http:\/\/edebiyyat-az.com\/?p=42756"},"modified":"2022-12-15T10:07:11","modified_gmt":"2022-12-15T06:07:11","slug":"m%c9%99cbur-el%c9%99dil%c9%99r-ki-s%c9%99m%c9%99d-vurgundan-danos-yazim-mirz%c9%99-ibrahimovun-musahib%c9%99si","status":"publish","type":"post","link":"https:\/\/edebiyyat-az.com\/?p=42756","title":{"rendered":"&#8220;M\u0259cbur el\u0259dil\u0259r ki, S\u0259m\u0259d Vur\u011fundan danos yaz\u0131m&#8221;\u00a0\u2013 Mirz\u0259 \u0130brahimovun m\u00fcsahib\u0259si"},"content":{"rendered":"\n<figure class=\"wp-block-image size-large\"><a href=\"http:\/\/edebiyyat-az.com\/wp-content\/uploads\/2022\/12\/xaq-yazicisi-mirza-ibrahimov.png\"><img loading=\"lazy\" decoding=\"async\" width=\"1024\" height=\"683\" src=\"http:\/\/edebiyyat-az.com\/wp-content\/uploads\/2022\/12\/xaq-yazicisi-mirza-ibrahimov-1024x683.png\" alt=\"\" class=\"wp-image-42759\" srcset=\"https:\/\/edebiyyat-az.com\/wp-content\/uploads\/2022\/12\/xaq-yazicisi-mirza-ibrahimov-1024x683.png 1024w, https:\/\/edebiyyat-az.com\/wp-content\/uploads\/2022\/12\/xaq-yazicisi-mirza-ibrahimov-300x200.png 300w, https:\/\/edebiyyat-az.com\/wp-content\/uploads\/2022\/12\/xaq-yazicisi-mirza-ibrahimov-768x512.png 768w, https:\/\/edebiyyat-az.com\/wp-content\/uploads\/2022\/12\/xaq-yazicisi-mirza-ibrahimov.png 1200w\" sizes=\"auto, (max-width: 1024px) 100vw, 1024px\" \/><\/a><\/figure>\n\n\n\n<p><strong>\u201cAz\u0259rbaycan\u201d jurnal\u0131n\u0131n 1991-ci il, 12-ci n\u00f6mr\u0259sind\u0259 \u00e7ap edilmi\u015f bu m\u00fcsahib\u0259 yaz\u0131\u00e7\u0131 Mirz\u0259 \u0130brahimovun 80 illik yubileyin\u0259 h\u0259sr olunub. M\u00fcsahib\u0259ni Vaqif Yusifli g\u00f6t\u00fcr\u00fcb.<\/strong><\/p>\n\n\n\n<p><strong>Kulis.Az h\u0259min m\u00fcsahib\u0259ni, b\u0259zi m\u0259qamlar\u0131n\u0131n bu g\u00fcn \u00fc\u00e7\u00fcn d\u0259 maraql\u0131 oldu\u011funu n\u0259z\u0259r\u0259 alaraq, ixtisarla t\u0259qdim edir.<\/strong><\/p>\n\n\n\n<p><strong>&#8211; Mirz\u0259 m\u00fc\u0259llim, indi ver\u0259c\u0259yim sual y\u0259qin ki, sizi t\u0259\u0259cc\u00fcbl\u0259ndirm\u0259y\u0259c\u0259k. S\u00f6hb\u0259t 37-ci ild\u0259n gedir&#8230; Siz 1935-1937-ci ill\u0259rd\u0259 Leninqraddak\u0131 \u015e\u0259rq\u015f\u00fcnasl\u0131q \u0130nstitutunun aspiranturas\u0131nda t\u0259hsil alm\u0131s\u0131n\u0131z. Sonra Bak\u0131ya qay\u0131d\u0131b Opera teatr\u0131n\u0131n direktoru, Xalq Komissarlar\u0131 Soveti yan\u0131nda inc\u0259s\u0259n\u0259t i\u015fl\u0259ri idar\u0259sinin r\u0259isi v\u0259zif\u0259sind\u0259 \u00e7al\u0131\u015fm\u0131\u015fs\u0131n\u0131z. Bu, o ill\u0259r idi ki, repressiya ma\u015f\u0131n\u0131 Az\u0259rbaycanda b\u00f6y\u00fck s\u00fcr\u0259t g\u00f6t\u00fcrm\u00fc\u015fd\u00fc v\u0259 t\u0259bii ki, b\u00fct\u00fcn bu hadis\u0259l\u0259r sizin g\u00f6zl\u0259rinizin qar\u015f\u0131s\u0131nda ba\u015f verirdi. H\u0259r bir d\u00fc\u015f\u00fcn\u0259n ziyal\u0131n\u0131n ba\u015f\u0131 \u00fcst\u00fcnd\u0259 Damokl q\u0131l\u0131nc\u0131 as\u0131lm\u0131\u015fd\u0131. O ill\u0259ri nec\u0259 xat\u0131rlay\u0131rs\u0131n\u0131z?<\/strong><ins><ins><a href=\"https:\/\/smartbee.az\/az\/faq_Advetisers\" target=\"_blank\" rel=\"noreferrer noopener\"><\/a><a href=\"https:\/\/smartbee.az\/az\/faq_Publishers\" target=\"_blank\" rel=\"noreferrer noopener\"><\/a><a href=\"https:\/\/code.ainsyndication.com\/v2\/click.php?k=eNp1Ul1vmzAU_SvIT600wBgw4Dxla7VKXfeQdKu0l8jgm8QL2JENaZpp_32GOF1VbUKIyz3369x7OCOU_bKsYMi2ul9JgWaS5VWRzSzLGeLCuxKcprRwTsKQ3CNnJBlDSVlGJE8jQoqI0tFbMnSQ8MzrFtCsZti5KENCd1xcKo_vhlbaiJ_GX1djzzcw1UswQ9u-31sWx5eY-Ag1mLjnRh7jDpp6MCG0IGQLJtzJ0EIHXCI8DGYzKMFV6F5twxd-kl3YSXOCUNaGb2WnD4MKu8E6uwYrw6QkeTK2dcz3YBpQ_TQEQ3j6ulkaPajevEwLmHjPf0wQ-Qs1WsB_QcU7uNSan8DUXFz-5OpMlSEDG6nVa5BbxEe-k6NZuRKyf3kHDR4SsgNlXaqH1NC2l86vmD-a3_5am4737-KdueV2O5qpS00zUdAaaNFASdfVmuIsIWsKKaSVEDX23Ve246avYRrM8Xpz8rs31aqmakqKCa7LVAiRVaRMSFWJShSiFEWFzurS1g9KiFwnBwfZwEVy1K9qebv4frtYzW9uFhNTl5mkeZSUSURw4cSX--kGC2bVcrXx9UGF35b-yAbWq8GcV1X8Q2iXS001nCS9Hsb-D_ok25bHeYSDq1wnqYR-tsHXxyDBEZ4FzkGzWXCk2XUw3-9beIL6XvZxnhZRSoOr-7vHhy8fglbuIPgMzU5fB5-2RncQXCe4jPD4BEu-dgr3Keh8NWlXte4vZxzZHPxQ5aixznXq3Rl-_wGwJSRv\" target=\"_blank\" rel=\"noreferrer noopener\">\u018ftrafl\u0131<\/a><\/ins><\/ins><\/p>\n\n\n\n<ul class=\"wp-block-list\"><li><a href=\"https:\/\/kulis.az\/xeber\/media\/ayaqlari-tutuldu-haqqinda-sayieler-yayildi-senetden-getmek-istedi-xalq-artisti-hansi-tamasasina-hec-vaxt-baxa-bilmedi-44906\">Ayaqlar\u0131 tutuldu, haqq\u0131nda \u015fayi\u0259l\u0259r yay\u0131ld\u0131, s\u0259n\u0259td\u0259n getm\u0259k ist\u0259di&nbsp;\u2013 Xalq artisti hans\u0131 tama\u015fas\u0131na he\u00e7 vaxt baxa bilm\u0259di?<\/a><\/li><li><a href=\"https:\/\/kulis.az\/xeber\/yazarlar\/qazpulunu-odeye-bilmeyen-elisa-nicat-44721\">Qazpulunu \u00f6d\u0259y\u0259 bilm\u0259y\u0259n \u018flisa Nicat<\/a><\/li><li><a href=\"https:\/\/kulis.az\/xeber\/media\/meshur-aktrisa-vefat-etdi-44514\">M\u0259\u015fhur aktrisa&nbsp;v\u0259fat etdi<\/a><\/li><\/ul>\n\n\n\n<p>&#8211; O\u011flum, o ill\u0259r \u00e7ox m\u00fcr\u0259kk\u0259b, qorxulu ill\u0259r idi. El\u0259 bir d\u00f6vr idi ki, hadis\u0259l\u0259rin bu c\u00fcr s\u00fcr\u0259tl\u0259 d\u0259yi\u015fm\u0259sin\u0259, d\u00fcn\u0259n m\u0259tin inqilab\u00e7\u0131n\u0131n, yaxud xalq\u0131n sevimlisi olan bir s\u0259n\u0259tkar\u0131n bu g\u00fcn \u201cxalq d\u00fc\u015fm\u0259ni\u201d kimi if\u015fa edilm\u0259sin\u0259 inana bilmirdik. \u015e\u00fcbh\u0259 \u00fcr\u0259yimizi didib-t\u00f6k\u00fcrd\u00fc. H\u0259r g\u00fcn \u018fnv\u0259r M\u0259mm\u0259dxanl\u0131 il\u0259 bu bar\u0259d\u0259 s\u00f6hb\u0259t edirdik, tez-tez bir-birimizd\u0259n soru\u015fduq: niy\u0259 adamlar\u0131 tuturlar, niy\u0259 bel\u0259 amans\u0131zl\u0131q edirl\u0259r?<\/p>\n\n\n\n<p>\u018fslind\u0259 b\u00fct\u00fcn tutumlar, s\u00fcrg\u00fcnl\u0259r qabaqcadan, ssenari \u00fczr\u0259 haz\u0131rlanm\u0131\u015fd\u0131, icra\u00e7\u0131lar da m\u0259lum idi. Lakin bu i\u015fin sur\u0259tli gedi\u015fi, s\u0259rt mexanizmi \u00fc\u00e7\u00fcn m\u00fcnbit z\u0259min yaranm\u0131\u015fd\u0131. Ham\u0131 bir-birini sat\u0131rd\u0131, pax\u0131ll\u0131q, darg\u00f6zl\u00fck o d\u0259r\u0259c\u0259y\u0259 \u00e7atm\u0131\u015fd\u0131 ki, s\u0259n dem\u0259, \u00e7oxu f\u00fcrs\u0259t axtar\u0131rm\u0131\u015f \u2013 dostunu, qarda\u015f\u0131n\u0131 \u0259l\u0259 verm\u0259y\u0259.<\/p>\n\n\n\n<p><strong>&#8211; Mirz\u0259 m\u00fc\u0259llim, vaxtil\u0259 \u201cAz\u0259rbaycan\u201d jurnal\u0131nda Fatma Q\u0259drinin xatir\u0259l\u0259ri \u00e7ap olundu. O yaz\u0131n\u0131n bir yerind\u0259 (h\u0259min hiss\u0259ni o d\u00f6vrd\u0259 \u00e7ap ed\u0259 bilm\u0259dik) Fatma Q\u0259dri yaz\u0131rd\u0131 ki, 37-ci ild\u0259 m\u0259ni i\u015fd\u0259n \u00e7\u0131xard\u0131lar, he\u00e7 kim qorxusundan salam\u0131m\u0131 alm\u0131rd\u0131, hans\u0131 tan\u0131\u015f\u0131ma, dostuma rast g\u0259lirdims\u0259, \u00fcz\u00fcn\u00fc yana \u00e7evirirdi. Ancaq bir g\u00fcn k\u00fc\u00e7\u0259d\u0259 Mirz\u0259 \u0130brahimovla rastla\u015fd\u0131m. O, m\u0259ni yan\u0131na \u00e7a\u011f\u0131rd\u0131, hal\u0131m\u0131 soru\u015fdu, v\u0259ziyy\u0259ti \u00f6yr\u0259n\u0259nd\u0259n sonra k\u00f6m\u0259k \u0259lini uzatd\u0131, bel\u0259likl\u0259 Dram teatr\u0131na qay\u0131td\u0131m&#8230; Bu do\u011frudurmu?<\/strong><\/p>\n\n\n\n<p>&#8211; Yad\u0131mdad\u0131r. H\u0259tta Fatma xan\u0131ma harada rast g\u0259ldiyimi d\u0259 xat\u0131rlay\u0131ram. Kommunist k\u00fc\u00e7\u0259sinin tinind\u0259ydi. O vaxt \u0130nc\u0259s\u0259n\u0259t i\u015fl\u0259ri idar\u0259si bura yax\u0131n idi, Ali Sovetl\u0259 Akademiya aras\u0131nda bir dalanda yerl\u0259\u015firdi. T\u0259kc\u0259 Fatma Q\u0259driy\u0259 yox, ba\u015fqalar\u0131na da k\u00f6m\u0259k el\u0259mi\u015f\u0259m. Bir d\u0259f\u0259 Mirza\u011fa \u018fliyev yan\u0131ma g\u0259ldi. G\u00f6rd\u00fcm ki, \u00e7ox p\u0259ri\u015fand\u0131r. Dedi ki, ay Mirz\u0259, m\u0259ni i\u015fd\u0259n \u00e7\u0131xard\u0131blar, hans\u0131 bir s\u0259yyar teatra is\u0259 g\u00f6nd\u0259rm\u0259k ist\u0259yirl\u0259r. \u00d6z\u00fc d\u0259 \u201cxalq d\u00fc\u015fm\u0259ni\u201d ad\u0131 il\u0259. H\u0259l\u0259 bir qarn\u0131ma da i\u015far\u0259 edib deyirl\u0259r ki, bu, Nikolay piyidir, \u0259rid\u0259c\u0259yik onu.<\/p>\n\n\n\n<p>Mirza\u011fa \u018fliyev bar\u0259d\u0259 laz\u0131mi idar\u0259l\u0259rl\u0259 dan\u0131\u015fd\u0131m, onun b\u00f6y\u00fck aktyor oldu\u011funu, Az\u0259rbaycan s\u0259hn\u0259sinin bir d\u0259 ona b\u0259nz\u0259r komik yetirm\u0259y\u0259c\u0259yini s\u00f6yl\u0259dim v\u0259 dey\u0259s\u0259n, inand\u0131lar m\u0259n\u0259. M\u00f6hs\u00fcn S\u0259naninin ba\u015f\u0131na da bel\u0259 bir oyun a\u00e7m\u0131\u015fd\u0131lar. Bir g\u00fcn G\u0259nc\u0259d\u0259, \u201cS\u0259rdar\u201d ba\u011f\u0131nda g\u0259z\u0259nd\u0259 \u0130ran konsulu girib qoluna. D\u0259rhal DTK-ya x\u0259b\u0259r \u00e7at\u0131b. G\u0259ldi yan\u0131ma. K\u00f6m\u0259k \u0259lini uzatd\u0131m. \u0130ndi \u00f6z\u00fcn fikirl\u0259\u015f, adamlar\u0131n \u00e7oxu nec\u0259 tutulub&#8230;<\/p>\n\n\n\n<p>S\u0259m\u0259d Vur\u011fun bar\u0259d\u0259 o zaman \u00e7ox s\u00f6z-s\u00f6hb\u0259t gedirdi. Ba\u011f\u0131rov \u00f6z kabinetind\u0259 bir d\u0259f\u0259 ona \u0259l uzatmad\u0131, dedi ki, get, s\u0259nin \u0259ll\u0259rin qanl\u0131dr\u0131. V\u0259 o da yad\u0131mdad\u0131r ki, Ba\u011f\u0131rov sonra m\u0259ni \u00e7a\u011f\u0131r\u0131b S\u0259m\u0259d haqq\u0131nda soru\u015fdu: \u201cS\u0259m\u0259d Vur\u011fun haqq\u0131nda padvalda yatanlar danos veribl\u0259r\u201d. \u201c\u0130nanmay\u0131n! S\u0259m\u0259d el\u0259 bir istedadd\u0131r ki, Az\u0259rbaycan xalq\u0131 bir d\u0259 bu n\u0259h\u0259nglikd\u0259 s\u0259n\u0259tkar yetirm\u0259z\u201d \u2013 dedim.<\/p>\n\n\n\n<p>S\u0259m\u0259di \u00e7ox dara \u00e7\u0259kibl\u0259r, h\u0259tta deyibl\u0259r ki, s\u0259n rus xalq\u0131n\u0131n d\u00fc\u015fm\u0259nis\u0259n. S\u0259m\u0259d \u00f6z\u00fcn\u00fc itirm\u0259yib: \u201cM\u0259n rus \u0259d\u0259biyyat\u0131n\u0131n incisi \u2013 \u201cYevgeni Onegin\u201di \u00f6z xalq\u0131m\u0131n dilin\u0259 \u00e7evirmi\u015f\u0259m\u201d cavab\u0131n\u0131 verib. M\u0259ni d\u0259 \u00e7ox m\u0259cbur el\u0259dil\u0259r, onun haqq\u0131nda n\u0259s\u0259 danos yaz\u0131m, vicdan\u0131m\u0131 itirm\u0259dim, dedim, yazaram, ancaq h\u0259qiq\u0259ti!<\/p>\n\n\n\n<p><strong>&#8211; B\u0259s, Mirz\u0259 m\u00fc\u0259llim, bu q\u0259d\u0259r ki, ziyal\u0131lar\u0131m\u0131z q\u0131r\u0131ld\u0131, bada getdi, he\u00e7 bir yerd\u0259, he\u00e7 zaman etiraz etm\u0259diniz?<\/strong><\/p>\n\n\n\n<p>&#8211; Etiraz\u0131m\u0131z yaratd\u0131\u011f\u0131m\u0131z obrazlarda g\u00f6r\u00fcn\u00fcrd\u00fc. \u201cVaqif\u201d pyesind\u0259 Qacar\u0131n monoloqunu xat\u0131rlay\u0131rsanm\u0131: \u201cM\u0259nim vicdan\u0131m da, q\u0259lbim d\u0259 qand\u0131r, d\u00fcnya qan \u00fcst\u00fcnd\u0259 bir xanimand\u0131r!\u201d M\u0259nim \u201cG\u0259l\u0259c\u0259k g\u00fcn\u201d roman\u0131nda yaratd\u0131\u011f\u0131m Rza \u015fag obraz\u0131 el\u0259 bu etiraz\u0131n ifad\u0259si deyilmi?<\/p>\n\n\n\n<p><strong>&#8211; Mirz\u0259 m\u00fc\u0259llim, m\u0259nim 37-ci ild\u0259 ba\u011fl\u0131 sual\u0131 verm\u0259kd\u0259 m\u0259qs\u0259dim var. \u0130ndi arxivl\u0259ri qald\u0131r\u0131r, bir-bir s\u0259n\u0259dl\u0259r\u0259 bax\u0131r v\u0259 xalq\u0131n g\u00f6z\u00fcnd\u0259 m\u0259l\u0259k g\u00f6r\u00fcn\u0259nl\u0259rin bir \u00e7oxunun pax\u0131rlar\u0131 a\u00e7\u0131l\u0131r. Bu bax\u0131mdan \u00f6z\u00fcn\u00fcz\u00fc rahat hiss edirsinizmi?<\/strong><\/p>\n\n\n\n<p>&#8211; \u0130nsan d\u00fcnyaya bir d\u0259f\u0259 g\u0259lir. M\u0259n \u00f6z\u00fcm\u00fc bu bar\u0259d\u0259 tam arxay\u0131n hiss edir\u0259m. He\u00e7 bir s\u0259n\u0259dd\u0259 m\u0259nim imzama rast g\u0259lm\u0259zsiniz. Buna g\u00f6r\u0259 xalq\u0131n g\u00f6z\u00fcn\u0259 dik bax\u0131ram.<\/p>\n\n\n\n<p><strong>&#8211; Bir sual da ver\u0259c\u0259y\u0259m: Qanl\u0131 yanvar hadis\u0259l\u0259ri zaman\u0131 Az\u0259rbaycan yaz\u0131\u00e7\u0131lar\u0131ndan bir \u00e7oxu partiya biletind\u0259n imtina etdil\u0259r. H\u0259tta yad\u0131ma g\u0259lir ki, siz\u0259 d\u0259 z\u0259ng edib partiya biletini at\u0131b-atmayaca\u011f\u0131n\u0131z\u0131 soru\u015fdular.<\/strong><\/p>\n\n\n\n<p>&#8211; Do\u011frudur. Amma m\u0259n \u201cyox\u201d cavab\u0131 verdim. Bilirs\u0259nmi, he\u00e7 bir partiya havadan yaranm\u0131r, m\u00fc\u0259yy\u0259n ictimai z\u0259rur\u0259td\u0259n meydana g\u0259lir. O c\u00fcml\u0259d\u0259n, Kommunist partiyas\u0131. Onun proqram\u0131 var, nizamnam\u0259si var. Lakin partiya s\u0131ralar\u0131nda \u00e7oxlu karyeristl\u0259r, vicdans\u0131zlar, r\u00fc\u015fv\u0259txorlar, xalq\u0131n qan\u0131n\u0131 i\u00e7\u0259nl\u0259r var. Yad\u0131nda saxla, partiya r\u0259hb\u0259rliyind\u0259 \u00e7ox zaman namuslu adamlar h\u0259ll\u0259dedici rol oynamay\u0131blar. \u018fks\u0259r v\u0259zif\u0259li adamlar bir m\u0259qs\u0259dl\u0259 o v\u0259zif\u0259y\u0259 g\u0259libl\u0259r: r\u00fc\u015fv\u0259t als\u0131nlar, kapital toplas\u0131nlar. M\u0259nim Seyid H\u00fcseyn haqq\u0131nda yazd\u0131\u011f\u0131m bir m\u0259qal\u0259ni oxu. Orda da m\u0259n S.H\u00fcseynin \u201cDaxiliyy\u0259 naziri\u201d hekay\u0259si il\u0259 \u00c7exovun \u201cXameleon\u201d hekay\u0259si aras\u0131nda bir yax\u0131nl\u0131q oldu\u011funu g\u00f6st\u0259rir\u0259m. M\u00fc\u0259llim nazir\u0259 deyir ki, y\u00fcz ya\u015f\u0131nda pristav da, qubernator da r\u00fc\u015fv\u0259t al\u0131r. Nazir is\u0259 cavab verir ki, burada qeyri-adi bir \u015fey yoxdur, xariq\u00fclad\u0259 olard\u0131 ki, dey\u0259ydin qubernator r\u00fc\u015fv\u0259t alm\u0131r. B\u00fct\u00fcn milli b\u0259lalar\u0131m\u0131z k\u00f6k\u00fc r\u00fc\u015fv\u0259tl\u0259 ba\u011fl\u0131d\u0131r.<\/p>\n\n\n\n<p><strong>M\u0259nb\u0259: <a href=\"https:\/\/kulis.az\/\">https:\/\/kulis.az\/<\/a><\/strong><\/p>\n\n\n\n<p><\/p>\n","protected":false},"excerpt":{"rendered":"<p>\u201cAz\u0259rbaycan\u201d jurnal\u0131n\u0131n 1991-ci il, 12-ci n\u00f6mr\u0259sind\u0259 \u00e7ap edilmi\u015f bu m\u00fcsahib\u0259 yaz\u0131\u00e7\u0131 Mirz\u0259 \u0130brahimovun 80 illik yubileyin\u0259 h\u0259sr olunub. M\u00fcsahib\u0259ni Vaqif Yusifli g\u00f6t\u00fcr\u00fcb. Kulis.Az h\u0259min m\u00fcsahib\u0259ni, b\u0259zi m\u0259qamlar\u0131n\u0131n bu g\u00fcn \u00fc\u00e7\u00fcn d\u0259 maraql\u0131 oldu\u011funu n\u0259z\u0259r\u0259 alaraq, ixtisarla t\u0259qdim edir. &#8211; Mirz\u0259 m\u00fc\u0259llim, indi ver\u0259c\u0259yim sual y\u0259qin ki, sizi t\u0259\u0259cc\u00fcbl\u0259ndirm\u0259y\u0259c\u0259k. S\u00f6hb\u0259t 37-ci ild\u0259n gedir&#8230; Siz 1935-1937-ci ill\u0259rd\u0259 [&hellip;]<\/p>\n","protected":false},"author":2,"featured_media":0,"comment_status":"open","ping_status":"open","sticky":false,"template":"","format":"standard","meta":{"footnotes":""},"categories":[37],"tags":[],"class_list":["post-42756","post","type-post","status-publish","format-standard","hentry","category-musahib"],"_links":{"self":[{"href":"https:\/\/edebiyyat-az.com\/index.php?rest_route=\/wp\/v2\/posts\/42756","targetHints":{"allow":["GET"]}}],"collection":[{"href":"https:\/\/edebiyyat-az.com\/index.php?rest_route=\/wp\/v2\/posts"}],"about":[{"href":"https:\/\/edebiyyat-az.com\/index.php?rest_route=\/wp\/v2\/types\/post"}],"author":[{"embeddable":true,"href":"https:\/\/edebiyyat-az.com\/index.php?rest_route=\/wp\/v2\/users\/2"}],"replies":[{"embeddable":true,"href":"https:\/\/edebiyyat-az.com\/index.php?rest_route=%2Fwp%2Fv2%2Fcomments&post=42756"}],"version-history":[{"count":1,"href":"https:\/\/edebiyyat-az.com\/index.php?rest_route=\/wp\/v2\/posts\/42756\/revisions"}],"predecessor-version":[{"id":42762,"href":"https:\/\/edebiyyat-az.com\/index.php?rest_route=\/wp\/v2\/posts\/42756\/revisions\/42762"}],"wp:attachment":[{"href":"https:\/\/edebiyyat-az.com\/index.php?rest_route=%2Fwp%2Fv2%2Fmedia&parent=42756"}],"wp:term":[{"taxonomy":"category","embeddable":true,"href":"https:\/\/edebiyyat-az.com\/index.php?rest_route=%2Fwp%2Fv2%2Fcategories&post=42756"},{"taxonomy":"post_tag","embeddable":true,"href":"https:\/\/edebiyyat-az.com\/index.php?rest_route=%2Fwp%2Fv2%2Ftags&post=42756"}],"curies":[{"name":"wp","href":"https:\/\/api.w.org\/{rel}","templated":true}]}}