{"id":42765,"date":"2022-12-15T01:00:00","date_gmt":"2022-12-14T21:00:00","guid":{"rendered":"https:\/\/edebiyyat-az.com\/?p=42765"},"modified":"2022-12-15T10:18:51","modified_gmt":"2022-12-15T06:18:51","slug":"az%c9%99rbaycan-respublikasi-m%c9%99d%c9%99niyy%c9%99t-nazirliyi-il%c9%99-dovl%c9%99t-imtahan-m%c9%99rk%c9%99zi-arasinda-anlasma-memorandumu-imzalanib","status":"publish","type":"post","link":"https:\/\/edebiyyat-az.com\/?p=42765","title":{"rendered":"Az\u0259rbaycan Respublikas\u0131 M\u0259d\u0259niyy\u0259t Nazirliyi il\u0259 D\u00f6vl\u0259t \u0130mtahan M\u0259rk\u0259zi aras\u0131nda Anla\u015fma Memorandumu imzalan\u0131b"},"content":{"rendered":"\n<p><\/p>\n\n\n\n<figure class=\"wp-block-image size-large\"><img decoding=\"async\" src=\"https:\/\/culture.gov.az\/medias\/news\/big\/10\/47176\/img-5807.jpg\" alt=\"\"\/><\/figure>\n\n\n\n<p>13 dekabr 2022-ci il tarixind\u0259 Az\u0259rbaycan Respublikas\u0131 M\u0259d\u0259niyy\u0259t Nazirliyi&nbsp;v\u0259 D\u00f6vl\u0259t \u0130mtahan M\u0259rk\u0259zinin r\u0259hb\u0259r \u015f\u0259xsl\u0259ri aras\u0131nda g\u00f6r\u00fc\u015f ke\u00e7irilib.<\/p>\n\n\n\n<p>G\u00f6r\u00fc\u015fd\u0259&nbsp;m\u0259d\u0259niyy\u0259t naziri Anar K\u0259rimov, D\u0130M-in Direktorlar \u015euras\u0131n\u0131n s\u0259dri M\u0259leyk\u0259 Abbaszad\u0259, m\u0259d\u0259niyy\u0259t nazirinin m\u00fcavini Sevda M\u0259mm\u0259d\u0259liyeva, D\u0130M-in Direktorlar \u015euras\u0131n\u0131n s\u0259dr m\u00fcavini B\u0259hram X\u0259lilov, el\u0259c\u0259 d\u0259 nazirliyin v\u0259 D\u0130M-in m\u00fcvafiq struktur b\u00f6lm\u0259l\u0259rinin r\u0259hb\u0259r \u015f\u0259xsl\u0259ri i\u015ftirak edibl\u0259r.<\/p>\n\n\n\n<p>Anla\u015fma Memorandumunun imzalanmas\u0131n\u0131n \u0259sas m\u0259qs\u0259di s\u00f6z\u00fcged\u0259n m\u0259kt\u0259b v\u0259 m\u0259rk\u0259zl\u0259r\u0259 direktorlar\u0131n, direktor m\u00fcavinl\u0259rinin v\u0259 m\u00fc\u0259lliml\u0259rin i\u015f\u0259 q\u0259bulu \u00fczr\u0259 m\u00fcsabiq\u0259l\u0259rin test imtahanlar\u0131n\u0131n\u015f\u0259ffafl\u0131\u011f\u0131n\u0131 t\u0259min etm\u0259k, sah\u0259 \u00fczr\u0259 u\u011furlu beyn\u0259lxalq t\u0259cr\u00fcb\u0259ni \u00f6lk\u0259 kontekstin\u0259 uy\u011fun olaraq t\u0259tbiq etm\u0259k, pe\u015f\u0259kar kadr bazas\u0131n\u0131n formala\u015fmas\u0131na v\u0259 sah\u0259 \u00fczr\u0259 s\u0259ri\u015ft\u0259li \u015f\u0259xsl\u0259rin pedaqoji f\u0259aliyy\u0259t\u0259 c\u0259lb olunmas\u0131na t\u00f6hf\u0259 verm\u0259kdir.<\/p>\n\n\n\n<p>Sonda is\u0259 Nazirlik t\u0259r\u0259find\u0259n D\u0130M-in kitabxanas\u0131na \u015eu\u015fan\u0131n v\u0259 Az\u0259rbaycan\u0131n tarixini \u0259ks etdir\u0259n kitablar h\u0259diyy\u0259 olunub.<\/p>\n\n\n\n<p>Xat\u0131rladaq ki, g\u00f6r\u00fc\u015fd\u0259n \u0259vv\u0259l i\u015ftirak\u00e7\u0131lar D\u0130M-d\u0259 yarad\u0131lm\u0131\u015f v\u0259 \u00f6lk\u0259mizin milli qiym\u0259tl\u0259ndirm\u0259 sisteminin tarixini \u0259ks etdir\u0259n muzey v\u0259 q\u0259bul imtahanlar\u0131 il\u0259 ba\u011fl\u0131 \u00f6lk\u0259 \u00fczr\u0259 statistik m\u0259lumatlar\u0131 \u0259ks etdir\u0259n Az\u0259rbaycan Respublikas\u0131n\u0131n elektron x\u0259rit\u0259si il\u0259 d\u0259 tan\u0131\u015f olublar.<\/p>\n\n\n\n<p><strong>M\u0259nb\u0259:&nbsp;<a href=\"https:\/\/culture.gov.az\/\">https:\/\/culture.gov.az\/<\/a><\/strong><\/p>\n","protected":false},"excerpt":{"rendered":"<p>13 dekabr 2022-ci il tarixind\u0259 Az\u0259rbaycan Respublikas\u0131 M\u0259d\u0259niyy\u0259t Nazirliyi&nbsp;v\u0259 D\u00f6vl\u0259t \u0130mtahan M\u0259rk\u0259zinin r\u0259hb\u0259r \u015f\u0259xsl\u0259ri aras\u0131nda g\u00f6r\u00fc\u015f ke\u00e7irilib. G\u00f6r\u00fc\u015fd\u0259&nbsp;m\u0259d\u0259niyy\u0259t naziri Anar K\u0259rimov, D\u0130M-in Direktorlar \u015euras\u0131n\u0131n s\u0259dri M\u0259leyk\u0259 Abbaszad\u0259, m\u0259d\u0259niyy\u0259t nazirinin m\u00fcavini Sevda M\u0259mm\u0259d\u0259liyeva, D\u0130M-in Direktorlar \u015euras\u0131n\u0131n s\u0259dr m\u00fcavini B\u0259hram X\u0259lilov, el\u0259c\u0259 d\u0259 nazirliyin v\u0259 D\u0130M-in m\u00fcvafiq struktur b\u00f6lm\u0259l\u0259rinin r\u0259hb\u0259r \u015f\u0259xsl\u0259ri i\u015ftirak edibl\u0259r. Anla\u015fma Memorandumunun imzalanmas\u0131n\u0131n \u0259sas [&hellip;]<\/p>\n","protected":false},"author":2,"featured_media":0,"comment_status":"open","ping_status":"open","sticky":false,"template":"","format":"standard","meta":{"footnotes":""},"categories":[49],"tags":[],"class_list":["post-42765","post","type-post","status-publish","format-standard","hentry","category-medeniyyat"],"_links":{"self":[{"href":"https:\/\/edebiyyat-az.com\/index.php?rest_route=\/wp\/v2\/posts\/42765","targetHints":{"allow":["GET"]}}],"collection":[{"href":"https:\/\/edebiyyat-az.com\/index.php?rest_route=\/wp\/v2\/posts"}],"about":[{"href":"https:\/\/edebiyyat-az.com\/index.php?rest_route=\/wp\/v2\/types\/post"}],"author":[{"embeddable":true,"href":"https:\/\/edebiyyat-az.com\/index.php?rest_route=\/wp\/v2\/users\/2"}],"replies":[{"embeddable":true,"href":"https:\/\/edebiyyat-az.com\/index.php?rest_route=%2Fwp%2Fv2%2Fcomments&post=42765"}],"version-history":[{"count":2,"href":"https:\/\/edebiyyat-az.com\/index.php?rest_route=\/wp\/v2\/posts\/42765\/revisions"}],"predecessor-version":[{"id":42778,"href":"https:\/\/edebiyyat-az.com\/index.php?rest_route=\/wp\/v2\/posts\/42765\/revisions\/42778"}],"wp:attachment":[{"href":"https:\/\/edebiyyat-az.com\/index.php?rest_route=%2Fwp%2Fv2%2Fmedia&parent=42765"}],"wp:term":[{"taxonomy":"category","embeddable":true,"href":"https:\/\/edebiyyat-az.com\/index.php?rest_route=%2Fwp%2Fv2%2Fcategories&post=42765"},{"taxonomy":"post_tag","embeddable":true,"href":"https:\/\/edebiyyat-az.com\/index.php?rest_route=%2Fwp%2Fv2%2Ftags&post=42765"}],"curies":[{"name":"wp","href":"https:\/\/api.w.org\/{rel}","templated":true}]}}