{"id":42976,"date":"2022-12-21T01:00:00","date_gmt":"2022-12-20T21:00:00","guid":{"rendered":"https:\/\/edebiyyat-az.com\/?p=42976"},"modified":"2022-12-21T09:02:04","modified_gmt":"2022-12-21T05:02:04","slug":"r%c9%99ssam-fikr%c9%99t-ibrahimlinin-ruhumun-t%c9%99qdimati-omur-s%c9%99hif%c9%99l%c9%99rim-adli-f%c9%99rdi-s%c9%99rgisi-kecirilib","status":"publish","type":"post","link":"https:\/\/edebiyyat-az.com\/?p=42976","title":{"rendered":"R\u0259ssam Fikr\u0259t \u0130brahimlinin \u201cRuhumun t\u0259qdimat\u0131 \u2013 \u00d6m\u00fcr s\u0259hif\u0259l\u0259rim\u201d adl\u0131 f\u0259rdi s\u0259rgisi ke\u00e7irilib"},"content":{"rendered":"\n<figure class=\"wp-block-image size-large\"><img decoding=\"async\" src=\"https:\/\/culture.gov.az\/medias\/news\/big\/10\/47326\/6.jpeg\" alt=\"\"\/><\/figure>\n\n\n\n<p>Az\u0259rbaycan Respublikas\u0131 M\u0259d\u0259niyy\u0259t Nairliyinin Muzey M\u0259rk\u0259zinin S\u0259rgi Qalereyas\u0131nda Az\u0259rbaycan R\u0259ssamlar \u0130ttifaq\u0131n\u0131n \u00fczv\u00fc, r\u0259ssam Fikr\u0259t \u0130brahimlinin \u201cRuhumun t\u0259qdimat\u0131 \u2013 \u00d6m\u00fcr s\u0259hif\u0259l\u0259rim\u201d adl\u0131 f\u0259rdi s\u0259rgisinin t\u0259nt\u0259n\u0259li a\u00e7\u0131l\u0131\u015f m\u0259rasimi ke\u00e7irilmi\u015fdir. T\u0259dbirin a\u00e7\u0131l\u0131\u015f\u0131nda Az\u0259rbaycan Respublikas\u0131 Milli M\u0259clisinin M\u0259d\u0259niyy\u0259t Komit\u0259sinin s\u0259dri, Mill\u0259t v\u0259kili Q\u0259nir\u0259 Pa\u015fayeva, Az\u0259rbaycan Respublikas\u0131 M\u0259d\u0259niyy\u0259t Nazirliyinin S\u0259rgi v\u0259 qalereyalar sektorunun m\u00fcdiri Murad M\u0259mm\u0259dov, Da\u015fk\u0259ndd\u0259ki Nizami G\u0259nc\u0259vi ad\u0131na Da\u015fk\u0259nd D\u00f6vl\u0259t Pedaqoji Universitetinin rektoru, \u00d6zb\u0259kistan &#8211; Az\u0259rbaycan Dostluq C\u0259miyy\u0259tinin ba\u015fqan\u0131 Abdulqappar Q\u0131r\u011f\u0131zbayev, Nizami G\u0259nc\u0259vi ad\u0131na Da\u015fk\u0259nd D\u00f6vl\u0259t Pedaqoji Universitetinin \u201cD\u00fcnya tarixi\u201d kafedras\u0131n\u0131n professoru, \u00d6zb\u0259kistan &#8211; Az\u0259rbaycan Dostluq C\u0259miyy\u0259tinin icra\u00e7\u0131 direktoru Erkin Nuriddinov, Az\u0259rbaycan R\u0259ssamlar \u0130ttifaq\u0131n\u0131n s\u0259dr m\u00fcavini, Xalq r\u0259ssam\u0131 A\u011f\u0259li \u0130brahimov v\u0259 r\u0259ssam Fikr\u0259t \u0130brahimli \u00e7\u0131x\u0131\u015f etmi\u015fdirl\u0259r. S\u0259rginin koordinatoru v\u0259 apar\u0131c\u0131s\u0131 \u018fkb\u0259r Qo\u015fal\u0131 olub.<\/p>\n\n\n\n<p>F\u0259rdi s\u0259rgi r\u0259ssam\u0131n yarad\u0131c\u0131l\u0131\u011f\u0131n\u0131n 50 illiyin\u0259 h\u0259sr olunub. T\u0259dbir Az\u0259rbaycan Respublikas\u0131n\u0131n Milli M\u0259clisinin M\u0259d\u0259niyy\u0259t komit\u0259sinin s\u0259dri Q\u0259nir\u0259 Pa\u015fayevan\u0131n t\u0259\u015f\u0259bb\u00fcs\u00fc il\u0259 Az\u0259rbaycan Respublikas\u0131n\u0131n M\u0259d\u0259niyy\u0259t Nazirliyi v\u0259 Muzey M\u0259rk\u0259zi t\u0259r\u0259find\u0259n t\u0259\u015fkil olunub.<\/p>\n\n\n\n<p>Tan\u0131nm\u0131\u015f Az\u0259rbaycan r\u0259ssam\u0131 Fikr\u0259t \u0130brahimli Neft\u00e7ala rayonunda anadan olub. Onun ilk s\u0259n\u0259t m\u00fc\u0259llimi Nef\u00e7alada tan\u0131nm\u0131\u015f t\u0259sviri s\u0259n\u0259t m\u00fc\u0259llimi Adil Hac\u0131yev olub. R\u0259ssam ixtisas t\u0259hsilini \u0259vv\u0259lc\u0259 \u018f.\u018fzimzad\u0259 ad\u0131na Az\u0259rbaycan D\u00f6vl\u0259t R\u0259ssaml\u0131q Texnikumunda, daha sonra Az\u0259rbaycan D\u00f6vl\u0259t M\u0259d\u0259niyy\u0259t v\u0259 \u0130nc\u0259s\u0259n\u0259t Universitetind\u0259 al\u0131b. O, m\u00fc\u0259llimi, Xalq r\u0259ssam\u0131 To\u011frul N\u0259rimanb\u0259yovu h\u0259r zaman b\u00f6y\u00fck minn\u0259tdarl\u0131q hissi il\u0259 xat\u0131rlay\u0131r. T.N\u0259rimanb\u0259yov \u201cUlduz\u201d jurnal\u0131n\u0131n 1980-ci il, 10-cu n\u00f6mr\u0259sind\u0259 xeyir dua mahiyy\u0259tli yaz\u0131s\u0131nda istedadl\u0131 t\u0259l\u0259b\u0259si Fikr\u0259t \u0130brahimliy\u0259 u\u011furlu yol arzulay\u0131rd\u0131. R\u0259ssam\u0131n \u0259s\u0259rl\u0259ri \u00f6lk\u0259mizd\u0259 v\u0259 xaricd\u0259 muzey, qalereya v\u0259 \u015f\u0259xsi kolleksiyalarda saxlan\u0131l\u0131r.<\/p>\n\n\n\n<p>Fikr\u0259t \u0130brahimlinin yarad\u0131c\u0131l\u0131\u011f\u0131 \u0259sas\u0259n r\u0259ngkarl\u0131q sah\u0259sind\u0259 yarad\u0131lm\u0131\u015f \u0259s\u0259rl\u0259rd\u0259n ibar\u0259tdir. O, s\u00fcjetli tablo, porteret, m\u0259nz\u0259r\u0259 v\u0259 nat\u00fcrmort janr\u0131nda yarad\u0131lm\u0131\u015f bir \u00e7ox maraql\u0131 \u0259s\u0259rl\u0259rin m\u00fc\u0259llifi kimi tan\u0131n\u0131r. R\u0259ssam\u0131n yarad\u0131c\u0131l\u0131\u011f\u0131nda \u0130\u00e7\u0259ri\u015f\u0259h\u0259r m\u00f6vzusu ayr\u0131ca yer tutur. Tarixi \u0130\u00e7\u0259ri\u015f\u0259h\u0259rin m\u00fcxt\u0259lif gu\u015f\u0259l\u0259ri r\u0259ssam t\u0259x\u0259yy\u00fcl\u00fc il\u0259 k\u0259tanda \u00f6z u\u011furlu b\u0259dii h\u0259llini tap\u0131b. Az\u0259rbaycan Respublikas\u0131n\u0131n Prezidenti \u0130lham \u018fliyevin m\u00fcdrik r\u0259hb\u0259rliyi il\u0259 r\u0259\u015fad\u0259tli ordumuzun 44 g\u00fcnl\u00fck sava\u015fda g\u00f6st\u0259rmi\u015f olduqlar\u0131 q\u0259hr\u0259manl\u0131qlar, igid zabit v\u0259 \u0259sg\u0259rl\u0259rimizin \u015f\u00fcca\u0259ti r\u0259ssam\u0131n yarad\u0131c\u0131l\u0131\u011f\u0131nda m\u00fcv\u0259ff\u0259qiyy\u0259tl\u0259 t\u0259c\u0259ss\u00fcm olunub. Fikr\u0259t \u0130brahimlinin al\u0131nmaz qala &#8211; \u015eu\u015faya h\u0259sr olunmu\u015f r\u0259ngkarl\u0131q n\u00fcmun\u0259si ayr\u0131ca qeyd olunma\u011fa layiqdir.<\/p>\n\n\n\n<p>Fikr\u0259t \u0130brahimlinin m\u0259nz\u0259r\u0259 janr\u0131nda yaratd\u0131\u011f\u0131 \u0259s\u0259rl\u0259r onun yarad\u0131c\u0131l\u0131\u011f\u0131nda geni\u015f yer tutur v\u0259 r\u0259ssam\u0131n b\u0259dii yarad\u0131c\u0131l\u0131q d\u00fcnyas\u0131n\u0131 v\u0259 r\u0259ssam t\u0259x\u0259yy\u00fcl\u00fcn\u00fc tam ayd\u0131nl\u0131\u011f\u0131 il\u0259 biruz\u0259 verir. Ab\u015feron ba\u011flar\u0131, \u00fcz\u00fcm t\u0259n\u0259kl\u0259ri, \u0259ncir a\u011faclar\u0131, ba\u011f evl\u0259ri, d\u0259niz m\u0259nz\u0259r\u0259si r\u0259ssam\u0131n palitras\u0131nda \u00f6z\u00fcn\u0259m\u0259xsus duyumla t\u0259svir olunub.<\/p>\n\n\n\n<p>Fikr\u0259t \u0130brahimli Az\u0259rbaycan xal\u00e7alar\u0131, milli m\u0259d\u0259niyy\u0259t n\u00fcmun\u0259l\u0259ri fonunda bir-birind\u0259n maraql\u0131, diqq\u0259ti c\u0259lb ed\u0259n bir \u00e7ox nat\u00fcrmortlar yarad\u0131b. R\u0259ssam Az\u0259rbaycan nem\u0259nt\u0259lrinin, x\u00fcsus\u0259n d\u0259 narlar\u0131n r\u0259sml\u0259rini t\u0259svir etm\u0259kl\u0259 maraql\u0131 nat\u00fcrmort kompozisiyalar\u0131 yarada bilib.<\/p>\n\n\n\n<p>Fikr\u0259t \u0130brahimlinin u\u011furlu yarad\u0131c\u0131l\u0131q n\u00fcmun\u0259l\u0259rind\u0259n \u201cMu\u011fam\u201d, \u201c\u0130\u00e7\u0259ri\u015f\u0259h\u0259r\u201d, \u201cNeft\u00e7ala. Limanda\u201d, \u201cK\u00fcr q\u0131ra\u011f\u0131nda\u201d, \u201cK\u00fcr \u00e7ay\u0131\u201d, \u201cFatmay\u0131\u201d, \u201cBa\u011f evi-Novxan\u0131\u201d, \u201cAb\u015feron motivi\u201d, \u201cAb\u015feron g\u00fcn\u0259baxanlar\u0131\u201d, \u201cNi\u015fan. R\u0259fiq\u0259l\u0259r\u201d, \u201cK\u0259ndimizin q\u0131zlar\u0131\u201d, \u201cXon\u00e7a apar\u0131rlar\u201d, \u201cG\u0259lin g\u0259tirm\u0259y\u0259\u201d, \u201cToy\u201d, \u00e7oxsayl\u0131 portret, avtoportret v\u0259 nat\u00fcrmortlar\u0131n adlar\u0131n\u0131 qeyd etm\u0259k olar.<\/p>\n\n\n\n<p>T\u0259sviri s\u0259n\u0259tin mayas\u0131n\u0131 r\u0259sm t\u0259\u015fkil edir. Bu bax\u0131mdan Fikr\u0259t \u0130brahimlinin yarad\u0131c\u0131l\u0131l\u0131\u011f\u0131nda t\u0259bii ki, r\u0259sm n\u00fcmun\u0259l\u0259ri geni\u015f yer tutur. S\u0259rgid\u0259 Fikr\u0259t \u0130brahimlinin r\u0259ngkarl\u0131q v\u0259 qrafika sah\u0259sind\u0259 yaratm\u0131\u015f odu\u011fu, r\u0259ssam\u0131n yarad\u0131c\u0131l\u0131\u011f\u0131n\u0131n m\u00fcxt\u0259lif d\u00f6vrl\u0259rin\u0259 aid 60 yax\u0131n s\u0259n\u0259t n\u00fcmun\u0259l\u0259ri n\u00fcmayi\u015f olunub.<\/p>\n\n\n\n<p><strong><a href=\"https:\/\/edebiyyatqazeti.az\/\"><strong>M\u0259nb\u0259:\u00a0<\/strong><\/a><strong><a href=\"https:\/\/culture.gov.az\/\">https:\/\/culture.gov.az\/<\/a><\/strong><\/strong><\/p>\n","protected":false},"excerpt":{"rendered":"<p>Az\u0259rbaycan Respublikas\u0131 M\u0259d\u0259niyy\u0259t Nairliyinin Muzey M\u0259rk\u0259zinin S\u0259rgi Qalereyas\u0131nda Az\u0259rbaycan R\u0259ssamlar \u0130ttifaq\u0131n\u0131n \u00fczv\u00fc, r\u0259ssam Fikr\u0259t \u0130brahimlinin \u201cRuhumun t\u0259qdimat\u0131 \u2013 \u00d6m\u00fcr s\u0259hif\u0259l\u0259rim\u201d adl\u0131 f\u0259rdi s\u0259rgisinin t\u0259nt\u0259n\u0259li a\u00e7\u0131l\u0131\u015f m\u0259rasimi ke\u00e7irilmi\u015fdir. T\u0259dbirin a\u00e7\u0131l\u0131\u015f\u0131nda Az\u0259rbaycan Respublikas\u0131 Milli M\u0259clisinin M\u0259d\u0259niyy\u0259t Komit\u0259sinin s\u0259dri, Mill\u0259t v\u0259kili Q\u0259nir\u0259 Pa\u015fayeva, Az\u0259rbaycan Respublikas\u0131 M\u0259d\u0259niyy\u0259t Nazirliyinin S\u0259rgi v\u0259 qalereyalar sektorunun m\u00fcdiri Murad M\u0259mm\u0259dov, Da\u015fk\u0259ndd\u0259ki Nizami G\u0259nc\u0259vi ad\u0131na [&hellip;]<\/p>\n","protected":false},"author":2,"featured_media":0,"comment_status":"open","ping_status":"open","sticky":false,"template":"","format":"standard","meta":{"footnotes":""},"categories":[49],"tags":[],"class_list":["post-42976","post","type-post","status-publish","format-standard","hentry","category-medeniyyat"],"_links":{"self":[{"href":"https:\/\/edebiyyat-az.com\/index.php?rest_route=\/wp\/v2\/posts\/42976","targetHints":{"allow":["GET"]}}],"collection":[{"href":"https:\/\/edebiyyat-az.com\/index.php?rest_route=\/wp\/v2\/posts"}],"about":[{"href":"https:\/\/edebiyyat-az.com\/index.php?rest_route=\/wp\/v2\/types\/post"}],"author":[{"embeddable":true,"href":"https:\/\/edebiyyat-az.com\/index.php?rest_route=\/wp\/v2\/users\/2"}],"replies":[{"embeddable":true,"href":"https:\/\/edebiyyat-az.com\/index.php?rest_route=%2Fwp%2Fv2%2Fcomments&post=42976"}],"version-history":[{"count":1,"href":"https:\/\/edebiyyat-az.com\/index.php?rest_route=\/wp\/v2\/posts\/42976\/revisions"}],"predecessor-version":[{"id":42986,"href":"https:\/\/edebiyyat-az.com\/index.php?rest_route=\/wp\/v2\/posts\/42976\/revisions\/42986"}],"wp:attachment":[{"href":"https:\/\/edebiyyat-az.com\/index.php?rest_route=%2Fwp%2Fv2%2Fmedia&parent=42976"}],"wp:term":[{"taxonomy":"category","embeddable":true,"href":"https:\/\/edebiyyat-az.com\/index.php?rest_route=%2Fwp%2Fv2%2Fcategories&post=42976"},{"taxonomy":"post_tag","embeddable":true,"href":"https:\/\/edebiyyat-az.com\/index.php?rest_route=%2Fwp%2Fv2%2Ftags&post=42976"}],"curies":[{"name":"wp","href":"https:\/\/api.w.org\/{rel}","templated":true}]}}