{"id":43418,"date":"2022-12-30T02:00:00","date_gmt":"2022-12-29T22:00:00","guid":{"rendered":"https:\/\/edebiyyat-az.com\/?p=43418"},"modified":"2022-12-30T11:23:46","modified_gmt":"2022-12-30T07:23:46","slug":"s%c9%99fa-v%c9%99liyeva-16","status":"publish","type":"post","link":"https:\/\/edebiyyat-az.com\/?p=43418","title":{"rendered":"\u015e\u0259fa V\u018fL\u0130YEVA.&#8221;Bir otob\u00fcs dura\u011f\u0131nda b\u0131rakt\u0131m an\u0131lar\u0131\u2026&#8221;"},"content":{"rendered":"\n<figure class=\"wp-block-image is-resized\"><img loading=\"lazy\" decoding=\"async\" src=\"http:\/\/edebiyyat-az.com\/wp-content\/uploads\/2021\/03\/sefa-veliyeva.jpg\" alt=\"This image has an empty alt attribute; its file name is sefa-veliyeva.jpg\" width=\"834\" height=\"828\"\/><\/figure>\n\n\n\n<p>\u201c<strong>G\u0259nc \u018fdibl\u0259r M\u0259kt\u0259bi\u201dnin m\u00fcdavimi, Az\u0259rbaycan Yaz\u0131\u00e7\u0131lar Birliyi G\u0259ncl\u0259r \u015euras\u0131n\u0131n v\u0259 Az\u0259rbaycan Jurnalistl\u0259r Birliyinin \u00fczv\u00fc, Prezident t\u0259qa\u00fcd\u00e7\u00fcs\u00fc, \u201c\u0130lin g\u0259nci\u201d m\u00fcfakat\u00e7\u0131s\u0131, Az\u0259rbaycan\u0131n M\u0259d\u0259niyy\u0259t v\u0259 \u018fd\u0259biyyat Portal\u0131n\u0131n Ba\u015f redaktoru<\/strong><\/p>\n\n\n\n<p>Bir otob\u00fcs dura\u011f\u0131nda b\u0131rakt\u0131m an\u0131lar\u0131\u2026<br>\u00c7ekip gittim hala ya\u015fanmam\u0131\u015f y\u0131llara.<br>\u2026 Ya\u015fanm\u0131\u015flara ne \u00e7ok benziyor,<br>bir bilsen,<br>otob\u00fcs aynalar\u0131\u2026<br>Parmak u\u00e7lar\u0131nda yitirilmi\u015f duy\u011fular,<br>Nefes buharlar\u0131nda intihar etmi\u015f a\u015fklar,<br>Yutkundukca bo\u011faz\u0131nda d\u00fcy\u00fcmlenmi\u015f<br>Kendin gibi bildiklerin\u2026<br>&#8220;benim&#8221;, &#8220;sensin&#8221; su\u00e7lamalar\u0131yla<br>\u00d6mr\u00fcne hopmu\u015f gel-gitler\u2026<br>\u2026 Otob\u00fcs perdeleri gibi \u00e7ektim<br>Pis an\u0131lar\u0131n \u00fcst\u00fcne umutlar\u0131m\u0131\u2026<br>Ve bir otob\u00fcs gar\u0131nda<br>D\u00f6ner kokusuyla miyavlayan kedilerin<br>Pati izlerine d\u00f6kt\u00fcm unutduklar\u0131m\u0131\u2026<\/p>\n\n\n\n<p>(2022)<\/p>\n","protected":false},"excerpt":{"rendered":"<p>\u201cG\u0259nc \u018fdibl\u0259r M\u0259kt\u0259bi\u201dnin m\u00fcdavimi, Az\u0259rbaycan Yaz\u0131\u00e7\u0131lar Birliyi G\u0259ncl\u0259r \u015euras\u0131n\u0131n v\u0259 Az\u0259rbaycan Jurnalistl\u0259r Birliyinin \u00fczv\u00fc, Prezident t\u0259qa\u00fcd\u00e7\u00fcs\u00fc, \u201c\u0130lin g\u0259nci\u201d m\u00fcfakat\u00e7\u0131s\u0131, Az\u0259rbaycan\u0131n M\u0259d\u0259niyy\u0259t v\u0259 \u018fd\u0259biyyat Portal\u0131n\u0131n Ba\u015f redaktoru Bir otob\u00fcs dura\u011f\u0131nda b\u0131rakt\u0131m an\u0131lar\u0131\u2026\u00c7ekip gittim hala ya\u015fanmam\u0131\u015f y\u0131llara.\u2026 Ya\u015fanm\u0131\u015flara ne \u00e7ok benziyor,bir bilsen,otob\u00fcs aynalar\u0131\u2026Parmak u\u00e7lar\u0131nda yitirilmi\u015f duy\u011fular,Nefes buharlar\u0131nda intihar etmi\u015f a\u015fklar,Yutkundukca bo\u011faz\u0131nda d\u00fcy\u00fcmlenmi\u015fKendin gibi bildiklerin\u2026&#8220;benim&#8221;, &#8220;sensin&#8221; su\u00e7lamalar\u0131yla\u00d6mr\u00fcne hopmu\u015f [&hellip;]<\/p>\n","protected":false},"author":2,"featured_media":0,"comment_status":"open","ping_status":"open","sticky":false,"template":"","format":"standard","meta":{"footnotes":""},"categories":[4],"tags":[],"class_list":["post-43418","post","type-post","status-publish","format-standard","hentry","category-edeb"],"_links":{"self":[{"href":"https:\/\/edebiyyat-az.com\/index.php?rest_route=\/wp\/v2\/posts\/43418","targetHints":{"allow":["GET"]}}],"collection":[{"href":"https:\/\/edebiyyat-az.com\/index.php?rest_route=\/wp\/v2\/posts"}],"about":[{"href":"https:\/\/edebiyyat-az.com\/index.php?rest_route=\/wp\/v2\/types\/post"}],"author":[{"embeddable":true,"href":"https:\/\/edebiyyat-az.com\/index.php?rest_route=\/wp\/v2\/users\/2"}],"replies":[{"embeddable":true,"href":"https:\/\/edebiyyat-az.com\/index.php?rest_route=%2Fwp%2Fv2%2Fcomments&post=43418"}],"version-history":[{"count":2,"href":"https:\/\/edebiyyat-az.com\/index.php?rest_route=\/wp\/v2\/posts\/43418\/revisions"}],"predecessor-version":[{"id":43436,"href":"https:\/\/edebiyyat-az.com\/index.php?rest_route=\/wp\/v2\/posts\/43418\/revisions\/43436"}],"wp:attachment":[{"href":"https:\/\/edebiyyat-az.com\/index.php?rest_route=%2Fwp%2Fv2%2Fmedia&parent=43418"}],"wp:term":[{"taxonomy":"category","embeddable":true,"href":"https:\/\/edebiyyat-az.com\/index.php?rest_route=%2Fwp%2Fv2%2Fcategories&post=43418"},{"taxonomy":"post_tag","embeddable":true,"href":"https:\/\/edebiyyat-az.com\/index.php?rest_route=%2Fwp%2Fv2%2Ftags&post=43418"}],"curies":[{"name":"wp","href":"https:\/\/api.w.org\/{rel}","templated":true}]}}