{"id":43444,"date":"2022-12-30T05:30:00","date_gmt":"2022-12-30T01:30:00","guid":{"rendered":"http:\/\/edebiyyat-az.com\/?p=43444"},"modified":"2022-12-30T11:29:29","modified_gmt":"2022-12-30T07:29:29","slug":"%c9%99kb%c9%99r-qosali-fransa-guney-qafqaza-v%c9%99-qarabaga-mudaxil%c9%99-etm%c9%99kcun-yuz-hoqqadan-cixir-oz%c9%99l","status":"publish","type":"post","link":"https:\/\/edebiyyat-az.com\/?p=43444","title":{"rendered":"\u018fkb\u0259r QO\u015eALI.\u201cFransa G\u00fcney Qafqaza v\u0259 Qaraba\u011fa m\u00fcdaxil\u0259 etm\u0259k\u00e7\u00fcn y\u00fcz hoqqadan \u00e7\u0131x\u0131r\u201c &#8211; \u00d6Z\u018fL"},"content":{"rendered":"\n<figure class=\"wp-block-image size-full is-resized\"><a href=\"http:\/\/edebiyyat-az.com\/wp-content\/uploads\/2022\/12\/ekber-qosali.jpeg\"><img loading=\"lazy\" decoding=\"async\" src=\"http:\/\/edebiyyat-az.com\/wp-content\/uploads\/2022\/12\/ekber-qosali.jpeg\" alt=\"\" class=\"wp-image-43445\" width=\"834\" height=\"878\" srcset=\"https:\/\/edebiyyat-az.com\/wp-content\/uploads\/2022\/12\/ekber-qosali.jpeg 570w, https:\/\/edebiyyat-az.com\/wp-content\/uploads\/2022\/12\/ekber-qosali-285x300.jpeg 285w, https:\/\/edebiyyat-az.com\/wp-content\/uploads\/2022\/12\/ekber-qosali-57x60.jpeg 57w\" sizes=\"auto, (max-width: 834px) 100vw, 834px\" \/><\/a><\/figure>\n\n\n\n<p>Fransa G\u00fcney Qafqaza v\u0259 Qaraba\u011fa m\u00fcdaxil\u0259 etm\u0259k\u00e7\u00fcn y\u00fcz hoqqadan \u00e7\u0131x\u0131r<\/p>\n\n\n\n<p>AT\u018fT-in ke\u00e7mi\u015f Minsk qrupunun h\u0259ms\u0259dri, BMT T\u0259hl\u00fck\u0259sizlik \u015euras\u0131n\u0131n (h\u0259l\u0259lik) daimi \u00fczv\u00fc Fransan\u0131n prezidenti Emanuel Makron beyn\u0259lxalq humanitar t\u0259\u015fkilatlar\u0131n Az\u0259rbaycan\u0131n Qaraba\u011f iqtisadi rayonunun \u0259razisin\u0259 g\u00f6nd\u0259rilm\u0259si \u00e7a\u011f\u0131r\u0131\u015f\u0131nda bulunub. Onun bu \u00e7a\u011f\u0131r\u0131\u015f\u0131 \u0259lb\u0259tt\u0259 \u0259sass\u0131zd\u0131r \u2013 \u00f6z\u00fc d\u0259 tamamil\u0259 \u0259sass\u0131zd\u0131r. Birincisi, o d\u00f6vl\u0259t ki, guya arbitr rolu oynay\u0131r (\u00f6z\u00fcn\u00fc buna haqq\u0131 \u00e7atan d\u00f6vl\u0259t konumunda g\u00f6r\u00fcr), z\u0259hm\u0259t \u00e7\u0259kib, t\u0259r\u0259fl\u0259rd\u0259n eyni m\u0259saf\u0259d\u0259 durma\u011f\u0131 bacarmal\u0131d\u0131r. O is\u0259 ke\u00e7mi\u015f i\u015f\u011fal\u00e7\u0131 Erm\u0259nistan\u0131n b\u00f6y\u00fck bac\u0131s\u0131d\u0131r v\u0259 bu bac\u0131l\u0131q fiziki yox, siyasi-ideoloji, m\u00fc\u0259yy\u0259n q\u0259d\u0259r dini amill\u0259rl\u0259 ba\u011fl\u0131d\u0131r. Y\u0259ni bu yana\u015fmada he\u00e7 bir halda h\u00fcquq, beyn\u0259lxalq nizam aray\u0131\u015f\u0131 i\u015ftirak etmir.<\/p>\n\n\n\n<p>Bel\u0259likl\u0259, sual yaran\u0131r: bir \u015fey ki \u0259sass\u0131zd\u0131r o n\u0259 n\u0259tic\u0259 ver\u0259, hans\u0131 qal\u0131c\u0131 imkanlar yarada bil\u0259r? \u2013 Bu \u00e7\u0259pdi\u015fli \u00e7arx alt\u0131ndaym\u0131\u015f kimi davranmaq n\u0259yi g\u00f6st\u0259rir? Suallar ritorik xarakterlidir. B\u0259li, bu, bir daha Emanuel Makronun h\u0259r v\u0259chl\u0259 G\u00fcney Qafqaza m\u00fcdaxil\u0259 etm\u0259y\u0259, burada m\u00f6hk\u0259ml\u0259nm\u0259y\u0259 \u00e7al\u0131\u015fd\u0131\u011f\u0131n\u0131 g\u00f6st\u0259rir. \u2013 Bu, \u201cG\u00f6z\u00fc qarayam\u201d deyirmi\u015fc\u0259sin\u0259 bir m\u00fcdaxil\u0259 c\u0259hdidir; amma biz n\u0259 Fransan\u0131n g\u00f6z\u00fcn\u00fcn r\u0259ngin\u0259, n\u0259 d\u0259 onun ki\u00e7ik bac\u0131s\u0131n\u0131n g\u00f6z ya\u015f\u0131na baxmayaca\u011f\u0131q&#8230;<\/p>\n\n\n\n<p>\u00d6z \u00e7irkin plan\u0131n\u0131 \u201cs\u0259rh\u0259d missiyas\u0131\u201d ad\u0131 alt\u0131nda h\u0259yata ke\u00e7irm\u0259y\u0259 c\u0259hd g\u00f6st\u0259r\u0259n Makron ist\u0259yinin pu\u00e7 oldu\u011funu g\u00f6r\u00fcnc\u0259, bu d\u0259f\u0259 \u201ckurs\u201du d\u0259yi\u015fib humanitar t\u0259\u015fkilatlar\u0131n \u0259li il\u0259 \u00f6z niyy\u0259tini ger\u00e7\u0259kl\u0259\u015fdirm\u0259y\u0259 \u00e7al\u0131\u015f\u0131r. Onun humanitariya qavram\u0131na verdiyi \u201cd\u0259y\u0259r\u201di Frankafoniyan\u0131n Tunis toplant\u0131s\u0131nda bir daha g\u00f6rd\u00fck: adam yekun q\u0259tnam\u0259y\u0259, qurumun r\u0259smi elanolunmu\u015f qay\u0259si il\u0259 he\u00e7 bir ba\u011flant\u0131s\u0131 olmadan Az\u0259rbaycan \u0259leyhind\u0259 b\u0259ndl\u0259r salmaq ist\u0259yirdi. H\u0259tta israrlara baxmayaraq o b\u0259ndl\u0259r ke\u00e7m\u0259di \u2013 \u00e7\u00fcnki Az\u0259rbaycan\u0131n g\u00fcv\u0259nli dostlar\u0131 h\u0259r yerd\u0259dir; Makron g\u00f6rd\u00fc ki, Frankafoniyada bel\u0259 \u00fczv Erm\u0259nistan\u0131n deyil, adil Az\u0259rbaycan\u0131n s\u00f6z\u00fc daha k\u0259s\u0259rli, daha ke\u00e7\u0259rlidir. Erm\u0259nistan\u0131n \u00fczv oldu\u011fu KTMT-d\u0259 d\u0259 bel\u0259dir. Az\u0259rbaycan \u015fahlan\u0131\u015f d\u00f6n\u0259mind\u0259dir, k\u0259saf\u0259tl\u0259ri k\u0259s\u0259-k\u0259s\u0259 ir\u0259lil\u0259yir v\u0259 bizi kims\u0259 durdura bilm\u0259z! \u00c7\u00fcnki haql\u0131y\u0131q! \u00c7\u00fcnki haqq\u0131m\u0131z\u0131 savunma\u011fa yet\u0259rli g\u00fcc\u00fcm\u00fcz var!<\/p>\n\n\n\n<p>B\u0259li, art\u0131q kimis\u0259 aldatmaq m\u00fcmk\u00fcns\u00fczd\u00fcr \u2013 Fransan\u0131n Erm\u0259nistanla birg\u0259 haz\u0131rlad\u0131\u011f\u0131 m\u0259krli planlar\u0131 fa\u015f etm\u0259y\u0259 imkan\u0131m\u0131z var. Fransan\u0131n \u00f6z b\u0259d niyy\u0259tini humanitar t\u0259\u015fkilatlar\u0131n \u0259li il\u0259 ger\u00e7\u0259kl\u0259\u015fdirm\u0259y\u0259 \u00e7al\u0131\u015fmas\u0131 ke\u00e7m\u0259y\u0259c\u0259k \u2013 bu plan da iflasa m\u0259hkumdur.<\/p>\n\n\n\n<p>T\u0259krar\u00e7\u0131l\u0131q olmas\u0131n, Fransa BMT T\u0259hl\u00fck\u0259sizlik \u015euras\u0131n\u0131n daimi \u00fczv\u00fcd\u00fcr.<\/p>\n\n\n\n<p>V\u0259 Fransan\u0131n yanl\u0131\u015f yana\u015fmalar\u0131 ilk n\u00f6vb\u0259d\u0259 BMT Nizamnam\u0259sinin humanitar m\u0259s\u0259l\u0259l\u0259rl\u0259 ba\u011fl\u0131 m\u00fcdd\u0259alar\u0131ndan sui-istifad\u0259dir. H\u0259r hans\u0131 bir \u00f6lk\u0259nin \u0259razisin\u0259 humanitar missiya, yaln\u0131z o \u00f6lk\u0259nin raz\u0131l\u0131\u011f\u0131 \u0259sas\u0131nda g\u00f6nd\u0259ril\u0259 bil\u0259r. Az\u0259rbaycan Respublikas\u0131n\u0131n bel\u0259 bir raz\u0131l\u0131\u011f\u0131m\u0131 var? \u2013 Xeyr! Az\u0259rbaycan\u0131n n\u0259inki raz\u0131l\u0131\u011f\u0131, \u00f6hd\u0259liyi, imzas\u0131 var, \u0259ksin\u0259 he\u00e7 bel\u0259 bir niyy\u0259ti d\u0259 yoxdur.<\/p>\n\n\n\n<p>Az\u0259rbaycan Respublikas\u0131n\u0131n Qaraba\u011f iqtisadi rayonunun erm\u0259nil\u0259r ya\u015fad\u0131\u011f\u0131 \u0259razil\u0259rind\u0259 guya humanitar b\u00f6hranla ba\u011fl\u0131 iddialar tipik erm\u0259ni yalan\u0131, hay vay-\u015f\u00fcv\u0259nidir. H\u0259l\u0259 birc\u0259 fikir verin: guya Xank\u0259ndi v\u0259 \u00e7evr\u0259sind\u0259 120 min (?) erm\u0259ni ya\u015fay\u0131r. B\u0259db\u0259xt u\u015fa\u011f\u0131 o q\u0259d\u0259r yalan dan\u0131\u015f\u0131b, art\u0131q yalanla n\u0259f\u0259s al\u0131r, yalanla qol-boyun yat\u0131r, yalanla oyan\u0131r, el\u0259 yalanla da \u0259l-\u00fcz\u00fcn\u00fc yuyub, sonra da yeni yalanlarla q\u0259lyanalt\u0131 edirl\u0259r&#8230; T\u0259qrib\u0259n 25 min erm\u0259ninin zor\u0259n m\u0259skun edildiyi \u0259raziy\u0259 bundan 4-5 d\u0259f\u0259 \u00e7ox erm\u0259ni \u201cpripiska\u201d edirl\u0259r. Nec\u0259 ki Xank\u0259ndind\u0259ki son (25 dekabr tarixli) mitinq haqq\u0131nda yay\u0131lan erm\u0259ni \u201cr\u0259smi\u201d x\u0259b\u0259rl\u0259rind\u0259 d\u0259 saxtala\u015fd\u0131rma g\u00f6rd\u00fck: yen\u0259 4-5 d\u0259f\u0259 \u015fi\u015firtm\u0259 vard\u0131 \u2013 guya 17 min yox 70 min civar\u0131 erm\u0259ni topla\u015f\u0131bm\u0131\u015f Xank\u0259dni meydan\u0131na. Bilirsiz, burada iki m\u0259qam qabar\u0131q g\u00f6rs\u0259nir. Birincisi, bizim ekof\u0259allar\u0131n, v\u0259t\u0259nda\u015f c\u0259miyy\u0259ti institutlar\u0131 t\u0259msil\u00e7il\u0259rimizin La\u00e7\u0131n-Xank\u0259ndi yolundak\u0131 \u0259yl\u0259mind\u0259n sonra Erm\u0259nistandan \u201cTIR\u201dlarla-filan \u201cmitinq\u00e7i\u201d da\u015f\u0131maq al\u0131nmad\u0131\u011f\u0131 \u00fc\u00e7\u00fcn, meydan\u0131n m\u00fcnasib rakurslardan \u00e7\u0259kili\u015fl\u0259ri il\u0259, dig\u0259r texniki quramalarla oynad\u0131lar; ikincisi, qlobal meydanda Fransa-Rusiya ayr\u0131m\u00e7\u0131l\u0131\u011f\u0131 s\u00f6z konusuyk\u0259n, balaca meydanda Fransa-Rusiya i\u015fbirliyi c\u0259hdi, \u0259sintisi hiss olunur. \u2013 Olsun ki, bu da, Vardanyana bir az \u00fcmid verir. Amma v\u0259 lakin yeni terror\u00e7uba\u015f\u0131 olmaq ist\u0259y\u0259n Vardanyan\u0131n dan\u0131\u015f\u0131\u011f\u0131na \u00e7\u00f6km\u00fc\u015f q\u00fcss\u0259, (qaba\u011f\u0131 d\u00fc\u015f\u00fcm derk\u0259n dala d\u00fc\u015fd\u00fcy\u00fcn\u00fc idrak etmiyin g\u0259tirdiyi g\u0259rginlik) dan\u0131lmazd\u0131r. Vardanyan Yoxdanyan olmaq yolundad\u0131r \u2013 ha bir az gec ha bir az tez&#8230; R\u0259hm\u0259tlik \u015eaiq V\u0259li demi\u015f, olacaqlar olacaqlar&#8230;<\/p>\n\n\n\n<p>Kim bilm\u0259s\u0259 d\u0259, Erm\u0259nistan v\u0259 onun b\u00f6y\u00fck bac\u0131s\u0131 yax\u015f\u0131 bilir ki, \u0259g\u0259r Xank\u0259ndi \u0259razisind\u0259 ya\u015fayan erm\u0259ni \u0259silli Az\u0259rbaycan v\u0259t\u0259nda\u015flar\u0131 h\u0259r hans\u0131sa bir humanitar \u00e7\u0259tinlikl\u0259 \u00fczl\u0259\u015f\u0259rs\u0259, Az\u0259rbaycan \u00f6z \u0259razisind\u0259 ya\u015fayan dinc sakinl\u0259rin, v\u0259t\u0259nda\u015flar\u0131n\u0131n problerml\u0259rini l\u0259yaq\u0259tli h\u0259ll etm\u0259y\u0259 qadirdir. Az\u0259rbaycan\u0131n \u0259dal\u0259tin\u0259 kimins\u0259 \u015f\u00fcbh\u0259si olmas\u0131n. C\u0259nab Prezidentin m\u0259\u015fhur s\u00f6zl\u0259ri il\u0259 des\u0259k, \u201cs\u00f6z\u00fcm\u00fcz imzam\u0131z q\u0259d\u0259r ke\u00e7\u0259rlidir\u201d.<\/p>\n\n\n\n<p>H\u0259r \u015fey bir yana qalm\u0131\u015f olsa bel\u0259, Beyn\u0259lxalq Q\u0131rm\u0131z\u0131 Xa\u00e7 Komit\u0259sinin Xank\u0259ndid\u0259 q\u0259rargah\u0131 var v\u0259 bu qurumla i\u015fbirliyi m\u00f6vcuddur. Dem\u0259li, h\u0259r hans\u0131 bir \u00e7\u0259tinlik yaranarsa da, Q\u0131rm\u0131z\u0131 Xa\u00e7 Komit\u0259sinin vasit\u0259si il\u0259 \u00e7\u00f6z\u00fcm yolu tapmaq m\u00fcmk\u00fcnd\u00fcr.<\/p>\n\n\n\n<p>Zat\u0259n, Beyn\u0259lxalq Q\u0131rm\u0131z\u0131 Xa\u00e7 Komit\u0259sinin arabalar\u0131n\u0131n, onlar\u0131n m\u00fc\u015fayi\u0259ti il\u0259 t\u0259cili tibbi yard\u0131m avtomobill\u0259rinin, La\u00e7\u0131n \u2013 Xank\u0259ndi yolunun haz\u0131rda \u0259yl\u0259m ke\u00e7iril\u0259n hiss\u0259sind\u0259n mane\u0259siz h\u0259r\u0259k\u0259ti bir ne\u00e7\u0259 d\u0259f\u0259 tam t\u0259min edilib. \u018fyl\u0259m\u00e7il\u0259r yol\u00e7ulara, yol\u00e7ular \u0259yl\u0259m\u00e7il\u0259r\u0259 \u00f6yr\u0259\u015fib art\u0131q. Art\u0131q daha \u00e7ox erm\u0259ni idrak edir ki, Az\u0259rbaycanla anla\u015fmaya varmaq alternativl\u0259rin \u0259n yax\u015f\u0131s\u0131d\u0131r! O da g\u00f6r\u0259snir ki, Xank\u0259ndid\u0259 he\u00e7 bir humanitar b\u00f6hran ya\u015fanm\u0131r.<\/p>\n\n\n\n<p>Uzun s\u00f6z\u00fcn q\u0131sas\u0131, Fransa Prezidentinin s\u0259sl\u0259ndirdiyi fikirl\u0259r onun yenid\u0259n vasit\u0259\u00e7iliy\u0259 can atd\u0131\u011f\u0131n\u0131 g\u00f6st\u0259rm\u0259kd\u0259dir. Amma v\u0259 lakin Fransa m\u0259s\u0259l\u0259 il\u0259 ba\u011fl\u0131 birt\u0259r\u0259fli m\u00f6vqe tutdu\u011funa g\u00f6r\u0259 bel\u0259 bir vasit\u0259\u00e7ilik m\u00fcmk\u00fcn deyil. Fransa \u00f6z missiyas\u0131n\u0131, mandat\u0131n\u0131 \u00f6z\u00fc gorbagor el\u0259yib. Gorbagor olansa dirilmir&#8230; M\u00fcsyo \u00fc\u00e7\u00fcn Dr\u0259vi\u015f M\u0259st\u0259li \u015eahm\u0131 g\u0259lsin, yoxsa, \u015eeyx N\u0259srullahm\u0131?..<\/p>\n\n\n\n<p>D\u00d6VL\u018fT\u0130M\u0130Z ZAVAL G\u00d6RM\u018fS\u0130N!<\/p>\n\n\n\n<p><strong>M\u0259nb\u0259: <a href=\"https:\/\/azadmedia.az\/\">https:\/\/azadmedia.az\/<\/a><\/strong><\/p>\n","protected":false},"excerpt":{"rendered":"<p>Fransa G\u00fcney Qafqaza v\u0259 Qaraba\u011fa m\u00fcdaxil\u0259 etm\u0259k\u00e7\u00fcn y\u00fcz hoqqadan \u00e7\u0131x\u0131r AT\u018fT-in ke\u00e7mi\u015f Minsk qrupunun h\u0259ms\u0259dri, BMT T\u0259hl\u00fck\u0259sizlik \u015euras\u0131n\u0131n (h\u0259l\u0259lik) daimi \u00fczv\u00fc Fransan\u0131n prezidenti Emanuel Makron beyn\u0259lxalq humanitar t\u0259\u015fkilatlar\u0131n Az\u0259rbaycan\u0131n Qaraba\u011f iqtisadi rayonunun \u0259razisin\u0259 g\u00f6nd\u0259rilm\u0259si \u00e7a\u011f\u0131r\u0131\u015f\u0131nda bulunub. Onun bu \u00e7a\u011f\u0131r\u0131\u015f\u0131 \u0259lb\u0259tt\u0259 \u0259sass\u0131zd\u0131r \u2013 \u00f6z\u00fc d\u0259 tamamil\u0259 \u0259sass\u0131zd\u0131r. Birincisi, o d\u00f6vl\u0259t ki, guya arbitr rolu oynay\u0131r (\u00f6z\u00fcn\u00fc [&hellip;]<\/p>\n","protected":false},"author":2,"featured_media":0,"comment_status":"open","ping_status":"open","sticky":false,"template":"","format":"standard","meta":{"footnotes":""},"categories":[5],"tags":[],"class_list":["post-43444","post","type-post","status-publish","format-standard","hentry","category-pub"],"_links":{"self":[{"href":"https:\/\/edebiyyat-az.com\/index.php?rest_route=\/wp\/v2\/posts\/43444","targetHints":{"allow":["GET"]}}],"collection":[{"href":"https:\/\/edebiyyat-az.com\/index.php?rest_route=\/wp\/v2\/posts"}],"about":[{"href":"https:\/\/edebiyyat-az.com\/index.php?rest_route=\/wp\/v2\/types\/post"}],"author":[{"embeddable":true,"href":"https:\/\/edebiyyat-az.com\/index.php?rest_route=\/wp\/v2\/users\/2"}],"replies":[{"embeddable":true,"href":"https:\/\/edebiyyat-az.com\/index.php?rest_route=%2Fwp%2Fv2%2Fcomments&post=43444"}],"version-history":[{"count":2,"href":"https:\/\/edebiyyat-az.com\/index.php?rest_route=\/wp\/v2\/posts\/43444\/revisions"}],"predecessor-version":[{"id":43447,"href":"https:\/\/edebiyyat-az.com\/index.php?rest_route=\/wp\/v2\/posts\/43444\/revisions\/43447"}],"wp:attachment":[{"href":"https:\/\/edebiyyat-az.com\/index.php?rest_route=%2Fwp%2Fv2%2Fmedia&parent=43444"}],"wp:term":[{"taxonomy":"category","embeddable":true,"href":"https:\/\/edebiyyat-az.com\/index.php?rest_route=%2Fwp%2Fv2%2Fcategories&post=43444"},{"taxonomy":"post_tag","embeddable":true,"href":"https:\/\/edebiyyat-az.com\/index.php?rest_route=%2Fwp%2Fv2%2Ftags&post=43444"}],"curies":[{"name":"wp","href":"https:\/\/api.w.org\/{rel}","templated":true}]}}