{"id":43456,"date":"2022-12-30T07:00:00","date_gmt":"2022-12-30T03:00:00","guid":{"rendered":"https:\/\/edebiyyat-az.com\/?p=43456"},"modified":"2022-12-30T11:49:53","modified_gmt":"2022-12-30T07:49:53","slug":"ii-qarabag-muharib%c9%99si-qazisi-elvin-intiqamoglunun-ondorduncu-qizilgul-adli-yeni-seirl%c9%99r-kitabi-isiq-uzu-gorub","status":"publish","type":"post","link":"https:\/\/edebiyyat-az.com\/?p=43456","title":{"rendered":"II Qaraba\u011f m\u00fcharib\u0259si Qazisi Elvin \u0130ntiqamo\u011flunun &#8220;Ond\u00f6rd\u00fcnc\u00fc q\u0131z\u0131lg\u00fcl&#8221; adl\u0131 yeni \u015feirl\u0259r kitab\u0131 i\u015f\u0131q \u00fcz\u00fc g\u00f6r\u00fcb"},"content":{"rendered":"\n<figure class=\"wp-block-image size-large\"><a href=\"https:\/\/edebiyyat-az.com\/wp-content\/uploads\/2022\/12\/322034719_557498072949407_6339685618212590604_n.jpg\"><img loading=\"lazy\" decoding=\"async\" width=\"1024\" height=\"837\" src=\"https:\/\/edebiyyat-az.com\/wp-content\/uploads\/2022\/12\/322034719_557498072949407_6339685618212590604_n-1024x837.jpg\" alt=\"\" class=\"wp-image-43467\" srcset=\"https:\/\/edebiyyat-az.com\/wp-content\/uploads\/2022\/12\/322034719_557498072949407_6339685618212590604_n-1024x837.jpg 1024w, https:\/\/edebiyyat-az.com\/wp-content\/uploads\/2022\/12\/322034719_557498072949407_6339685618212590604_n-300x245.jpg 300w, https:\/\/edebiyyat-az.com\/wp-content\/uploads\/2022\/12\/322034719_557498072949407_6339685618212590604_n-768x628.jpg 768w, https:\/\/edebiyyat-az.com\/wp-content\/uploads\/2022\/12\/322034719_557498072949407_6339685618212590604_n-73x60.jpg 73w, https:\/\/edebiyyat-az.com\/wp-content\/uploads\/2022\/12\/322034719_557498072949407_6339685618212590604_n.jpg 1080w\" sizes=\"auto, (max-width: 1024px) 100vw, 1024px\" \/><\/a><\/figure>\n\n\n\n<p>Yeni n\u0259sil Az\u0259rbaycan g\u0259ncliyinin istedadl\u0131 n\u00fcmay\u0259nd\u0259si, Az\u0259rbaycan Yaz\u0131\u00e7\u0131lar Birliyinin \u00fczv\u00fc, \u018fli K\u0259rim ad\u0131na Sumqay\u0131t \u015f\u0259h\u0259r Poeziya Evinin M\u0259d\u0259ni-k\u00fctl\u0259vi t\u0259dbirl\u0259r t\u0259\u015fkilat\u00e7\u0131s\u0131, II Qaraba\u011f m\u00fcharib\u0259si Qazisi Elvin \u0130ntiqamo\u011flunun \u201cOnd\u00f6rd\u00fcnc\u00fc q\u0131z\u0131lg\u00fcl\u201d adl\u0131 yeni \u015feirl\u0259r kitab\u0131 &#8220;Qanun&#8221; N\u0259\u015friyyat\u0131 t\u0259r\u0259find\u0259n 104 s\u0259hif\u0259 h\u0259cmind\u0259 300 tirajla i\u015f\u0131q \u00fcz\u00fc g\u00f6r\u00fcb. Kitab\u0131n redaktoru Az\u0259rbaycan Yaz\u0131\u00e7\u0131lar Birliyi (AYB) G\u0259ncl\u0259r \u015euras\u0131n\u0131n v\u0259 D\u00fcnya G\u0259nc T\u00fcrk Yazarlar Birliyinin \u00fczv\u00fc, Az\u0259rbaycan Respublikas\u0131 Prezidenti T\u0259qa\u00fcd fondunun t\u0259qa\u00fcd\u00e7\u00fcs\u00fc, &#8220;\u0130lin g\u0259nci&#8221; m\u00fckafat\u0131 laureat\u0131 Emin Piridir. \u00d6n s\u00f6z\u00fcn m\u00fc\u0259llifi Xalq \u015fairi, Mill\u0259t v\u0259kili Sabir R\u00fcst\u0259mxanl\u0131d\u0131r.<\/p>\n\n\n\n<p>Kitab m\u00fc\u0259llifin oxucularla ilk g\u00f6r\u00fc\u015f\u00fcd\u00fcr. Kitabda istedadl\u0131 q\u0259l\u0259m sahibinin m\u00fcxt\u0259lif ill\u0259rd\u0259 q\u0259l\u0259minin m\u0259hsulu olan \u0259d\u0259bi-b\u0259dii n\u00fcmunu\u0259l\u0259r, poeziya \u00f6rn\u0259kl\u0259ri yer al\u0131b.<\/p>\n\n\n\n<p>Geni\u015f oxucu auditoriyas\u0131 \u00fc\u00e7\u00fcn n\u0259z\u0259rd\u0259 tutulub. Poeziyasev\u0259rl\u0259r v\u0259 \u0259d\u0259biyyat\u015f\u00fcnaslar t\u0259r\u0259find\u0259n r\u0259\u011fb\u0259tl\u0259 qar\u015f\u0131lanaca\u011f\u0131na \u00fcmid edirik.<\/p>\n\n\n\n<p><strong>Az\u0259rbaycan\u0131n M\u0259d\u0259niyy\u0259t v\u0259 \u018fd\u0259biyyat  Portal\u0131n\u0131n M\u0259tbuat xidm\u0259ti\u00a0v\u0259 \u0130ctimaiyy\u0259tl\u0259 \u0259laq\u0259l\u0259r \u015f\u00f6b\u0259si.<\/strong><\/p>\n","protected":false},"excerpt":{"rendered":"<p>Yeni n\u0259sil Az\u0259rbaycan g\u0259ncliyinin istedadl\u0131 n\u00fcmay\u0259nd\u0259si, Az\u0259rbaycan Yaz\u0131\u00e7\u0131lar Birliyinin \u00fczv\u00fc, \u018fli K\u0259rim ad\u0131na Sumqay\u0131t \u015f\u0259h\u0259r Poeziya Evinin M\u0259d\u0259ni-k\u00fctl\u0259vi t\u0259dbirl\u0259r t\u0259\u015fkilat\u00e7\u0131s\u0131, II Qaraba\u011f m\u00fcharib\u0259si Qazisi Elvin \u0130ntiqamo\u011flunun \u201cOnd\u00f6rd\u00fcnc\u00fc q\u0131z\u0131lg\u00fcl\u201d adl\u0131 yeni \u015feirl\u0259r kitab\u0131 &#8220;Qanun&#8221; N\u0259\u015friyyat\u0131 t\u0259r\u0259find\u0259n 104 s\u0259hif\u0259 h\u0259cmind\u0259 300 tirajla i\u015f\u0131q \u00fcz\u00fc g\u00f6r\u00fcb. Kitab\u0131n redaktoru Az\u0259rbaycan Yaz\u0131\u00e7\u0131lar Birliyi (AYB) G\u0259ncl\u0259r \u015euras\u0131n\u0131n v\u0259 D\u00fcnya G\u0259nc T\u00fcrk [&hellip;]<\/p>\n","protected":false},"author":2,"featured_media":0,"comment_status":"open","ping_status":"open","sticky":false,"template":"","format":"standard","meta":{"footnotes":""},"categories":[35],"tags":[],"class_list":["post-43456","post","type-post","status-publish","format-standard","hentry","category-yeni-nsrlr"],"_links":{"self":[{"href":"https:\/\/edebiyyat-az.com\/index.php?rest_route=\/wp\/v2\/posts\/43456","targetHints":{"allow":["GET"]}}],"collection":[{"href":"https:\/\/edebiyyat-az.com\/index.php?rest_route=\/wp\/v2\/posts"}],"about":[{"href":"https:\/\/edebiyyat-az.com\/index.php?rest_route=\/wp\/v2\/types\/post"}],"author":[{"embeddable":true,"href":"https:\/\/edebiyyat-az.com\/index.php?rest_route=\/wp\/v2\/users\/2"}],"replies":[{"embeddable":true,"href":"https:\/\/edebiyyat-az.com\/index.php?rest_route=%2Fwp%2Fv2%2Fcomments&post=43456"}],"version-history":[{"count":7,"href":"https:\/\/edebiyyat-az.com\/index.php?rest_route=\/wp\/v2\/posts\/43456\/revisions"}],"predecessor-version":[{"id":43477,"href":"https:\/\/edebiyyat-az.com\/index.php?rest_route=\/wp\/v2\/posts\/43456\/revisions\/43477"}],"wp:attachment":[{"href":"https:\/\/edebiyyat-az.com\/index.php?rest_route=%2Fwp%2Fv2%2Fmedia&parent=43456"}],"wp:term":[{"taxonomy":"category","embeddable":true,"href":"https:\/\/edebiyyat-az.com\/index.php?rest_route=%2Fwp%2Fv2%2Fcategories&post=43456"},{"taxonomy":"post_tag","embeddable":true,"href":"https:\/\/edebiyyat-az.com\/index.php?rest_route=%2Fwp%2Fv2%2Ftags&post=43456"}],"curies":[{"name":"wp","href":"https:\/\/api.w.org\/{rel}","templated":true}]}}