{"id":43459,"date":"2022-12-30T08:00:00","date_gmt":"2022-12-30T04:00:00","guid":{"rendered":"http:\/\/edebiyyat-az.com\/?p=43459"},"modified":"2022-12-30T11:54:37","modified_gmt":"2022-12-30T07:54:37","slug":"az%c9%99rbaycanin-m%c9%99d%c9%99niyy%c9%99t-v%c9%99-%c9%99d%c9%99biyyat-portalinin-tovuz-burosunun-r%c9%99hb%c9%99ri-gulnar-s%c9%99ma","status":"publish","type":"post","link":"https:\/\/edebiyyat-az.com\/?p=43459","title":{"rendered":"Az\u0259rbaycan\u0131n M\u0259d\u0259niyy\u0259t v\u0259 \u018fd\u0259biyyat Portal\u0131n\u0131n TOVUZ B\u00fcrosunun R\u0259hb\u0259ri G\u00fclnar S\u018fMA"},"content":{"rendered":"\n<figure class=\"wp-block-image is-resized\"><img loading=\"lazy\" decoding=\"async\" src=\"http:\/\/edebiyyat-az.com\/wp-content\/uploads\/2022\/06\/1655302335_1655205079_279886973_5073433926067748_5101132451276061041_n.jpg\" alt=\"\" width=\"831\" height=\"448\"\/><\/figure>\n\n\n\n<p><strong>G\u00fclnar S\u0259ma<\/strong>,\u00a0<strong>G\u00fclnar Qas\u0131ml\u0131<\/strong>\u00a0(<a href=\"https:\/\/az.m.wikipedia.org\/wiki\/1986\">1986<\/a>,\u00a0<a href=\"https:\/\/az.m.wikipedia.org\/wiki\/Dondar_Qu%C5%9F%C3%A7u\">Dondar Qu\u015f\u00e7u<\/a>,\u00a0<a href=\"https:\/\/az.m.wikipedia.org\/wiki\/Tovuz_rayonu\">Tovuz rayonu<\/a>) \u2014\u00a0<a href=\"https:\/\/az.m.wikipedia.org\/wiki\/Az%C9%99rbaycan_Respublikas%C4%B1_Prezidentinin_f%C9%99rdi_t%C9%99qa%C3%BCd%C3%BC\">Prezident t\u0259qa\u00fcd\u00e7\u00fcs\u00fc<\/a>, Az\u0259rbaycan Milli Elml\u0259r Akademiyas\u0131n\u0131n Nizami G\u0259nc\u0259vi ad\u0131na \u018fd\u0259biyyat \u0130nstitutun \u0130ctimaiyy\u0259tl\u0259 \u0259laq\u0259l\u0259r \u015f\u00f6b\u0259sinin m\u00fcdiri,<sup><a href=\"https:\/\/az.m.wikipedia.org\/wiki\/G%C3%BClnar_S%C9%99ma#cite_note-a-1\">[1]<\/a><\/sup>\u00a0Az\u0259rbaycan Yaz\u0131\u00e7\u0131lar Birliyinin v\u0259 D\u00fcnya G\u0259nc T\u00fcrk Yazarlar Birliyinin \u00fczv\u00fc,\u00a0<a href=\"https:\/\/az.m.wikipedia.org\/wiki\/Kitab\">kitab<\/a>,\u00a0<a href=\"https:\/\/az.m.wikipedia.org\/wiki\/Poema\">poema<\/a>\u00a0v\u0259\u00a0<a href=\"https:\/\/az.m.wikipedia.org\/wiki\/Monoqrafiya\">monoqrafiya<\/a>\u00a0yaz\u0131\u00e7\u0131s\u0131.<sup><a href=\"https:\/\/az.m.wikipedia.org\/wiki\/G%C3%BClnar_S%C9%99ma#cite_note-ens-2\">[2]<\/a><\/sup>&#8220;G\u0259nc \u018fdibl\u0259r M\u0259kt\u0259bi&#8221;nin m\u00fcdavimi, Az\u0259rbaycan Jurnalistl\u0259r Birliyinin Sumqay\u0131t \u015f\u0259h\u0259r t\u0259\u015fkilat\u0131n\u0131n &#8220;G\u00fcnd\u0259lik Analitik \u0130nformasiya Agentliyi&#8221;nin v\u0259 Az\u0259rbaycan\u0131n M\u0259d\u0259niyy\u0259t v\u0259 \u018fd\u0259biyyat Portal\u0131n\u0131n Tovuz b\u00fcrosunun r\u0259hb\u0259ri.<sup><a href=\"https:\/\/az.m.wikipedia.org\/wiki\/G%C3%BClnar_S%C9%99ma#cite_note-nne-3\">[3<\/a><\/sup><\/p>\n\n\n\n<h2 class=\"wp-block-heading\"><br>H\u0259yat\u0131<a href=\"https:\/\/az.m.wikipedia.org\/w\/index.php?title=G%C3%BClnar_S%C9%99ma&amp;action=edit&amp;section=1\">Redakt\u0259<\/a><\/h2>\n\n\n\n<p>Qas\u0131ml\u0131 G\u00fclnar Vaqif q\u0131z\u0131 1986-c\u0131 ild\u0259 Tovuz rayonunun Dondarqu\u015f\u00e7u k\u0259ndind\u0259 anadan olub. Orta m\u0259kt\u0259bi Tovuz rayon Dondarqu\u015f\u00e7u k\u0259nd orta m\u0259kt\u0259bind\u0259 bitirib<sup><a href=\"https:\/\/az.m.wikipedia.org\/wiki\/G%C3%BClnar_S%C9%99ma#cite_note-ens-2\">[2]<\/a><\/sup>.<\/p>\n\n\n\n<h3 class=\"wp-block-heading\">T\u0259hsili<a href=\"https:\/\/az.m.wikipedia.org\/w\/index.php?title=G%C3%BClnar_S%C9%99ma&amp;action=edit&amp;section=2\">Redakt\u0259<\/a><\/h3>\n\n\n\n<p>2004-c\u00fc ild\u0259&nbsp;<a href=\"https:\/\/az.m.wikipedia.org\/wiki\/Bak%C4%B1_D%C3%B6vl%C9%99t_Universiteti\">Bak\u0131 D\u00f6vl\u0259t Universitetinin<\/a>&nbsp;filologiya fakult\u0259sin\u0259 q\u0259bul olmu\u015f, 2007-ci ild\u0259 ali m\u0259kt\u0259bl\u0259raras\u0131 ke\u00e7iril\u0259n XII f\u0259nn olimpiadas\u0131nda Az\u0259rbaycan dili f\u0259nni \u00fczr\u0259 II yer\u0259 layiq g\u00f6r\u00fclm\u00fc\u015fd\u00fcr<sup><a href=\"https:\/\/az.m.wikipedia.org\/wiki\/G%C3%BClnar_S%C9%99ma#cite_note-ens-2\">[2]<\/a><\/sup>. 2010-cu ild\u0259 Az\u0259rbaycan M\u00fc\u0259lliml\u0259r \u0130nstitutunun Az\u0259rbaycan \u0259d\u0259biyyat\u0131 b\u00f6lm\u0259sin\u0259 magistraturaya daxil olmu\u015fdur. 2014-c\u00fc ild\u0259 Az\u0259rbaycan&nbsp;<a href=\"https:\/\/az.m.wikipedia.org\/w\/index.php?title=AMEA_Nizami_G%C9%99nc%C9%99vi_ad%C4%B1na_%C6%8Fd%C9%99biyyat_%C4%B0nstitutu&amp;action=edit&amp;redlink=1\">Milli Elml\u0259r Akademiyas\u0131n\u0131n Nizami G\u0259nc\u0259vi ad\u0131na \u018fd\u0259biyyat \u0130nstitutunun<\/a>&nbsp;\u018fd\u0259bi T\u0259nqid \u015f\u00f6b\u0259sin\u0259 Az\u0259rbaycan \u0259d\u0259biyyat\u0131 ixtisas\u0131 \u00fczr\u0259 doktoranturaya q\u0259bul olmu\u015fdur.<\/p>\n\n\n\n<h2 class=\"wp-block-heading\">F\u0259aliyy\u0259ti<a href=\"https:\/\/az.m.wikipedia.org\/w\/index.php?title=G%C3%BClnar_S%C9%99ma&amp;action=edit&amp;section=3\">Redakt\u0259<\/a><\/h2>\n\n\n\n<p>2009\u20132014-c\u00fc ill\u0259rd\u0259 Tovuz rayonu&nbsp;<a href=\"https:\/\/az.m.wikipedia.org\/wiki\/Muncuqlu_(Tovuz)\">Muncuqlu<\/a>&nbsp;k\u0259nd \u00fcmumi-orta m\u0259kt\u0259bind\u0259, 2014\u20132015-ci t\u0259dris ill\u0259rind\u0259 &#8220;H\u0259d\u0259f&#8221; haz\u0131rl\u0131q kurslar\u0131nda m\u00fc\u0259llim i\u015fl\u0259yib. 2017-ci ild\u0259n AMEA Nizami G\u0259nc\u0259vi ad\u0131na \u018fd\u0259biyyat \u0130nstitutunun M\u0259tbuat tarixi v\u0259 publisistika \u015f\u00f6b\u0259sinin elmi i\u015f\u00e7isidir. 2009 v\u0259 2014-c\u00fc il b\u0259l\u0259diyy\u0259 se\u00e7kil\u0259rind\u0259 Tovuz rayonu Dondarqu\u015f\u00e7u k\u0259nd b\u0259l\u0259diyy\u0259sinin \u00fczv\u00fc se\u00e7ilmi\u015fdir. 2014-c\u00fc ild\u0259n&nbsp;<a href=\"https:\/\/az.m.wikipedia.org\/wiki\/Az%C9%99rbaycan_Yaz%C4%B1%C3%A7%C4%B1lar_Birliyi\">Az\u0259rbaycan Yaz\u0131\u00e7\u0131lar Birliyinin<\/a>&nbsp;v\u0259&nbsp;<a href=\"https:\/\/az.m.wikipedia.org\/wiki\/D%C3%BCnya_G%C9%99nc_T%C3%BCrk_Yazarlar_Birliyi\">D\u00fcnya G\u0259nc T\u00fcrk Yazarlar Birliyinin<\/a>&nbsp;\u00fczv\u00fcd\u00fcr.<\/p>\n\n\n\n<p>2015-ci ild\u0259&nbsp;<a href=\"https:\/\/az.m.wikipedia.org\/w\/index.php?title=%22Kaspi%22_q%C9%99zeti&amp;action=edit&amp;redlink=1\">&#8220;Kaspi&#8221; q\u0259zetinin<\/a>&nbsp;ke\u00e7irdiyi H\u00fcseyn Cavidl\u0259 ba\u011fl\u0131 m\u00fcsabiq\u0259nin \u00fc\u00e7\u00fcnc\u00fcs\u00fc olmu\u015fdur. Bir s\u0131ra beyn\u0259lxalq konfrans v\u0259 simpoziumlarda, televiziya v\u0259 radio verili\u015fl\u0259rind\u0259 \u00e7\u0131x\u0131\u015f etmi\u015fdir. B\u0259dii, publisistik v\u0259 elmi yaz\u0131lar\u0131 m\u0259tbuatda m\u00fcnt\u0259z\u0259m olaraq \u00e7ap olunur.&nbsp;<a href=\"https:\/\/az.m.wikipedia.org\/wiki\/T%C3%BCrkiy%C9%99\">T\u00fcrkiy\u0259nin<\/a>&nbsp;<a href=\"https:\/\/az.m.wikipedia.org\/wiki\/Q%C9%99hr%C9%99manmara%C5%9F\">Q\u0259hr\u0259manmara\u015f<\/a>&nbsp;(2015) v\u0259&nbsp;<a href=\"https:\/\/az.m.wikipedia.org\/wiki\/Trabzon\">Trabzon<\/a>&nbsp;(2016) \u015f\u0259h\u0259rl\u0259rind\u0259 t\u0259\u015fkil olunmu\u015f \u0259d\u0259biyyat festivallar\u0131nda v\u0259 UTEF-2-d\u0259 (2017) i\u015ftirak etmi\u015fdir.<\/p>\n\n\n\n<p>3 iyul 2019-cu il tarixind\u0259 Az\u0259rbaycan Milli Elml\u0259r Akademiyas\u0131n\u0131n Nizami G\u0259nc\u0259vi ad\u0131na \u018fd\u0259biyyat \u0130nstitutun \u0130ctimaiyy\u0259tl\u0259 \u0259laq\u0259l\u0259r \u015f\u00f6b\u0259sinin m\u00fcdiri v\u0259zif\u0259sin\u0259 t\u0259yin olunub<sup><a href=\"https:\/\/az.m.wikipedia.org\/wiki\/G%C3%BClnar_S%C9%99ma#cite_note-a-1\">[1]<\/a><\/sup>.<\/p>\n\n\n\n<h2 class=\"wp-block-heading\">M\u00fckafatlar\u0131<a href=\"https:\/\/az.m.wikipedia.org\/w\/index.php?title=G%C3%BClnar_S%C9%99ma&amp;action=edit&amp;section=4\">Redakt\u0259<\/a><\/h2>\n\n\n\n<ul class=\"wp-block-list\"><li>2015-ci ild\u0259 2 fevral&nbsp;<a href=\"https:\/\/az.m.wikipedia.org\/wiki\/G%C9%99ncl%C9%99r_g%C3%BCn%C3%BC\">G\u0259ncl\u0259r g\u00fcn\u00fc<\/a>&nbsp;m\u00fcnasib\u0259til\u0259 Az\u0259rbaycan Respublikas\u0131 G\u0259ncl\u0259r v\u0259 \u0130dman Nazirliyinin&nbsp;<em>&#8220;G\u0259ncl\u0259r m\u00fckafat\u0131&#8221;<\/em>na layiq g\u00f6r\u00fclm\u00fc\u015fd\u00fcr.<\/li><li>G\u0259nc yazar kimi 2015-ci ild\u0259 Prezident t\u0259qa\u00fcd\u00e7\u00fcs\u00fc olmu\u015fdur.<\/li><li>2019-cu ild\u0259 Beyn\u0259lxalq Mahmud Ka\u015f\u011fari M\u00fckafat\u0131 il\u0259 t\u0259ltif edilmi\u015fdir.<\/li><\/ul>\n\n\n\n<h2 class=\"wp-block-heading\">Kitablar\u0131<a href=\"https:\/\/az.m.wikipedia.org\/w\/index.php?title=G%C3%BClnar_S%C9%99ma&amp;action=edit&amp;section=5\">Redakt\u0259<\/a><\/h2>\n\n\n\n<ul class=\"wp-block-list\"><li>&#8220;M\u0259n sehrli s\u0259mayam&#8221; (2001)<\/li><li>&#8220;\u0130\u00e7imd\u0259ki s\u00f6hb\u0259tl\u0259r&#8221; (2011)<\/li><li>&#8220;G\u00fcl&#8221; (2016) \u015feir kitablar\u0131<\/li><\/ul>\n\n\n\n<h3 class=\"wp-block-heading\">T\u0259rc\u00fcm\u0259<a href=\"https:\/\/az.m.wikipedia.org\/w\/index.php?title=G%C3%BClnar_S%C9%99ma&amp;action=edit&amp;section=6\">Redakt\u0259<\/a><\/h3>\n\n\n\n<p>Mehmet Nuri Parmaks\u0131z\u0131n &#8220;H\u0259sr\u0259t, e\u015fq v\u0259 s\u00fck\u00fct&#8221; (2015) t\u0259rc\u00fcm\u0259 kitab\u0131n\u0131n m\u00fc\u0259llifidir.<\/p>\n\n\n\n<h3 class=\"wp-block-heading\">Monoqrafiya<a href=\"https:\/\/az.m.wikipedia.org\/w\/index.php?title=G%C3%BClnar_S%C9%99ma&amp;action=edit&amp;section=7\">Redakt\u0259<\/a><\/h3>\n\n\n\n<p>2018-ci ild\u0259 Latviyada rus dilind\u0259&nbsp;<em>&#8220;M\u00fcst\u0259qillik d\u00f6vr\u00fc Az\u0259rbaycan \u0259d\u0259biyyat\u0131nda poema janr\u0131&#8221;<\/em>&nbsp;adl\u0131 monoqrafiyas\u0131 \u00e7ap olunub.<\/p>\n\n\n\n<h3 class=\"wp-block-heading\">&#8220;S\u00f6z\u00fcm\u00fcz s\u00f6zd\u00fcr&#8221; kitab\u0131<a href=\"https:\/\/az.m.wikipedia.org\/w\/index.php?title=G%C3%BClnar_S%C9%99ma&amp;action=edit&amp;section=8\">Redakt\u0259<\/a><\/h3>\n\n\n\n<p>2019-cu ild\u0259 publisistik m\u0259qal\u0259l\u0259rd\u0259n ibar\u0259t &#8220;S\u00f6z\u00fcm\u00fcz s\u00f6zd\u00fcr&#8221; kitab\u0131 n\u0259\u015fr edilib<sup><a href=\"https:\/\/az.m.wikipedia.org\/wiki\/G%C3%BClnar_S%C9%99ma#cite_note-nur-4\">[4]<\/a><\/sup>. &#8220;S\u00f6z\u00fcm\u00fcz s\u00f6zd\u00fcr&#8221; kitab\u0131nda&nbsp;<a href=\"https:\/\/az.m.wikipedia.org\/wiki\/El%C3%A7in_%C6%8Ff%C9%99ndiyev\">El\u00e7in \u018ff\u0259ndiyev<\/a>,&nbsp;<a href=\"https:\/\/az.m.wikipedia.org\/wiki\/Vilay%C9%99t_Quliyev\">Vilay\u0259t Quliyev<\/a>,&nbsp;<a href=\"https:\/\/az.m.wikipedia.org\/wiki\/Aqil_Abbas\">Aqil Abbas<\/a>,&nbsp;<a href=\"https:\/\/az.m.wikipedia.org\/wiki\/R%C9%99%C5%9Fad_M%C9%99cid\">R\u0259\u015fad M\u0259cid<\/a>,&nbsp;<a href=\"https:\/\/az.m.wikipedia.org\/wiki\/Akif_S%C9%99m%C9%99d\">Akif S\u0259m\u0259d<\/a>,&nbsp;<a href=\"https:\/\/az.m.wikipedia.org\/wiki\/El%C5%9F%C9%99n_%C6%8Fzim\">El\u015f\u0259n \u018fzim<\/a>&nbsp;v\u0259 dig\u0259r m\u00fc\u0259llifl\u0259rin kitablar\u0131 bar\u0259d\u0259 yaz\u0131larla yana\u015f\u0131,&nbsp;<a href=\"https:\/\/az.m.wikipedia.org\/wiki\/Mikay%C4%B1l_M%C3%BC%C5%9Ffiq\">Mikay\u0131l M\u00fc\u015ffiq<\/a>,&nbsp;<a href=\"https:\/\/az.m.wikipedia.org\/wiki\/N%C9%99riman_H%C9%99s%C9%99nzad%C9%99\">N\u0259riman H\u0259s\u0259nzad\u0259<\/a>,&nbsp;<a href=\"https:\/\/az.m.wikipedia.org\/wiki\/Fikr%C9%99t_Qoca\">Fikr\u0259t Qoca<\/a>,&nbsp;<a href=\"https:\/\/az.m.wikipedia.org\/wiki\/Z%C9%99limxan_Yaqub\">Z\u0259limxan Yaqub<\/a>,&nbsp;<a href=\"https:\/\/az.m.wikipedia.org\/wiki\/M%C9%99mm%C9%99d_Aslan\">M\u0259mm\u0259d Aslan<\/a>&nbsp;kimi \u015fairl\u0259rin poemalar\u0131 haqq\u0131nda m\u0259qal\u0259l\u0259r toplan\u0131b. Kitab\u0131n \u00fcz qab\u0131\u011f\u0131n\u0131n foto\u015f\u0259klinin m\u00fc\u0259llifi Az\u0259rbaycan Yaz\u0131\u00e7\u0131lar Birliyinin \u00fczv\u00fc, Prezident t\u0259qa\u00fcd\u00e7\u00fcs\u00fc&nbsp;<a href=\"https:\/\/az.m.wikipedia.org\/w\/index.php?title=Nof%C9%99l_%C3%9Cmid&amp;action=edit&amp;redlink=1\">Nof\u0259l \u00dcmiddir<\/a>.<sup><a href=\"https:\/\/az.m.wikipedia.org\/wiki\/G%C3%BClnar_S%C9%99ma#cite_note-nne-3\">[3]<\/a><\/sup>.<\/p>\n\n\n\n<h2 class=\"wp-block-heading\">\u0130stinadlar<a href=\"https:\/\/az.m.wikipedia.org\/w\/index.php?title=G%C3%BClnar_S%C9%99ma&amp;action=edit&amp;section=9\">Redakt\u0259<\/a><\/h2>\n\n\n\n<ol class=\"wp-block-list\"><li>\u2191&nbsp;<a href=\"https:\/\/az.m.wikipedia.org\/wiki\/G%C3%BClnar_S%C9%99ma#cite_ref-a_1-0\"><sup><em>1<\/em><\/sup><\/a>&nbsp;<a href=\"https:\/\/az.m.wikipedia.org\/wiki\/G%C3%BClnar_S%C9%99ma#cite_ref-a_1-1\"><sup><em>2<\/em><\/sup><\/a>&nbsp;<a href=\"http:\/\/moderator.az\/news\/277393.html\">&#8220;G\u00fclnar S\u0259ma \u015f\u00f6b\u0259 m\u00fcdiri t\u0259yin edilib&#8221;<\/a>.&nbsp;<small>2019-07-06 tarixind\u0259&nbsp;<a href=\"https:\/\/web.archive.org\/web\/20190706114949\/http:\/\/www.moderator.az\/news\/277393.html\">arxivl\u0259\u015fdirilib<\/a><\/small>.&nbsp;<small>\u0130stifad\u0259 tarixi:&nbsp;2019-07-06<\/small>.<\/li><li>\u2191&nbsp;<a href=\"https:\/\/az.m.wikipedia.org\/wiki\/G%C3%BClnar_S%C9%99ma#cite_ref-ens_2-0\"><sup><em>1<\/em><\/sup><\/a>&nbsp;<a href=\"https:\/\/az.m.wikipedia.org\/wiki\/G%C3%BClnar_S%C9%99ma#cite_ref-ens_2-1\"><sup><em>2<\/em><\/sup><\/a>&nbsp;<a href=\"https:\/\/az.m.wikipedia.org\/wiki\/G%C3%BClnar_S%C9%99ma#cite_ref-ens_2-2\"><sup><em>3<\/em><\/sup><\/a>&nbsp;<a href=\"http:\/\/edebiyyat-az.com\/?p=18319&amp;fbclid=IwAR2qpr3FfOYooVyaJdHa1uslCmWO9NTAV16QinStY4TTCY2hFpBDpqB8geI\">G\u00fclnar Qas\u0131ml\u0131<\/a><\/li><li>\u2191&nbsp;<a href=\"https:\/\/az.m.wikipedia.org\/wiki\/G%C3%BClnar_S%C9%99ma#cite_ref-nne_3-0\"><sup><em>1<\/em><\/sup><\/a>&nbsp;<a href=\"https:\/\/az.m.wikipedia.org\/wiki\/G%C3%BClnar_S%C9%99ma#cite_ref-nne_3-1\"><sup><em>2<\/em><\/sup><\/a>&nbsp;<a href=\"http:\/\/www.sherg.az\/site\/id-62264\/details?fbclid=IwAR0xmyB8UXDyh27FQdaRRU8T3Uuah4ZM9EMQYO-vY8veUEHF1-vUp2fWS-U#.XLQkADAzbIX\">&#8220;S\u00d6Z\u00dcM\u00dcZ S\u00d6ZD\u00dcR&#8221; \u2014 G\u00dcLNAR S\u018fMA<\/a>&nbsp;<sup>[<em><a href=\"https:\/\/en.wikipedia.org\/wiki\/W:Wikipedia:Link_rot\">\u00f6l\u00fc ke\u00e7id<\/a><\/em>]<\/sup><\/li><li><a href=\"https:\/\/az.m.wikipedia.org\/wiki\/G%C3%BClnar_S%C9%99ma#cite_ref-nur_4-0\">\u2191<\/a>&nbsp;<a href=\"https:\/\/azertag.az\/xeber\/Adebiyyat_Institutunun_emekdasinin_publisistik_meqaleler_toplusu_chapdan_chixib-1239715?fbclid=IwAR231L5gmIu2qLmnWURHJVZFGg0BqpGdLqI9VepK7iC7_TAcDq-FIApaPp0#.XLNXQX1rtka.facebook\">\u018fd\u0259biyyat \u0130nstitutunun \u0259m\u0259kda\u015f\u0131n\u0131n publisistik m\u0259qal\u0259l\u0259r toplusu \u00e7apdan \u00e7\u0131x\u0131b<\/a><\/li><\/ol>\n\n\n\n<h2 class=\"wp-block-heading\">Xarici ke\u00e7idl\u0259r<a href=\"https:\/\/az.m.wikipedia.org\/w\/index.php?title=G%C3%BClnar_S%C9%99ma&amp;action=edit&amp;section=10\">Redakt\u0259<\/a><\/h2>\n\n\n\n<ul class=\"wp-block-list\"><li><a href=\"http:\/\/525.az\/site\/index.php?name=xeber&amp;news_id=50896&amp;fbclid=IwAR3s6KXSsUbq6-xhf0X2KJNhyPA6kGYQC3VKj2GqCGb8gi2rD6EVMzSDXL0#gsc.tab=0\">\u00d6z\u00fc d\u0259, s\u00f6z\u00fc d\u0259 d\u0259y\u0259rli \u015fairimiz<\/a><\/li><li><a href=\"http:\/\/525.az\/site\/index.php?name=xeber&amp;news_id=118198&amp;fbclid=IwAR2OWZy4vHbT_0zHz1Zay3hcPAhXWn-vZZCVAK8zML1KKq4jr_lREPe1SFM#gsc.tab=0\">G\u00fclnar S\u0259man\u0131n &#8220;S\u00f6z\u00fcm\u00fcz s\u00f6zd\u00fcr&#8221; kitab\u0131nda s\u00f6z r\u0259ngi<\/a><\/li><li><a href=\"http:\/\/525.az\/site\/index.php?name=xeber&amp;duzelis=0&amp;news_id=58195&amp;fbclid=IwAR3Traq885nY7VYj2pxKVhAxUKcjLsVfQxujefdz1BWpIcXfPeL2-3fEzvU#gsc.tab=0\">\u018fd\u0259bi g\u0259ncliyimizin 2015-ci ild\u0259ki f\u0259aliyy\u0259tin\u0259 bir bax\u0131\u015f<\/a><\/li><\/ul>\n","protected":false},"excerpt":{"rendered":"<p>G\u00fclnar S\u0259ma,\u00a0G\u00fclnar Qas\u0131ml\u0131\u00a0(1986,\u00a0Dondar Qu\u015f\u00e7u,\u00a0Tovuz rayonu) \u2014\u00a0Prezident t\u0259qa\u00fcd\u00e7\u00fcs\u00fc, Az\u0259rbaycan Milli Elml\u0259r Akademiyas\u0131n\u0131n Nizami G\u0259nc\u0259vi ad\u0131na \u018fd\u0259biyyat \u0130nstitutun \u0130ctimaiyy\u0259tl\u0259 \u0259laq\u0259l\u0259r \u015f\u00f6b\u0259sinin m\u00fcdiri,[1]\u00a0Az\u0259rbaycan Yaz\u0131\u00e7\u0131lar Birliyinin v\u0259 D\u00fcnya G\u0259nc T\u00fcrk Yazarlar Birliyinin \u00fczv\u00fc,\u00a0kitab,\u00a0poema\u00a0v\u0259\u00a0monoqrafiya\u00a0yaz\u0131\u00e7\u0131s\u0131.[2]&#8220;G\u0259nc \u018fdibl\u0259r M\u0259kt\u0259bi&#8221;nin m\u00fcdavimi, Az\u0259rbaycan Jurnalistl\u0259r Birliyinin Sumqay\u0131t \u015f\u0259h\u0259r t\u0259\u015fkilat\u0131n\u0131n &#8220;G\u00fcnd\u0259lik Analitik \u0130nformasiya Agentliyi&#8221;nin v\u0259 Az\u0259rbaycan\u0131n M\u0259d\u0259niyy\u0259t v\u0259 \u018fd\u0259biyyat Portal\u0131n\u0131n Tovuz b\u00fcrosunun r\u0259hb\u0259ri.[3 H\u0259yat\u0131Redakt\u0259 Qas\u0131ml\u0131 G\u00fclnar Vaqif [&hellip;]<\/p>\n","protected":false},"author":2,"featured_media":0,"comment_status":"open","ping_status":"open","sticky":false,"template":"","format":"standard","meta":{"footnotes":""},"categories":[4],"tags":[],"class_list":["post-43459","post","type-post","status-publish","format-standard","hentry","category-edeb"],"_links":{"self":[{"href":"https:\/\/edebiyyat-az.com\/index.php?rest_route=\/wp\/v2\/posts\/43459","targetHints":{"allow":["GET"]}}],"collection":[{"href":"https:\/\/edebiyyat-az.com\/index.php?rest_route=\/wp\/v2\/posts"}],"about":[{"href":"https:\/\/edebiyyat-az.com\/index.php?rest_route=\/wp\/v2\/types\/post"}],"author":[{"embeddable":true,"href":"https:\/\/edebiyyat-az.com\/index.php?rest_route=\/wp\/v2\/users\/2"}],"replies":[{"embeddable":true,"href":"https:\/\/edebiyyat-az.com\/index.php?rest_route=%2Fwp%2Fv2%2Fcomments&post=43459"}],"version-history":[{"count":1,"href":"https:\/\/edebiyyat-az.com\/index.php?rest_route=\/wp\/v2\/posts\/43459\/revisions"}],"predecessor-version":[{"id":43479,"href":"https:\/\/edebiyyat-az.com\/index.php?rest_route=\/wp\/v2\/posts\/43459\/revisions\/43479"}],"wp:attachment":[{"href":"https:\/\/edebiyyat-az.com\/index.php?rest_route=%2Fwp%2Fv2%2Fmedia&parent=43459"}],"wp:term":[{"taxonomy":"category","embeddable":true,"href":"https:\/\/edebiyyat-az.com\/index.php?rest_route=%2Fwp%2Fv2%2Fcategories&post=43459"},{"taxonomy":"post_tag","embeddable":true,"href":"https:\/\/edebiyyat-az.com\/index.php?rest_route=%2Fwp%2Fv2%2Ftags&post=43459"}],"curies":[{"name":"wp","href":"https:\/\/api.w.org\/{rel}","templated":true}]}}