{"id":43460,"date":"2022-12-30T08:30:00","date_gmt":"2022-12-30T04:30:00","guid":{"rendered":"http:\/\/edebiyyat-az.com\/?p=43460"},"modified":"2022-12-30T12:25:51","modified_gmt":"2022-12-30T08:25:51","slug":"az%c9%99rbaycanin-m%c9%99d%c9%99niyy%c9%99t-v%c9%99-%c9%99d%c9%99biyyat-portalinin-mugan-burosunun-r%c9%99hb%c9%99ri-namiq-haciheyd%c9%99rli","status":"publish","type":"post","link":"https:\/\/edebiyyat-az.com\/?p=43460","title":{"rendered":"Az\u0259rbaycan\u0131n M\u0259d\u0259niyy\u0259t v\u0259 \u018fd\u0259biyyat Portal\u0131n\u0131n\u00a0MU\u011eAN B\u00fcrosunun R\u0259hb\u0259ri Namiq HACIHEYD\u018fRL\u0130"},"content":{"rendered":"\n<figure class=\"wp-block-image is-resized\"><img loading=\"lazy\" decoding=\"async\" src=\"https:\/\/edebiyyat-az.com\/wp-content\/uploads\/2021\/09\/171290457_2821495691435615_4607237874836848479_n.jpg\" alt=\"This image has an empty alt attribute; its file name is 171290457_2821495691435615_4607237874836848479_n.jpg\" width=\"832\" height=\"754\"\/><\/figure>\n\n\n\n<p>Namiq Hac\u0131heyd\u0259rli (Namiq \u018fl\u0259kb\u0259r o\u011flu Heyd\u0259rov) 1975-ci il sentyabr\u0131n 8-d\u0259 Salyan rayonunun Varl\u0131 k\u0259ndind\u0259 do\u011fulub.<br>1990-c\u0131 ild\u0259 Varl\u0131 k\u0259nd \u0259sas, 1992-ci ild\u0259 Salyan rayonu Yol\u00fcst\u00fc k\u0259nd orta m\u0259kt\u0259bini bitirmi\u015f v\u0259 el\u0259 h\u0259min ild\u0259 ilk test \u00fcsulu il\u0259 N.Tusi ad\u0131na Az\u0259rbaycan D\u00f6vl\u0259t Pedaqoji Universitetinin Filologiya fakult\u0259sin\u0259 daxil olub. Ali m\u0259kt\u0259bi 1997-ci ild\u0259 bitirib.<br>1994-c\u00fc ild\u0259n \u0259d\u0259bi-publisistik yarad\u0131c\u0131l\u0131qla m\u0259\u015f\u011ful olur. 1999-cu ilin \u0259vv\u0259lind\u0259 D\u00fcnya G\u0259nc T\u00fcrk Yazarlar Birliyinin \u00fczv\u00fc, 2000-ci ild\u0259 M\u0259clis \u00fczv\u00fc, 2004-c\u00fc ild\u0259 M\u0259rk\u0259zi T\u0259fti\u015f komissiyas\u0131n\u0131n \u00fczv\u00fc, 2009-cu ild\u0259 Kr\u0131m\u0131n Yalta \u015f\u0259h\u0259rind\u0259 ke\u00e7iril\u0259n qurultay\u0131nda bu qurumun M\u0259rk\u0259zi T\u0259fti\u015f Komissiyas\u0131n\u0131n s\u0259dri se\u00e7ilmi\u015fdir.<br>2002-ci ild\u0259 Az\u0259rbaycan Yaz\u0131\u00e7\u0131lar Birliyinin \u00fczv\u00fc, 2008-ci ild\u0259 is\u0259 AYB-nin Mu\u011fan B\u00f6lm\u0259sinin Salyanda ke\u00e7iril\u0259n t\u0259sis konfrans\u0131nda xalq yaz\u0131\u00e7\u0131s\u0131 Anar\u0131n t\u0259klifi il\u0259 AYB Mu\u011fan B\u00f6lm\u0259sinin s\u0259dri se\u00e7ilir.<br>2009-cu ilin \u0259d\u0259bi yekunlar\u0131na g\u00f6r\u0259 r\u0259hb\u0259rlik etdiyi AYB Mu\u011fan B\u00f6lm\u0259si \u201c\u0130lin \u0259n f\u0259al AYB B\u00f6lm\u0259si\u201d nominasiyas\u0131n\u0131n qalibi elan edilib.<br>10 kitab\u0131n 200-d\u0259n art\u0131q elmi, \u0259d\u0259bi v\u0259 publisistik m\u0259qal\u0259nin m\u00fc\u0259llifidir.<\/p>\n\n\n\n<p><br>M\u00dcKAFATLARI;<br>2008-ci ild\u0259 Prezident M\u00fckafat\u0131na layiq g\u00f6r\u00fcl\u00fcb.<br>2009-cu ild\u0259 \u201cVEKTOR\u201d BEM t\u0259r\u0259find\u0259n T\u00fcrk \u0259d\u0259biyyat\u0131n\u0131n inki\u015faf\u0131ndak\u0131 xidm\u0259tl\u0259rin\u0259 g\u00f6r\u0259 \u201c\u015eahmar \u018fkb\u0259rzad\u0259 ad\u0131na Beyn\u0259lxalq \u018fd\u0259biyyat M\u00fckafat\u0131\u201dna,<br>2013-c\u00fc ild\u0259 \u201cT\u00dcRK D\u00dcNYASINA X\u0130DM\u018fT \u00d6D\u00dcL\u00dc\u201dn\u0259,<br>2015-ci ild\u0259 T\u00fcrkiy\u0259 S\u0259n\u0259t Platformu t\u0259r\u0259find\u0259n \u201c2015 T\u00dcRK D\u00dcNYASI H\u0130ZMET \u015eEREF \u00d6D\u00dcL\u00dc\u201dn\u0259 layiq g\u00f6r\u00fcl\u00fcb.<br>Yarad\u0131c\u0131l\u0131\u011f\u0131, T\u00fcrkiy\u0259d\u0259, K\u0131br\u0131sda, \u00d6zb\u0259kistanda, Qazaxstanda, \u0130randa, Rusiyada, Ukraynada v\u0259 dig\u0259r \u00f6lk\u0259l\u0259rd\u0259 \u00e7ap olunub.<br>Haz\u0131rda Bak\u0131 \u015f\u0259h\u0259ri Qara\u00e7uxur q\u0259s\u0259b\u0259sind\u0259 ya\u015fay\u0131r.<br>Telefon: (050) 340 58 77<\/p>\n\n\n\n<pre class=\"wp-block-code\"><code>                        ______________ Namiq Hac\u0131heyd\u0259rli (N.\u018f.Heyd\u0259rov)<\/code><\/pre>\n","protected":false},"excerpt":{"rendered":"<p>Namiq Hac\u0131heyd\u0259rli (Namiq \u018fl\u0259kb\u0259r o\u011flu Heyd\u0259rov) 1975-ci il sentyabr\u0131n 8-d\u0259 Salyan rayonunun Varl\u0131 k\u0259ndind\u0259 do\u011fulub.1990-c\u0131 ild\u0259 Varl\u0131 k\u0259nd \u0259sas, 1992-ci ild\u0259 Salyan rayonu Yol\u00fcst\u00fc k\u0259nd orta m\u0259kt\u0259bini bitirmi\u015f v\u0259 el\u0259 h\u0259min ild\u0259 ilk test \u00fcsulu il\u0259 N.Tusi ad\u0131na Az\u0259rbaycan D\u00f6vl\u0259t Pedaqoji Universitetinin Filologiya fakult\u0259sin\u0259 daxil olub. Ali m\u0259kt\u0259bi 1997-ci ild\u0259 bitirib.1994-c\u00fc ild\u0259n \u0259d\u0259bi-publisistik yarad\u0131c\u0131l\u0131qla m\u0259\u015f\u011ful [&hellip;]<\/p>\n","protected":false},"author":2,"featured_media":0,"comment_status":"open","ping_status":"open","sticky":false,"template":"","format":"standard","meta":{"footnotes":""},"categories":[4],"tags":[],"class_list":["post-43460","post","type-post","status-publish","format-standard","hentry","category-edeb"],"_links":{"self":[{"href":"https:\/\/edebiyyat-az.com\/index.php?rest_route=\/wp\/v2\/posts\/43460","targetHints":{"allow":["GET"]}}],"collection":[{"href":"https:\/\/edebiyyat-az.com\/index.php?rest_route=\/wp\/v2\/posts"}],"about":[{"href":"https:\/\/edebiyyat-az.com\/index.php?rest_route=\/wp\/v2\/types\/post"}],"author":[{"embeddable":true,"href":"https:\/\/edebiyyat-az.com\/index.php?rest_route=\/wp\/v2\/users\/2"}],"replies":[{"embeddable":true,"href":"https:\/\/edebiyyat-az.com\/index.php?rest_route=%2Fwp%2Fv2%2Fcomments&post=43460"}],"version-history":[{"count":2,"href":"https:\/\/edebiyyat-az.com\/index.php?rest_route=\/wp\/v2\/posts\/43460\/revisions"}],"predecessor-version":[{"id":43503,"href":"https:\/\/edebiyyat-az.com\/index.php?rest_route=\/wp\/v2\/posts\/43460\/revisions\/43503"}],"wp:attachment":[{"href":"https:\/\/edebiyyat-az.com\/index.php?rest_route=%2Fwp%2Fv2%2Fmedia&parent=43460"}],"wp:term":[{"taxonomy":"category","embeddable":true,"href":"https:\/\/edebiyyat-az.com\/index.php?rest_route=%2Fwp%2Fv2%2Fcategories&post=43460"},{"taxonomy":"post_tag","embeddable":true,"href":"https:\/\/edebiyyat-az.com\/index.php?rest_route=%2Fwp%2Fv2%2Ftags&post=43460"}],"curies":[{"name":"wp","href":"https:\/\/api.w.org\/{rel}","templated":true}]}}