{"id":43462,"date":"2022-12-30T09:30:00","date_gmt":"2022-12-30T05:30:00","guid":{"rendered":"http:\/\/edebiyyat-az.com\/?p=43462"},"modified":"2022-12-30T12:13:52","modified_gmt":"2022-12-30T08:13:52","slug":"az%c9%99rbaycanin-m%c9%99d%c9%99niyy%c9%99t-v%c9%99-%c9%99d%c9%99biyyat-portalinin-qubadli-burosunun-r%c9%99hb%c9%99ri-qafqaz-%c9%99v%c9%99zoglu","status":"publish","type":"post","link":"https:\/\/edebiyyat-az.com\/?p=43462","title":{"rendered":"Az\u0259rbaycan\u0131n M\u0259d\u0259niyy\u0259t v\u0259 \u018fd\u0259biyyat Portal\u0131n\u0131n\u00a0QUBADLI  B\u00fcrosunun R\u0259hb\u0259ri Qafqaz \u018fV\u018fZO\u011eLU"},"content":{"rendered":"\n<figure class=\"wp-block-image is-resized\"><img loading=\"lazy\" decoding=\"async\" src=\"http:\/\/edebiyyat-az.com\/wp-content\/uploads\/2013\/08\/Qafqaz-%C6%8Fv%C9%99zo%C4%9Flu5-300x250.jpeg\" alt=\"Qafqaz \u018fv\u0259zo\u011flu\" width=\"833\" height=\"694\"\/><\/figure>\n\n\n\n<p>Qafqaz \u018fV\u018fZO\u011eLU (D\u0259mirov Qafqaz \u018fv\u0259z o\u011flu) 1954-c\u00fc il aprel ay\u0131n\u0131n 1-d\u0259 Qubadl\u0131 rayonunda anadan olub. <b>Az\u0259rbaycan Yaz\u0131\u00e7\u0131lar v\u0259 Jurnalistl\u0259r Birlikl\u0259rinin \u00fczv\u00fcd\u00fcr.  S\u00fcleyman R\u0259himov ad\u0131na Qubadl\u0131 rayon \u0259d\u0259bi ictimai birliyinin s\u0259dridir.<\/b> AJB \u015e\u0259rqi Z\u0259ng\u0259zur Jurnalistl\u0259r T\u0259\u015fkilat\u0131n\u0131n s\u0259dridir.\u00a0\u201dS\u00f6z\u00fcn Sehri\u201d q\u0259zetinin t\u0259sis\u00e7isidir.  Qubadl\u0131 Rayon \u0130cra Hakimiyy\u0259tinin m\u0259tbu orqan\u0131 \u201cB\u0259rg\u00fc\u015fad\u201d ictimai-siyasi q\u0259zetinin Ba\u015f redaktorudur.  \u201dQ\u0131z\u0131l q\u0259l\u0259m\u201d v\u0259 \u201cQ\u0131z\u0131l kitab\u201d m\u00fckafatlar\u0131 laureat\u0131, Az\u0259rbaycan\u0131n M\u0259d\u0259niyy\u0259t v\u0259 \u018fd\u0259biyyat Portal\u0131n\u0131n (edebiyyat-az.com) Qubadl\u0131 b\u00fcrosunun r\u0259hb\u0259ridir.<\/p>\n\n\n\n<p>2021-ci ild\u0259 Az\u0259rbaycan Jurnalistl\u0259r Birliyi Sumqay\u0131t \u015f\u0259h\u0259r t\u0259\u015fkilat\u0131 t\u0259r\u0259find\u0259n ger\u00e7\u0259kl\u0259\u015fdiril\u0259n\u00a0<strong>\u201cT\u00fcrkiy\u0259-Az\u0259rbaycan \u0259d\u0259bi-m\u0259d\u0259ni \u0259laq\u0259l\u0259rinin inki\u015faf\u0131na d\u0259st\u0259k\u201d layih\u0259si \u00e7\u0259r\u00e7iv\u0259sind\u0259<\/strong> \u015feirl\u0259ri Qarda\u015f T\u00fcrkiy\u0259 C\u00fcmhuriyy\u0259tind\u0259 f\u0259aliyy\u0259t g\u00f6st\u0259r\u0259n &#8220;Usare&#8221;, &#8220;Kardelen&#8221;, &#8220;Yarpuz&#8221; d\u0259rgil\u0259rind\u0259 i\u015f\u0131q \u00fcz\u00fc g\u00f6r\u00fcb.<\/p>\n\n\n\n<p>1 aprel 2021-ci il tarixind\u0259 Az\u0259rbaycan Jurnalistl\u0259r Birliyi Sumqay\u0131t \u015f\u0259h\u0259r t\u0259\u015fkilat\u0131 t\u0259r\u0259find\u0259n ger\u00e7\u0259kl\u0259\u015fdiril\u0259n\u00a0<strong>\u201c\u0130ran-Az\u0259rbaycan \u0259d\u0259bi-m\u0259d\u0259ni \u0259laq\u0259l\u0259rinin inki\u015faf\u0131na d\u0259st\u0259k\u201d layih\u0259si \u00e7\u0259r\u00e7iv\u0259sind\u0259<\/strong> <strong>\u201c\u015eu\u015fam!\u201d<\/strong>\u00a0\u015feiri \u0130ran \u0130slam Respublikas\u0131n\u0131n T\u0259briz \u015f\u0259h\u0259rind\u0259 f\u0259aliyy\u0259t g\u00f6st\u0259r\u0259n \u201c\u018fd\u0259bi K\u00f6rp\u00fc\u201d ayl\u0131q \u0259d\u0259biyyat d\u0259rgisinin 30-cu say\u0131nda Az\u0259rbaycan v\u0259 fars dill\u0259rind\u0259 d\u0259rc olunub.\u00a0<\/p>\n\n\n\n<p><\/p>\n","protected":false},"excerpt":{"rendered":"<p>Qafqaz \u018fV\u018fZO\u011eLU (D\u0259mirov Qafqaz \u018fv\u0259z o\u011flu) 1954-c\u00fc il aprel ay\u0131n\u0131n 1-d\u0259 Qubadl\u0131 rayonunda anadan olub. Az\u0259rbaycan Yaz\u0131\u00e7\u0131lar v\u0259 Jurnalistl\u0259r Birlikl\u0259rinin \u00fczv\u00fcd\u00fcr. S\u00fcleyman R\u0259himov ad\u0131na Qubadl\u0131 rayon \u0259d\u0259bi ictimai birliyinin s\u0259dridir. AJB \u015e\u0259rqi Z\u0259ng\u0259zur Jurnalistl\u0259r T\u0259\u015fkilat\u0131n\u0131n s\u0259dridir.\u00a0\u201dS\u00f6z\u00fcn Sehri\u201d q\u0259zetinin t\u0259sis\u00e7isidir. Qubadl\u0131 Rayon \u0130cra Hakimiyy\u0259tinin m\u0259tbu orqan\u0131 \u201cB\u0259rg\u00fc\u015fad\u201d ictimai-siyasi q\u0259zetinin Ba\u015f redaktorudur. \u201dQ\u0131z\u0131l q\u0259l\u0259m\u201d v\u0259 \u201cQ\u0131z\u0131l kitab\u201d [&hellip;]<\/p>\n","protected":false},"author":2,"featured_media":0,"comment_status":"open","ping_status":"open","sticky":false,"template":"","format":"standard","meta":{"footnotes":""},"categories":[4],"tags":[],"class_list":["post-43462","post","type-post","status-publish","format-standard","hentry","category-edeb"],"_links":{"self":[{"href":"https:\/\/edebiyyat-az.com\/index.php?rest_route=\/wp\/v2\/posts\/43462","targetHints":{"allow":["GET"]}}],"collection":[{"href":"https:\/\/edebiyyat-az.com\/index.php?rest_route=\/wp\/v2\/posts"}],"about":[{"href":"https:\/\/edebiyyat-az.com\/index.php?rest_route=\/wp\/v2\/types\/post"}],"author":[{"embeddable":true,"href":"https:\/\/edebiyyat-az.com\/index.php?rest_route=\/wp\/v2\/users\/2"}],"replies":[{"embeddable":true,"href":"https:\/\/edebiyyat-az.com\/index.php?rest_route=%2Fwp%2Fv2%2Fcomments&post=43462"}],"version-history":[{"count":5,"href":"https:\/\/edebiyyat-az.com\/index.php?rest_route=\/wp\/v2\/posts\/43462\/revisions"}],"predecessor-version":[{"id":43490,"href":"https:\/\/edebiyyat-az.com\/index.php?rest_route=\/wp\/v2\/posts\/43462\/revisions\/43490"}],"wp:attachment":[{"href":"https:\/\/edebiyyat-az.com\/index.php?rest_route=%2Fwp%2Fv2%2Fmedia&parent=43462"}],"wp:term":[{"taxonomy":"category","embeddable":true,"href":"https:\/\/edebiyyat-az.com\/index.php?rest_route=%2Fwp%2Fv2%2Fcategories&post=43462"},{"taxonomy":"post_tag","embeddable":true,"href":"https:\/\/edebiyyat-az.com\/index.php?rest_route=%2Fwp%2Fv2%2Ftags&post=43462"}],"curies":[{"name":"wp","href":"https:\/\/api.w.org\/{rel}","templated":true}]}}