{"id":43464,"date":"2022-12-30T10:15:00","date_gmt":"2022-12-30T06:15:00","guid":{"rendered":"http:\/\/edebiyyat-az.com\/?p=43464"},"modified":"2022-12-31T11:40:56","modified_gmt":"2022-12-31T07:40:56","slug":"az%c9%99rbaycanin-m%c9%99d%c9%99niyy%c9%99t-v%c9%99-%c9%99d%c9%99biyyat-portalinin-g%c9%99nc%c9%99-burosunun-r%c9%99hb%c9%99ri-x%c9%99yal%c9%99-sevil","status":"publish","type":"post","link":"https:\/\/edebiyyat-az.com\/?p=43464","title":{"rendered":"Az\u0259rbaycan\u0131n M\u0259d\u0259niyy\u0259t v\u0259 \u018fd\u0259biyyat Portal\u0131n\u0131n\u00a0G\u018fNC\u018f B\u00fcrosunun R\u0259hb\u0259ri X\u0259yal\u0259 SEV\u0130L"},"content":{"rendered":"\n<figure class=\"wp-block-image size-full\"><a href=\"http:\/\/edebiyyat-az.com\/wp-content\/uploads\/2022\/12\/xs.jpg\"><img decoding=\"async\" src=\"http:\/\/edebiyyat-az.com\/wp-content\/uploads\/2022\/12\/xs.jpg\" alt=\"\" class=\"wp-image-42840\"\/><\/a><\/figure>\n\n\n\n<p>X\u0259yal\u0259 SEV\u0130L (Abbasova X\u0259yal\u0259 Vaqif q\u0131z\u0131) 1985-ci ild\u0259 G\u0259nc\u0259 \u015f\u0259h\u0259rind\u0259 anadan olub. Az\u0259rbaycan D\u00f6vl\u0259t M\u00fc\u0259lliml\u0259r \u0130nstitunun &#8220;\u0130btidai t\u0259hsilin pedaqoqikas\u0131 v\u0259 metodikas\u0131&#8221; fak\u00fclt\u0259sini bitirib. Az\u0259rbaycan Respublikas\u0131 Prezidenti T\u0259qa\u00fcd fondunun t\u0259qa\u00fcd\u00e7\u00fcs\u00fcd\u00fcr. Az\u0259rbaycan\u0131n M\u0259d\u0259niyy\u0259t v\u0259 \u018fd\u0259biyyat Portal\u0131n\u0131n G\u018fNC\u018f B\u00fcrosunun R\u0259hb\u0259ridir. \u015eeirl\u0259ri d\u00f6vri m\u0259tbuat s\u0259hif\u0259l\u0259rind\u0259 m\u00fcnt\u0259z\u0259m olaraq d\u0259rc olunur. Az\u0259rbaycan Yaz\u0131\u00e7\u0131lar Birliyinin v\u0259 &#8220;G\u0259nc \u018fdibl\u0259r M\u0259kt\u0259bi&#8221;nin \u00fczv\u00fcd\u00fcr. D\u00fcnya T\u00fcrk G\u0259nc Yazarlar Birliyinin \u0130dar\u0259 hey\u0259tinin \u00fczv\u00fcd\u00fcr. Ail\u0259lidir, iki \u00f6vlad\u0131 var.<\/p>\n","protected":false},"excerpt":{"rendered":"<p>X\u0259yal\u0259 SEV\u0130L (Abbasova X\u0259yal\u0259 Vaqif q\u0131z\u0131) 1985-ci ild\u0259 G\u0259nc\u0259 \u015f\u0259h\u0259rind\u0259 anadan olub. Az\u0259rbaycan D\u00f6vl\u0259t M\u00fc\u0259lliml\u0259r \u0130nstitunun &#8220;\u0130btidai t\u0259hsilin pedaqoqikas\u0131 v\u0259 metodikas\u0131&#8221; fak\u00fclt\u0259sini bitirib. Az\u0259rbaycan Respublikas\u0131 Prezidenti T\u0259qa\u00fcd fondunun t\u0259qa\u00fcd\u00e7\u00fcs\u00fcd\u00fcr. Az\u0259rbaycan\u0131n M\u0259d\u0259niyy\u0259t v\u0259 \u018fd\u0259biyyat Portal\u0131n\u0131n G\u018fNC\u018f B\u00fcrosunun R\u0259hb\u0259ridir. \u015eeirl\u0259ri d\u00f6vri m\u0259tbuat s\u0259hif\u0259l\u0259rind\u0259 m\u00fcnt\u0259z\u0259m olaraq d\u0259rc olunur. Az\u0259rbaycan Yaz\u0131\u00e7\u0131lar Birliyinin v\u0259 &#8220;G\u0259nc \u018fdibl\u0259r M\u0259kt\u0259bi&#8221;nin \u00fczv\u00fcd\u00fcr. D\u00fcnya T\u00fcrk [&hellip;]<\/p>\n","protected":false},"author":2,"featured_media":0,"comment_status":"open","ping_status":"open","sticky":false,"template":"","format":"standard","meta":{"footnotes":""},"categories":[4],"tags":[],"class_list":["post-43464","post","type-post","status-publish","format-standard","hentry","category-edeb"],"_links":{"self":[{"href":"https:\/\/edebiyyat-az.com\/index.php?rest_route=\/wp\/v2\/posts\/43464","targetHints":{"allow":["GET"]}}],"collection":[{"href":"https:\/\/edebiyyat-az.com\/index.php?rest_route=\/wp\/v2\/posts"}],"about":[{"href":"https:\/\/edebiyyat-az.com\/index.php?rest_route=\/wp\/v2\/types\/post"}],"author":[{"embeddable":true,"href":"https:\/\/edebiyyat-az.com\/index.php?rest_route=\/wp\/v2\/users\/2"}],"replies":[{"embeddable":true,"href":"https:\/\/edebiyyat-az.com\/index.php?rest_route=%2Fwp%2Fv2%2Fcomments&post=43464"}],"version-history":[{"count":5,"href":"https:\/\/edebiyyat-az.com\/index.php?rest_route=\/wp\/v2\/posts\/43464\/revisions"}],"predecessor-version":[{"id":43561,"href":"https:\/\/edebiyyat-az.com\/index.php?rest_route=\/wp\/v2\/posts\/43464\/revisions\/43561"}],"wp:attachment":[{"href":"https:\/\/edebiyyat-az.com\/index.php?rest_route=%2Fwp%2Fv2%2Fmedia&parent=43464"}],"wp:term":[{"taxonomy":"category","embeddable":true,"href":"https:\/\/edebiyyat-az.com\/index.php?rest_route=%2Fwp%2Fv2%2Fcategories&post=43464"},{"taxonomy":"post_tag","embeddable":true,"href":"https:\/\/edebiyyat-az.com\/index.php?rest_route=%2Fwp%2Fv2%2Ftags&post=43464"}],"curies":[{"name":"wp","href":"https:\/\/api.w.org\/{rel}","templated":true}]}}